{"id":490660,"date":"2025-10-26T07:12:12","date_gmt":"2025-10-26T07:12:12","guid":{"rendered":"https:\/\/www.europesays.com\/fr\/490660\/"},"modified":"2025-10-26T07:12:12","modified_gmt":"2025-10-26T07:12:12","slug":"on-ne-peut-pas-tout-laisser-pousser","status":"publish","type":"post","link":"https:\/\/www.europesays.com\/fr\/490660\/","title":{"rendered":"On ne peut pas tout laisser pousser"},"content":{"rendered":"<p>            Par<br \/>\n        <strong><br \/>\n            <a href=\"https:\/\/actu.fr\/auteur\/theo-zuili\" title=\"Consulter tous les articles de Th\u00e9o Zuili\" rel=\"nofollow noopener\" target=\"_blank\">Th\u00e9o Zuili<\/a><br \/>\n        <\/strong><\/p>\n<p>        Publi\u00e9 le<\/p>\n<p>            26 oct. 2025 \u00e0 7h10        <\/p>\n<p>Deux mois apr\u00e8s la pol\u00e9mique qui l\u2019avait oppos\u00e9 \u00e0 des \u00e9lus \u00e9cologistes \u00e0 <a href=\"https:\/\/actu.fr\/auvergne-rhone-alpes\/lyon_69123\" rel=\"nofollow noopener\" target=\"_blank\">Lyon<\/a>, <strong>Robin Gervais<\/strong> est toujours sur le terrain. Jeudi 17 octobre, le paysagiste s\u2019est attaqu\u00e9 \u00e0 une haie \u00e0 l\u2019appel d\u2019une habitante du 9\u1d49 arrondissement. Nous l\u2019avons suivi lors de cette op\u00e9ration de d\u00e9broussaillage <strong>b\u00e9n\u00e9vole<\/strong> qu\u2019il voit comme \u00ab\u00a0un geste citoyen\u00a0\u00bb.<\/p>\n<p>Un trottoir envahi par la v\u00e9g\u00e9tation<\/p>\n<p class=\" wall-content\">Ce trottoir du 9\u1d49 arrondissement est envahi par une haie, qui d\u00e9passe d\u2019un grillage s\u00e9parant l\u2019espace public des voies SNCF. Sur place, la moiti\u00e9 du trottoir dispara\u00eet dans la v\u00e9g\u00e9tation tandis que des travaux bloquent l\u2019acc\u00e8s aux pi\u00e9tons en face.<\/p>\n<blockquote class=\"ac-article-quote wall-content\">\n<p>J&rsquo;imagine qu&rsquo;en entretenant un tout petit peu, les gens pourront passer sans s&rsquo;accrocher les v\u00eatements et ce sera beaucoup plus simple pour les personnes \u00e0 mobilit\u00e9 r\u00e9duite.<\/p>\n<p>    <strong>Robin Gervais<\/strong>\n            <\/p><\/blockquote>\n<p class=\" wall-content\">Le plan du jour : nettoyage et taille pour permettre \u00e0 tous de circuler \u00e0 nouveau sur l\u2019ensemble du trottoir envahi.<\/p>\n<p>Une \u00ab\u00a0belle initiative\u00a0\u00bb ?<\/p>\n<p class=\" wall-content\">Avec son taille-haie, Robin d\u00e9compte d\u00e9sormais huit op\u00e9rations comme celle-ci \u00e0 son actif. Chacune <strong>accompagn\u00e9e d\u2019une vid\u00e9o<\/strong>. \u00ab\u00a0J\u2019en ai beaucoup fait en \u00e9t\u00e9, \u00e7a a beaucoup pris.\u00a0\u00bb Une jolie pub pour le paysagiste qui a fait le buzz et a vu son nombre de clients exploser.<\/p>\n<p class=\" wall-content\"><a href=\"https:\/\/www.instagram.com\/p\/DOLfVl6CAjE\/embed\" title=\"Ouvrir le lien sur Instagram\" rel=\"nofollow noopener\" target=\"_blank\">Visualiser le contenu sur Instagram<\/a><\/p>\n<p class=\" wall-content\">Son sac-poubelle se remplit encore ce jeudi : du plastique, des canettes, des bonbonnes d\u2019azote, d\u00e9bris de verre\u2026 \u00ab\u00a0\u00c7a <strong>devient vraiment un d\u00e9potoir<\/strong>, et vu qu\u2019on ne voit pas, \u00e7a peut rester tr\u00e8s longtemps.\u00a0\u00bb<\/p>\n<p class=\" wall-content\">Aim\u00e9e, habitante du quartier, y voit \u00ab\u00a0une belle initiative\u00a0\u00bb : \u00ab\u00a0Avec <a href=\"https:\/\/actu.fr\/auvergne-rhone-alpes\/lyon_69123\/lyon-un-pic-de-travaux-debute-voici-ou-les-nouveaux-chantiers-compliquent-la-circulation_62876235.html\" rel=\"nofollow noopener\" target=\"_blank\">tous ces travaux<\/a> dans la ville, il faut que la chauss\u00e9e soit bien \u00e9largie, car <strong>sinon on ne peut m\u00eame plus passer<\/strong>. Tout est \u00e0 valoriser.\u00a0\u00bb M\u00eame constat pour Claude, passante r\u00e9guli\u00e8re.<\/p>\n<p>Votre r\u00e9gion, votre actu !<\/p>\n<p>Recevez chaque jour les infos qui comptent pour vous.<\/p>\n<p>\t<a href=\"https:\/\/actu.fr\/newsletter\" class=\"ac-btn ac-btn--corner ac-btn--medium ac-btn--blue800\" rel=\"nofollow noopener\" target=\"_blank\">S&rsquo;incrire<\/a><br \/>\nUn acte de \u00ab\u00a0vandalisme\u00a0\u00bb ?<\/p>\n<p class=\" wall-content\">Pourtant, cet \u00e9t\u00e9, Robin Gervais avait \u00e9t\u00e9 accus\u00e9 de \u00ab\u00a0vandalisme\u00a0\u00bb par un \u00e9lu \u00e9cologiste du 9\u1d49 arrondissement. Ses d\u00e9broussaillages sans autorisation lui ont enfin valu <a href=\"https:\/\/actu.fr\/auvergne-rhone-alpes\/lyon_69123\/lyon-polemique-du-paysagiste-qui-entretient-les-espaces-abandonnes-la-metropole-le-recadre_63067242.html\" rel=\"nofollow noopener\" target=\"_blank\">un recadrage de Pierre Athanaze<\/a>, vice-pr\u00e9sident de la <a href=\"https:\/\/actu.fr\/tag\/grand-lyon\" rel=\"nofollow noopener\" target=\"_blank\">M\u00e9tropole de Lyon<\/a> d\u00e9l\u00e9gu\u00e9 \u00e0 l\u2019environnement, qualifiant cela de \u00ab\u00a0limite criminel\u00a0\u00bb.<\/p>\n<p class=\" wall-content\">\u00ab\u00a0Les nostalgiques des rues sans un brin d\u2019herbe ne peuvent garder que la nostalgie. Il nous faut apprendre \u00e0 g\u00e9rer \u00e7a comme une opportunit\u00e9 en ayant des fleurs et des herbes de r\u00e9duire la chaleur au sol. Cela va permettre \u00e9galement \u00e0 la biodiversit\u00e9, aux abeilles, aux papillons de vivre et de trouver de quoi manger et se reproduire\u00a0\u00bb, avait-il r\u00e9agi sur BFM Lyon.<\/p>\n<p class=\" wall-content\">Le paysagiste d\u00e9plore \u00ab\u00a0un manque d\u2019\u00e9ducation\u00a0\u00bb sur le sujet, estimant que la biodiversit\u00e9 n\u2019est <strong>pas agress\u00e9e<\/strong> par cette taille qui ne s\u2019\u00e9tend pas au-del\u00e0 du trottoir.<\/p>\n<p>Une r\u00e9ponse \u00e0 la pol\u00e9mique<\/p>\n<p class=\" wall-content\">Robin affirme qu\u2019il ne s\u2019attendait pas \u00e0 ce que son geste fasse pol\u00e9mique. Cet \u00e9t\u00e9, le paysagiste avait fait le tour des m\u00e9dias pour se d\u00e9fendre apr\u00e8s les vives critiques. \u00ab\u00a0C\u2019est<strong> trop fort de me traiter de criminel<\/strong> ou de vandale. On est sur l\u2019espace public.\u00a0\u00bb<\/p>\n<p>    <img   decoding=\"async\" loading=\"lazy\" src=\"https:\/\/www.europesays.com\/fr\/wp-content\/uploads\/2025\/10\/robin-gervais-lyon-paysagiste-960x640.jpg\" alt=\"Attaqu\u00e9 par la M\u00e9tropole, Robin Gervais estime ne pas nuire \u00e0 l'environnement et persiste.\" width=\"960\" height=\"640\"\/><br \/>\n    Attaqu\u00e9 par la M\u00e9tropole, Robin Gervais estime ne pas nuire \u00e0 l\u2019environnement et persiste. (\u00a9Th\u00e9o Zuili \/ actu Lyon)<\/p>\n<p class=\" wall-content\">L\u2019affaire avait pris une ampleur politique. \u00ab\u00a0L\u2019id\u00e9e, ce n\u2019est vraiment pas de \u2018faire propre\u2019 comme on a pu le dire. Dans la ville, il y a des endroits laiss\u00e9s expr\u00e8s pour que la v\u00e9g\u00e9tation pousse librement. Je ne pense pas que les trottoirs soient un endroit o\u00f9 la v\u00e9g\u00e9tation doit prendre le pas sur les passants. <strong>On ne peut pas tout laisser pousser.<\/strong> Il faut apporter de la nuance.\u00a0\u00bb<\/p>\n<p class=\" wall-content\">Malgr\u00e9 tout, il est de retour sur le terrain. \u00ab\u00a0Ce n\u2019est pas une provocation. C\u2019\u00e9tait vraiment pour trouver un moyen d\u2019aider dans la ville. Y\u2019a assez de mauvaises nouvelles tous les jours, si on peut un peu s\u2019occuper de l\u2019espace public juste pour rendre la ville plus agr\u00e9able pour tout le monde sans attendre que quelqu\u2019un d\u2019autre fasse le boulot\u2026\u00a0\u00bb<\/p>\n<p class=\" wall-content\">Pas question de s\u2019attaquer aux massifs entretenus par la ville, \u00ab\u00a0ou laiss\u00e9s sauvages par choix philosophique\u00a0\u00bb : le <a href=\"https:\/\/actu.fr\/tag\/parc-de-la-tete-d-or\" rel=\"nofollow noopener\" target=\"_blank\">parc de la T\u00eate d\u2019Or<\/a> n\u2019est <strong>pas dans le viseur<\/strong>. \u00ab\u00a0C\u2019est vraiment le passage, s\u2019il y a des d\u00e9tritus. \u00ab\u00a0Entretenir un endroit, c\u2019est aussi le respecter.\u00a0\u00bb<\/p>\n<p>Un nouveau concept<\/p>\n<p class=\" wall-content\">Pour Robin, ce retour sur le terrain est aussi un nouveau moyen de faire parler de lui et de sa passion. L\u2019entrepreneur-paysagiste ne se voit pas passer sa vie \u00e0 sillonner la ville pour raser chaque trottoir : \u00ab\u00a0\u00c7a faisait longtemps que je pensais \u00e0 <strong>lancer un podcast<\/strong> pour \u00e9duquer le grand public \u00e0 tous ces sujets-l\u00e0. Je veux aller plus dans la nuance et la profondeur.\u00a0\u00bb<\/p>\n<p class=\" wall-content\">Le nouveau podcast baptis\u00e9 Les gens du paysage a \u00e9t\u00e9 <a href=\"https:\/\/actu.fr\/auvergne-rhone-alpes\/lyon_69123\/lyon-robin-le-jardinier-qui-agace-les-ecologistes-prepare-un-coup-avec-jean-michel-aulas_63199818.html\" rel=\"nofollow noopener\" target=\"_blank\">lanc\u00e9 en grandes pompes avec Jean-Michel Aulas<\/a> comme premier invit\u00e9, dont il avait re\u00e7u le soutien dans la pol\u00e9mique. Les invit\u00e9s s\u2019\u00e9loignent ensuite de la politique avec Thibault Ancelmet, champion du monde de ski, Emmanuel Mony, ancien patron de Terre id\u00e9ale, et Marie de Conihout, entrepreneuse.<\/p>\n<p class=\" wall-content\">Personnalisez votre actualit\u00e9 en ajoutant vos villes et m\u00e9dias en favori avec <a href=\"https:\/\/moncompte.actu.fr\" title=\"D\u00e9couvez Mon Actu\" rel=\"nofollow noopener\" data-trk=\"{&quot;cta&quot;:{&quot;action&quot;:&quot;https:\\\/\\\/moncompte.actu.fr&quot;,&quot;category&quot;:&quot;mon compte&quot;,&quot;from&quot;:&quot;article footer&quot;,&quot;name&quot;:&quot;Mon actu&quot;,&quot;type&quot;:&quot;cta&quot;}}\" target=\"_blank\">Mon Actu<\/a>.<\/p>\n<p>                    <script async src=\"\/\/www.instagram.com\/embed.js\"><\/script><\/p>\n","protected":false},"excerpt":{"rendered":"Par Th\u00e9o Zuili Publi\u00e9 le 26 oct. 2025 \u00e0 7h10 Deux mois apr\u00e8s la pol\u00e9mique qui l\u2019avait oppos\u00e9&hellip;\n","protected":false},"author":2,"featured_media":490661,"comment_status":"","ping_status":"","sticky":false,"template":"","format":"standard","meta":{"footnotes":""},"categories":[1889],"tags":[1111,11,327,2430,1777,674,1011,27,2428,12,25,938,104],"class_list":{"0":"post-490660","1":"post","2":"type-post","3":"status-publish","4":"format-standard","5":"has-post-thumbnail","7":"category-lyon","8":"tag-actu","9":"tag-actualites","10":"tag-agriculture","11":"tag-auvergne-rhone-alpes","12":"tag-eu","13":"tag-europe","14":"tag-fr","15":"tag-france","16":"tag-lyon","17":"tag-news","18":"tag-republique-francaise","19":"tag-reseaux-sociaux","20":"tag-societe"},"share_on_mastodon":{"url":"https:\/\/pubeurope.com\/@fr\/115439229255330266","error":""},"_links":{"self":[{"href":"https:\/\/www.europesays.com\/fr\/wp-json\/wp\/v2\/posts\/490660","targetHints":{"allow":["GET"]}}],"collection":[{"href":"https:\/\/www.europesays.com\/fr\/wp-json\/wp\/v2\/posts"}],"about":[{"href":"https:\/\/www.europesays.com\/fr\/wp-json\/wp\/v2\/types\/post"}],"author":[{"embeddable":true,"href":"https:\/\/www.europesays.com\/fr\/wp-json\/wp\/v2\/users\/2"}],"replies":[{"embeddable":true,"href":"https:\/\/www.europesays.com\/fr\/wp-json\/wp\/v2\/comments?post=490660"}],"version-history":[{"count":0,"href":"https:\/\/www.europesays.com\/fr\/wp-json\/wp\/v2\/posts\/490660\/revisions"}],"wp:featuredmedia":[{"embeddable":true,"href":"https:\/\/www.europesays.com\/fr\/wp-json\/wp\/v2\/media\/490661"}],"wp:attachment":[{"href":"https:\/\/www.europesays.com\/fr\/wp-json\/wp\/v2\/media?parent=490660"}],"wp:term":[{"taxonomy":"category","embeddable":true,"href":"https:\/\/www.europesays.com\/fr\/wp-json\/wp\/v2\/categories?post=490660"},{"taxonomy":"post_tag","embeddable":true,"href":"https:\/\/www.europesays.com\/fr\/wp-json\/wp\/v2\/tags?post=490660"}],"curies":[{"name":"wp","href":"https:\/\/api.w.org\/{rel}","templated":true}]}}