{"id":490662,"date":"2025-10-26T07:13:13","date_gmt":"2025-10-26T07:13:13","guid":{"rendered":"https:\/\/www.europesays.com\/fr\/490662\/"},"modified":"2025-10-26T07:13:13","modified_gmt":"2025-10-26T07:13:13","slug":"redonner-du-choix-a-ceux-qui-ne-boivent-pas","status":"publish","type":"post","link":"https:\/\/www.europesays.com\/fr\/490662\/","title":{"rendered":"Redonner du choix \u00e0 ceux qui ne boivent pas"},"content":{"rendered":"<p>            Par<br \/>\n        <strong><br \/>\n            <a href=\"https:\/\/actu.fr\/auteur\/ludivine-caporal\" title=\"Consulter tous les articles de Ludivine Caporal\" target=\"_blank\" rel=\"noopener\">Ludivine Caporal<\/a><br \/>\n        <\/strong><\/p>\n<p>        Publi\u00e9 le<\/p>\n<p>            26 oct. 2025 \u00e0 7h10        <\/p>\n<p>\u00ab\u2009Je sais que c\u2019est assez clivant. \u00c7a vient bousculer les codes et les gens sur leur propre consommation\u2009\u00bb, glisse Rudy. S\u2019il anticipe d\u00e9j\u00e0 les critiques, cet ancien barman n\u2019a pas renonc\u00e9 \u00e0 son r\u00eave pour autant. En d\u00e9cembre, il ouvrira le tout premier bar sans alcool de <a href=\"https:\/\/actu.fr\/auvergne-rhone-alpes\/lyon_69123\" target=\"_blank\" rel=\"noopener\">Lyon<\/a> au <strong>4 rue Romarin<\/strong>, dans les pentes de la <a href=\"https:\/\/actu.fr\/tag\/croix-rousse\" target=\"_blank\" rel=\"noopener\">Croix-Rousse,<\/a> baptis\u00e9 <strong>\u00ab\u2009Deuxi\u00e8me verre\u2009\u00bb.<br \/><\/strong>Ses ambitions\u2009: \u00ab\u2009redonner du choix \u00e0 tous ceux qui se sont contraints pour suivre la norme\u2009\u00bb et faire en sorte, surtout, que \u00ab\u2009les personnes qui ne boivent pas se sentent enfin libres\u2009\u00bb.<\/p>\n<p>Bar mais aussi petite cave<\/p>\n<p class=\" wall-content\">Pour r\u00e9aliser ce projet in\u00e9dit, dont le concept existe principalement en Am\u00e9rique du Nord, c\u2019est le local de 80\u00a0m2 d\u2019une ancienne pizzeria que Rudy a choisi.<\/p>\n<p class=\" wall-content\">Actuellement en travaux, le lieu accueillera \u00e0 la fois un espace bar mais aussi une petite cave, pour ceux qui ne voudraient pas repartir les mains vides.<\/p>\n<p>La sp\u00e9cialit\u00e9 de Rudy\u2009: les cocktails<\/p>\n<p class=\" wall-content\">Bi\u00e8res pression ou bouteilles, vins, boissons \u00ab\u2009gastronomiques\u2009\u00bb, softs\u2026 De nombreuses options seront \u00e0 la carte aux c\u00f4t\u00e9s de la petite sp\u00e9cialit\u00e9 de l\u2019ancien barman\u2009: les cocktails cr\u00e9ations, qu\u2019il sera ravi de conseiller et de r\u00e9aliser selon les envies des clients.<\/p>\n<p class=\" wall-content\">\u00ab\u2009D\u2019ailleurs pour les bi\u00e8res et les vins on aura autant <strong>du v\u00e9ritable 0\u2009%<\/strong> pour ceux qui le souhaitent que du 0,2\/0,3\u2009% etc. pour ceux qui veulent (ou peuvent) se tourner vers des boissons moins industrielles, le 0\u2009% \u00e9tant encore principalement fabriqu\u00e9 par des grosses productions car tr\u00e8s cher \u00e0 r\u00e9aliser\u2009\u00bb, explique-t-il.<\/p>\n<p class=\" wall-content\">Dans tous les cas, l\u2019ensemble des breuvages propos\u00e9s chez \u00ab\u2009Deuxi\u00e8me verre\u2009\u00bb resteront largement en dessous du taux l\u00e9gal \u00e0 partir duquel une boisson est qualifi\u00e9e d\u2019alcoolis\u00e9e, celui-ci \u00e9tant fix\u00e9 \u00e0 1,2\u2009%.<\/p>\n<p>Votre r\u00e9gion, votre actu !<\/p>\n<p>Recevez chaque jour les infos qui comptent pour vous.<\/p>\n<p>\t<a href=\"https:\/\/actu.fr\/newsletter\" class=\"ac-btn ac-btn--corner ac-btn--medium ac-btn--blue800\" target=\"_blank\" rel=\"noopener\">S&rsquo;incrire<\/a><br \/>\n\u00ab\u2009Je veux qu\u2019on fasse la f\u00eate\u2009\u00bb<\/p>\n<p class=\" wall-content\">\u00ab\u2009Au-del\u00e0 du sans alcool, c\u2019est un endroit o\u00f9 je veux qu\u2019on fasse la f\u00eate, o\u00f9 je veux organiser des \u00e9v\u00e9nements comme des concerts ou du stand-up\u2026 J\u2019aimerais que les gens arrivent \u00e0 passer une bonne soir\u00e9e, \u00e0 rencontrer du monde et pourquoi pas \u00e0 danser un peu en oubliant que ce qu\u2019ils boivent est sans alcool. Je pense m\u00eame que \u00e7a peut permettre de cr\u00e9er plus de liens\u2009\u00bb, se projette Rudy.<\/p>\n<p class=\" wall-content\">Tel un bar classique, son \u00e9tablissement sera ouvert <strong>du mercredi au dimanche<\/strong>, de la fin de journ\u00e9e \u00e0 la fin de soir\u00e9e. Mais contrairement \u00e0 ces lieux o\u00f9 les enfants sont g\u00e9n\u00e9ralement exclus, ils seront, chez \u00ab\u2009Deuxi\u00e8me verre\u2009\u00bb, <strong>les bienvenus<\/strong> et pourront m\u00eame retrouver des boissons sp\u00e9cialement pens\u00e9es pour eux\u2026<\/p>\n<p class=\" wall-content\">Personnalisez votre actualit\u00e9 en ajoutant vos villes et m\u00e9dias en favori avec <a href=\"https:\/\/moncompte.actu.fr\" title=\"D\u00e9couvez Mon Actu\" rel=\"nofollow noopener\" data-trk=\"{&quot;cta&quot;:{&quot;action&quot;:&quot;https:\\\/\\\/moncompte.actu.fr&quot;,&quot;category&quot;:&quot;mon compte&quot;,&quot;from&quot;:&quot;article footer&quot;,&quot;name&quot;:&quot;Mon actu&quot;,&quot;type&quot;:&quot;cta&quot;}}\" target=\"_blank\">Mon Actu<\/a>.<\/p>\n","protected":false},"excerpt":{"rendered":"Par Ludivine Caporal Publi\u00e9 le 26 oct. 2025 \u00e0 7h10 \u00ab\u2009Je sais que c\u2019est assez clivant. \u00c7a vient&hellip;\n","protected":false},"author":2,"featured_media":490663,"comment_status":"","ping_status":"","sticky":false,"template":"","format":"standard","meta":{"footnotes":""},"categories":[1889],"tags":[1111,11,5702,2430,2838,1777,674,1011,27,2428,12,25,104],"class_list":{"0":"post-490662","1":"post","2":"type-post","3":"status-publish","4":"format-standard","5":"has-post-thumbnail","7":"category-lyon","8":"tag-actu","9":"tag-actualites","10":"tag-alcool","11":"tag-auvergne-rhone-alpes","12":"tag-croix-rousse","13":"tag-eu","14":"tag-europe","15":"tag-fr","16":"tag-france","17":"tag-lyon","18":"tag-news","19":"tag-republique-francaise","20":"tag-societe"},"share_on_mastodon":{"url":"https:\/\/pubeurope.com\/@fr\/115439232793084527","error":""},"_links":{"self":[{"href":"https:\/\/www.europesays.com\/fr\/wp-json\/wp\/v2\/posts\/490662","targetHints":{"allow":["GET"]}}],"collection":[{"href":"https:\/\/www.europesays.com\/fr\/wp-json\/wp\/v2\/posts"}],"about":[{"href":"https:\/\/www.europesays.com\/fr\/wp-json\/wp\/v2\/types\/post"}],"author":[{"embeddable":true,"href":"https:\/\/www.europesays.com\/fr\/wp-json\/wp\/v2\/users\/2"}],"replies":[{"embeddable":true,"href":"https:\/\/www.europesays.com\/fr\/wp-json\/wp\/v2\/comments?post=490662"}],"version-history":[{"count":0,"href":"https:\/\/www.europesays.com\/fr\/wp-json\/wp\/v2\/posts\/490662\/revisions"}],"wp:featuredmedia":[{"embeddable":true,"href":"https:\/\/www.europesays.com\/fr\/wp-json\/wp\/v2\/media\/490663"}],"wp:attachment":[{"href":"https:\/\/www.europesays.com\/fr\/wp-json\/wp\/v2\/media?parent=490662"}],"wp:term":[{"taxonomy":"category","embeddable":true,"href":"https:\/\/www.europesays.com\/fr\/wp-json\/wp\/v2\/categories?post=490662"},{"taxonomy":"post_tag","embeddable":true,"href":"https:\/\/www.europesays.com\/fr\/wp-json\/wp\/v2\/tags?post=490662"}],"curies":[{"name":"wp","href":"https:\/\/api.w.org\/{rel}","templated":true}]}}