{"id":490670,"date":"2025-10-26T07:18:09","date_gmt":"2025-10-26T07:18:09","guid":{"rendered":"https:\/\/www.europesays.com\/fr\/490670\/"},"modified":"2025-10-26T07:18:09","modified_gmt":"2025-10-26T07:18:09","slug":"dans-les-egouts-de-paris-ces-travailleurs-de-lombre-sont-indispensables-a-la-ville-lumiere","status":"publish","type":"post","link":"https:\/\/www.europesays.com\/fr\/490670\/","title":{"rendered":"Dans les \u00e9gouts de Paris, ces travailleurs \u00ab\u00a0de l&rsquo;ombre\u00a0\u00bb sont indispensables \u00e0 la ville lumi\u00e8re"},"content":{"rendered":"<p>            Par<br \/>\n        <strong><br \/>\n            <a href=\"https:\/\/actu.fr\/auteur\/thomas-martin\" title=\"Consulter tous les articles de Thomas Martin\" target=\"_blank\" rel=\"noopener\">Thomas Martin<\/a><br \/>\n        <\/strong><\/p>\n<p>        Publi\u00e9 le<\/p>\n<p>            26 oct. 2025 \u00e0 6h50        <\/p>\n<p>La bouche d\u2019\u00e9gout s\u2019ouvre et Roland Bourgade, 59 ans, s\u2019engouffre plusieurs m\u00e8tres sous la ville de Paris, prot\u00e9g\u00e9 de la t\u00eate au pied, dans une chor\u00e9graphie bien rod\u00e9e o\u00f9 s\u00e9curit\u00e9 rime avec travail d\u2019\u00e9quipe. Chaque jour de la semaine, les \u00e9goutiers de la capitale fran\u00e7aise \u00e9cument les quelque <strong>2 600 kilom\u00e8tres de galerie<\/strong> pour nettoyer, entretenir et r\u00e9parer ce canal d\u2019assainissement d\u00e9velopp\u00e9 \u00e0 l\u2019\u00e9poque du baron Haussmann, au XIXe si\u00e8cle. Un r\u00e9seau indispensable pour \u00e9vacuer les eaux us\u00e9s et l\u2019eau de pluie, \u00e9viter la propagation des <a href=\"https:\/\/actu.fr\/tag\/maladie\" target=\"_blank\" rel=\"noopener\">maladies<\/a> et les mauvaises odeurs.<\/p>\n<p>\u00ab\u00a0La s\u00e9curit\u00e9 est primordiale\u00a0\u00bb<\/p>\n<p class=\" wall-content\">Ce matin d\u2019octobre, quatre hommes enfilent une combinaison blanche, des bottes vertes, des gants, un casque bleu et un masque ventil\u00e9 au pied d\u2019un immeuble en construction.<br \/>\u00ab\u00a0J\u2019ai un d\u00e9tecteur de gaz qui d\u00e9tecte tout gaz toxique en \u00e9gout\u00a0\u00bb, explique Donatien Lacoste, 45 ans, assurant, avec le temps, avoir vu l\u2019am\u00e9lioration des \u00e9quipements. Il y a 15 ans, cet ancien \u00ab\u00a0ripeur\u00a0\u00bb \u2013 \u00e9boueur derri\u00e8re un camion poubelle \u2013 est devenu \u00e9goutier notamment pour d\u00e9couvrir \u00ab\u00a0un lieu myst\u00e9rieux\u00a0\u00bb, que \u00ab\u00a0personne ne conna\u00eet\u00a0\u00bb.<\/p>\n<p class=\" wall-content\">L\u2019organisation est millim\u00e9tr\u00e9e : un \u00e9goutier reste \u00e0 la surface et accroche le harnais de ceux qui descendent \u00e0 l\u2019\u00e9chelle. \u00ab\u00a0La s\u00e9curit\u00e9 est primordiale\u00a0\u00bb, rappelle le chef de l\u2019unit\u00e9, Roland Bourgade, qui a \u00ab\u00a0appris \u00e0 aimer ce m\u00e9tier\u00a0\u00bb, au \u00ab\u00a0r\u00e9sultat\u00a0\u00bb visible.<\/p>\n<p class=\" wall-content\">Quand \u00ab\u00a0on demande aux clients une semaine apr\u00e8s \u2018est-ce qu\u2019il y a toujours ces odeurs qui existent\u2019, g\u00e9n\u00e9ralement ils sont satisfaits de l\u2019activit\u00e9 que nous faisons\u00a0\u00bb, raconte cet ancien comptable, \u00e9goutier depuis 14 ans. La mission du jour : prendre des mesures sous terre en vue de travaux.\u00a0<\/p>\n<p>\u00a0\u00ab\u00a0Milieu tr\u00e8s dangereux\u00a0\u00bb\u00a0<\/p>\n<p class=\" wall-content\">Arriv\u00e9 en bas, Roland Bourgade constate d\u2019abord \u00ab\u00a0beaucoup d\u2019eau sur les banquettes\u00a0\u00bb, les trottoirs des \u00e9gouts. Apr\u00e8s \u00e9valuation, quatre hommes descendent quand deux autres, les \u00ab\u00a0gardes orifices\u00a0\u00bb, restent \u00e0 la surface.<\/p>\n<p class=\" wall-content\">Sous terre, les lampes frontales \u00e9clairent un espace exigu, o\u00f9 l\u2019eau trouble atteint quelque 50 centim\u00e8tres de profondeur. Sur les murs, de grandes canalisations d\u2019eau potable et non potable c\u00f4toient des c\u00e2bles de fibre optique.<\/p>\n<p>Votre r\u00e9gion, votre actu !<\/p>\n<p>Recevez chaque jour les infos qui comptent pour vous.<\/p>\n<p>\t<a href=\"https:\/\/actu.fr\/newsletter\" class=\"ac-btn ac-btn--corner ac-btn--medium ac-btn--blue800\" target=\"_blank\" rel=\"noopener\">S&rsquo;incrire<\/a><\/p>\n<p class=\" wall-content\">\u00ab\u00a0L\u00e0 on est au num\u00e9ro 72, c\u2019est indiqu\u00e9 par une plaque\u00a0\u00bb, explique Donatien Lacoste, montrant un trou o\u00f9 atterrissent toutes les \u00ab\u00a0eaux us\u00e9es\u00a0\u00bb de l\u2019immeuble. Un autre prend des mesures \u00e0 l\u2019aide d\u2019un m\u00e8tre.\u00a0L\u2019exp\u00e9dition souterraine dure environ une heure. \u00ab\u00a0Journ\u00e9e plut\u00f4t cool\u00a0\u00bb, reconna\u00eet Donatien Lacoste, \u00ab\u00a0en temps normal, on descend entre 3 et 4 heures\u00a0\u00bb.<\/p>\n<p class=\" wall-content\">\u00ab\u00a0C\u2019est un milieu tr\u00e8s dangereux, donc il faut toujours avoir une l\u00e9g\u00e8re appr\u00e9hension\u00a0\u00bb, pr\u00e9vient-il, \u00e9voquant de nombreux \u00ab\u00a0risques\u00a0\u00bb comme les \u00ab\u00a0glissades\u00a0\u00bb, les \u00ab\u00a0chocs\u00a0\u00bb ou l\u2019intoxication au gaz.<\/p>\n<p class=\" wall-content\">\u00ab\u00a0Tous les deux ans, on est vaccin\u00e9 pour la leptospirose\u00a0\u00bb, poursuit-il, une maladie transmise principalement par les rats. Les \u00e9goutiers en voient tout comme des cafards. En 1984, un <a href=\"https:\/\/actu.fr\/ile-de-france\/paris_75056\/quand-un-crocodile-vivait-dans-les-egouts-de-paris_38438407.html\" target=\"_blank\" rel=\"noopener\">jeune crocodile<\/a> est d\u00e9couvert, \u00ab\u00a0en promenade\u00a0\u00bb selon une d\u00e9p\u00eache AFP de l\u2019\u00e9poque. Une histoire insolite qui se transmet dans le milieu.<\/p>\n<p>\u00ab\u00a0M\u00e9tier p\u00e9nible\u00a0\u00bb\u00a0<\/p>\n<p class=\" wall-content\">\u00a0Les qualit\u00e9s requises pour ce m\u00e9tier ? \u00ab\u00a0Ne pas \u00eatre claustrophobe\u00a0\u00bb, \u00ab\u00a0\u00eatre en pleine forme\u00a0\u00bb, \u00e9gr\u00e8ne Roland Bourgade, \u00e9voquant aussi une \u00ab\u00a0corporation o\u00f9 on doit \u00eatre soud\u00e9\u00a0\u00bb.<\/p>\n<p class=\" wall-content\">\u00ab\u00a0Nous travaillons dans un espace confin\u00e9, avec un m\u00e9tier p\u00e9nible, donc \u00e7a joue beaucoup sur le moral. D\u2019o\u00f9 l\u2019importance d\u2019avoir des coll\u00e8gues avec qui l\u2019ambiance est bonne\u00a0\u00bb, abonde Abdoul, 45 ans, \u00e9goutier depuis six ans.<\/p>\n<p class=\" wall-content\">Une p\u00e9nibilit\u00e9 qui leur permet g\u00e9n\u00e9ralement de faire valoir leur droit \u00e0 la retraite dix ans plus t\u00f4t que le reste de la population. Parmi les 260 \u00ab\u00a0\u00e9goutiers de <a href=\"https:\/\/actu.fr\/ile-de-france\/paris_75056\/pourquoi-surnomme-t-on-paris-paname_38242325.html\" target=\"_blank\" rel=\"noopener\">Paname<\/a>\u00a0\u00bb et chefs \u00e9goutiers, on ne compte que 13 femmes. Un \u00ab\u00a0d\u00e9s\u00e9quilibre historique\u00a0\u00bb, pointe Antoine Guillou, adjoint \u00e0 la maire de Paris en charge de la propret\u00e9, qui \u00ab\u00a0esp\u00e8re que \u00e7a va changer\u00a0\u00bb.<\/p>\n<p class=\" wall-content\">L\u2019\u00e9lu salue un m\u00e9tier indispensable pour \u00ab\u00a0pr\u00e9server la sant\u00e9 des Parisiennes et des Parisiens\u00a0\u00bb et l\u2019environnement, comme la d\u00e9pollution de la Seine. \u00ab\u00a0Sans nous, les odeurs remontent, les \u00e9gouts seraient bouch\u00e9s, donc tout remonterait \u00e0 la surface\u00a0\u00bb, confirme Donatien Lacoste.<\/p>\n<p class=\" wall-content\">Babacar Sarr, 32 ans, \u00e9goutier depuis bient\u00f4t six ans, parle d\u2019un \u00ab\u00a0travail de l\u2019ombre\u00a0\u00bb pas \u00ab\u00a0assez mis en valeur\u00a0\u00bb alors qu\u2019il \u00ab\u00a0contribue\u00a0\u00bb au bien-\u00eatre de la ville.<\/p>\n<p class=\" wall-content\">La ville dont l\u2019\u00e9gout est \u00ab\u00a0la conscience\u00a0\u00bb, \u00e9crivait l\u2019\u00e9crivain fran\u00e7ais Victor Hugo. \u00a0\u00a0\u00a0\u00a0\u00a0<\/p>\n<p class=\" wall-content\"><strong>AFP<\/strong><\/p>\n<p class=\" wall-content\">Personnalisez votre actualit\u00e9 en ajoutant vos villes et m\u00e9dias en favori avec <a href=\"https:\/\/moncompte.actu.fr\" title=\"D\u00e9couvez Mon Actu\" rel=\"nofollow noopener\" data-trk=\"{&quot;cta&quot;:{&quot;action&quot;:&quot;https:\\\/\\\/moncompte.actu.fr&quot;,&quot;category&quot;:&quot;mon compte&quot;,&quot;from&quot;:&quot;article footer&quot;,&quot;name&quot;:&quot;Mon actu&quot;,&quot;type&quot;:&quot;cta&quot;}}\" target=\"_blank\">Mon Actu<\/a>.<\/p>\n","protected":false},"excerpt":{"rendered":"Par Thomas Martin Publi\u00e9 le 26 oct. 2025 \u00e0 6h50 La bouche d\u2019\u00e9gout s\u2019ouvre et Roland Bourgade, 59&hellip;\n","protected":false},"author":2,"featured_media":490671,"comment_status":"","ping_status":"","sticky":false,"template":"","format":"standard","meta":{"footnotes":""},"categories":[1888],"tags":[11,1777,674,1011,27,5353,12,626,25,104],"class_list":{"0":"post-490670","1":"post","2":"type-post","3":"status-publish","4":"format-standard","5":"has-post-thumbnail","7":"category-paris","8":"tag-actualites","9":"tag-eu","10":"tag-europe","11":"tag-fr","12":"tag-france","13":"tag-la-seine","14":"tag-news","15":"tag-paris","16":"tag-republique-francaise","17":"tag-societe"},"share_on_mastodon":{"url":"https:\/\/pubeurope.com\/@fr\/115439252622842792","error":""},"_links":{"self":[{"href":"https:\/\/www.europesays.com\/fr\/wp-json\/wp\/v2\/posts\/490670","targetHints":{"allow":["GET"]}}],"collection":[{"href":"https:\/\/www.europesays.com\/fr\/wp-json\/wp\/v2\/posts"}],"about":[{"href":"https:\/\/www.europesays.com\/fr\/wp-json\/wp\/v2\/types\/post"}],"author":[{"embeddable":true,"href":"https:\/\/www.europesays.com\/fr\/wp-json\/wp\/v2\/users\/2"}],"replies":[{"embeddable":true,"href":"https:\/\/www.europesays.com\/fr\/wp-json\/wp\/v2\/comments?post=490670"}],"version-history":[{"count":0,"href":"https:\/\/www.europesays.com\/fr\/wp-json\/wp\/v2\/posts\/490670\/revisions"}],"wp:featuredmedia":[{"embeddable":true,"href":"https:\/\/www.europesays.com\/fr\/wp-json\/wp\/v2\/media\/490671"}],"wp:attachment":[{"href":"https:\/\/www.europesays.com\/fr\/wp-json\/wp\/v2\/media?parent=490670"}],"wp:term":[{"taxonomy":"category","embeddable":true,"href":"https:\/\/www.europesays.com\/fr\/wp-json\/wp\/v2\/categories?post=490670"},{"taxonomy":"post_tag","embeddable":true,"href":"https:\/\/www.europesays.com\/fr\/wp-json\/wp\/v2\/tags?post=490670"}],"curies":[{"name":"wp","href":"https:\/\/api.w.org\/{rel}","templated":true}]}}