{"id":490694,"date":"2025-10-26T07:30:22","date_gmt":"2025-10-26T07:30:22","guid":{"rendered":"https:\/\/www.europesays.com\/fr\/490694\/"},"modified":"2025-10-26T07:30:22","modified_gmt":"2025-10-26T07:30:22","slug":"perez-revient-de-loin-brennan-proche-de-lexploit","status":"publish","type":"post","link":"https:\/\/www.europesays.com\/fr\/490694\/","title":{"rendered":"Perez revient de loin, Brennan proche de l\u2019exploit"},"content":{"rendered":"<p>\t\t\t\t\t\t<img width=\"770\" height=\"554\" src=\"data:image\/svg+xml,%3Csvg%20xmlns=\" http:=\"\" class=\"img-responsive wp-post-image\" alt=\"Victor Perez Photo by Mike Mulholland \/ GETTY IMAGES NORTH AMERICA \/ Getty Images via AFP\" decoding=\"async\" fetchpriority=\"high\" data-lazy- data-lazy- data-lazy-src=\"https:\/\/www.europesays.com\/fr\/wp-content\/uploads\/2025\/10\/victor-perez-pga-tour-utah-bank-770x554.jpg\"\/>\t\t\t\t\t<\/p>\n<p>\t\t\t\t\t\t Partager cet article <\/p>\n<p class=\"screen-reader-text juiz_sps_maybe_hidden_text\">Partager la publication \u00ab\u00a0Perez revient de loin, Brennan proche de l\u2019exploit\u00a0\u00bb<\/p>\n<p><strong>Dans une journ\u00e9e de samedi marathon, o\u00f9 une partie de champ a du finit le deuxi\u00e8me tour avant de repartir pour le troisi\u00e8me dans la foul\u00e9e, le Fran\u00e7ais Victor Perez a parfaitement su se relancer. Les commandes n\u2019ont elles pas chang\u00e9 de mains et appartiennent toujours \u00e0 Michael Brennan en -17, deux coups devant la concurrence.<\/strong><\/p>\n<p>Il avait manqu\u00e9 de jus pour finir lors du premier jour de comp\u00e9tition dans le d\u00e9sert de l\u2019Utah, son deuxi\u00e8me jour, scind\u00e9 en deux, lui aura finalement totalement permis de se relancer. <strong>Victor Perez<\/strong> a pass\u00e9 le cut et s\u2019est relanc\u00e9 dans l\u2019<strong>Utah Bank Championship<\/strong> au terme d\u2019un samedi de golf long, mais surtout remarquablement men\u00e9.<\/p>\n<p>&#13;<br \/>\n<a href=\"https:\/\/www.pgatour.com\/leaderboard\" target=\"_blank\" rel=\"noopener nofollow\">Retrouvez le classement complet <\/a><\/p>\n<p>&#13;<br \/>\nUn samedi de folie<\/p>\n<p>Jeudi soir il terminait par un rageant finish bogey-double bogey pour jouer un d\u00e9cevant -2. Vendredi soir, dos au mur, et \u00e0 3 coups du cut provisoire, le Fran\u00e7ais voyait sa partie interrompue par l\u2019obscurit\u00e9. Samedi matin, il revenait couteau entre les dents et sortait le finish inverse du premier jour : birdie 17 \u2013 eagle 18 (photo) pour passer le cut sur la marque et prolonger encore deux tours le plaisir.<\/p>\n<p>Seul Fran\u00e7ais engag\u00e9 pour le duo de tours finaux au Black Desert Resort puisqu\u2019<strong>Antoine Rozner<\/strong> manquait la marque fatidique pour un coup, Perez enchainait alors avec un \u00ab moving day \u00bb s\u00e9rieux avec 6 birdies pour deux erreurs.<\/p>\n<p>Son 67 (-4) meilleure carte personnelle de la semaine lui permet de remonter en 37e position et de conserver des chances de points pr\u00e9cieux en vue de la fin de saison.<\/p>\n<p>\t\t\t\t\t<a id=\"187742\" href=\"https:\/\/abacussportswear.com\/en\/france\" target=\"_blank\" rel=\"sponsorised nofollow noopener\"><img decoding=\"async\" src=\"data:image\/svg+xml,%3Csvg%20xmlns=\" http:=\"\" class=\"img-responsive\" alt=\"\" data-lazy-src=\"https:\/\/www.europesays.com\/fr\/wp-content\/uploads\/2025\/10\/abacus-e05-waterproofs-1170x275-1.gif\"\/><\/a><br \/>\nRozner dos au mur<\/p>\n<p>Pour Rozner ce deuxi\u00e8me cut cons\u00e9cutif manqu\u00e9 dans cette quatri\u00e8me manche des FedEx Cup Fall va lui faire perdre une place au g\u00e9n\u00e9ral et l\u2019\u00e9loigne un peu plus de son objectif de conserver son droit de jeu sur le PGA Tour.<\/p>\n<p>Il reste trois \u00e9preuves au Parisien pour inverser la tendance.<\/p>\n<p class=\"chakra-text css-vgdvwe\">World Wide Technology Championship sur le parcours d\u2019El Cardonal at Diamante \u00e0 Los Cabos au Mexique du 6 au 9 novembre, le Butterfield Bermuda Championship sur le trac\u00e9 du Port Royal Golf Course\u00e0 Southampton aux Bermudes la semaine suivante et le RSM Classic en G\u00e9orgie au Sea Island Golf Club du 20 au 23 novembre.<\/p>\n<p>Brennan tout proche d\u2019un immense bonheur<\/p>\n<p>Il d\u00e9couvre le golf en tr\u00e8s haute altitude cette semaine, et ne semble pas manquer d\u2019oxyg\u00e8ne pour autant. <strong>Michael Brennan<\/strong> qui sort tout juste de la troisi\u00e8me division am\u00e9ricaine n\u2019a pas froid aux yeux et joue cr\u00e2nement sa chance dans l\u2019Utah cette semaine.<\/p>\n<p>Apr\u00e8s avoir occup\u00e9 la t\u00eate \u00e0 l\u2019entame du weekend, le joueur de 23 ans aurait pu connaitre ses premiers frissons sur le <strong>PGA Tour<\/strong>. Lui a pr\u00e9f\u00e9r\u00e9 transformer \u00e7a en motivation pour aller chercher une carte de 64 (-7), la meilleure de sa semaine pour prendre deux longueurs d\u2019avance en t\u00eate avant le dernier tour de comp\u00e9tition.<\/p>\n<blockquote class=\"twitter-tweet\"><p>&#13;<\/p>\n<p dir=\"ltr\" lang=\"en\">23-year-old Michael Brennan is leading the <a href=\"https:\/\/twitter.com\/BOUChampionship?ref_src=twsrc%5Etfw\" rel=\"nofollow noopener\" target=\"_blank\">@BOUChampionship<\/a> and leading the field in Driving Distance this week (357.7 yards).<\/p>\n<p>Longest drives:<br \/>&#13;<br \/>\n409 yards<br \/>&#13;<br \/>\n395 yards<br \/>&#13;<br \/>\n390 yards<br \/>&#13;<br \/>\n386 yards<br \/>&#13;<br \/>\n380 yards<br \/>&#13;<br \/>\n372 yards<br \/>&#13;<br \/>\n371 yards<br \/>&#13;<br \/>\n367 yards<br \/>&#13;<br \/>\n359 yards<br \/>&#13;<br \/>\n354 yards<br \/>&#13;<br \/>\n353 yards<br \/>&#13;<br \/>\n352 yards <a href=\"https:\/\/t.co\/wo1wmc7qj9\" rel=\"nofollow\">pic.twitter.com\/wo1wmc7qj9<\/a><\/p>\n<p>&#13;<\/p>\n<p>\u2014 PGA TOUR (@PGATOUR) <a href=\"https:\/\/twitter.com\/PGATOUR\/status\/1982243715482529970?ref_src=twsrc%5Etfw\" rel=\"nofollow noopener\" target=\"_blank\">October 26, 2025<\/a><\/p>\n<p>&#13;\n<\/p><\/blockquote>\n<p>&#13;<br \/>\nA ses trousses sont tout de m\u00eame lanc\u00e9s quelques chasseurs de renom \u00e0 ses c\u00f4t\u00e9s en derni\u00e8re partie notamment. Le premier d\u2019entre eux, Matt MacCarthy n\u2019est autre que le tenant du titre. Lui aussi s\u2019\u00e9tait impos\u00e9 en montant de l\u2019\u00e9tage inf\u00e9rieur en 2024. N\u2019oublions pas non plus Kevin Yu, le joueur de Taipei, vainqueur l\u2019an dernier sur le PGA Tour \u00e9galement lors de la tourn\u00e9e automnale, et plac\u00e9 \u00e0 3 longueurs de la t\u00eate.<\/p>\n<p>Le leaderboard<\/p>\n<p><img loading=\"lazy\" decoding=\"async\" class=\"size-image-largeur-770 wp-image-189980\" src=\"data:image\/svg+xml,%3Csvg%20xmlns=\" http:=\"\" alt=\"\" width=\"770\" height=\"747\" data-lazy- data-lazy- data-lazy-src=\"https:\/\/www.europesays.com\/fr\/wp-content\/uploads\/2025\/10\/capture-2025-10-26-a-07.03.04-770x747.jpg\"\/><\/p>\n<p style=\"text-align:left;\" class=\"wp-caption-text\">\u00a9 Mike Mulholland \/ GETTY IMAGES NORTH AMERICA \/ Getty Images via AFP<\/p>\n<p>\t\t\t\t\t<a id=\"189447\" href=\"https:\/\/golfplus.fr\/content\/57-programme-de-fidelite\" target=\"_blank\" rel=\"sponsorised nofollow noopener\"><img decoding=\"async\" src=\"data:image\/svg+xml,%3Csvg%20xmlns=\" http:=\"\" class=\"img-responsive\" alt=\"\" data-lazy-src=\"https:\/\/www.europesays.com\/fr\/wp-content\/uploads\/2025\/10\/golfplus-e28-programme-fidelite-1170x275-1.jpg\"\/><\/a>\t\t\t\t<\/p>\n<p>\t\t\t<script async src=\"https:\/\/platform.twitter.com\/widgets.js\" charset=\"utf-8\"><\/script><\/p>\n","protected":false},"excerpt":{"rendered":"Partager cet article Partager la publication \u00ab\u00a0Perez revient de loin, Brennan proche de l\u2019exploit\u00a0\u00bb Dans une journ\u00e9e de&hellip;\n","protected":false},"author":2,"featured_media":490695,"comment_status":"","ping_status":"","sticky":false,"template":"","format":"standard","meta":{"footnotes":""},"categories":[1418],"tags":[1011,27,1472,60],"class_list":{"0":"post-490694","1":"post","2":"type-post","3":"status-publish","4":"format-standard","5":"has-post-thumbnail","7":"category-golf","8":"tag-fr","9":"tag-france","10":"tag-golf","11":"tag-sports"},"share_on_mastodon":{"url":"https:\/\/pubeurope.com\/@fr\/115439299636619219","error":""},"_links":{"self":[{"href":"https:\/\/www.europesays.com\/fr\/wp-json\/wp\/v2\/posts\/490694","targetHints":{"allow":["GET"]}}],"collection":[{"href":"https:\/\/www.europesays.com\/fr\/wp-json\/wp\/v2\/posts"}],"about":[{"href":"https:\/\/www.europesays.com\/fr\/wp-json\/wp\/v2\/types\/post"}],"author":[{"embeddable":true,"href":"https:\/\/www.europesays.com\/fr\/wp-json\/wp\/v2\/users\/2"}],"replies":[{"embeddable":true,"href":"https:\/\/www.europesays.com\/fr\/wp-json\/wp\/v2\/comments?post=490694"}],"version-history":[{"count":0,"href":"https:\/\/www.europesays.com\/fr\/wp-json\/wp\/v2\/posts\/490694\/revisions"}],"wp:featuredmedia":[{"embeddable":true,"href":"https:\/\/www.europesays.com\/fr\/wp-json\/wp\/v2\/media\/490695"}],"wp:attachment":[{"href":"https:\/\/www.europesays.com\/fr\/wp-json\/wp\/v2\/media?parent=490694"}],"wp:term":[{"taxonomy":"category","embeddable":true,"href":"https:\/\/www.europesays.com\/fr\/wp-json\/wp\/v2\/categories?post=490694"},{"taxonomy":"post_tag","embeddable":true,"href":"https:\/\/www.europesays.com\/fr\/wp-json\/wp\/v2\/tags?post=490694"}],"curies":[{"name":"wp","href":"https:\/\/api.w.org\/{rel}","templated":true}]}}