{"id":490698,"date":"2025-10-26T07:33:16","date_gmt":"2025-10-26T07:33:16","guid":{"rendered":"https:\/\/www.europesays.com\/fr\/490698\/"},"modified":"2025-10-26T07:33:16","modified_gmt":"2025-10-26T07:33:16","slug":"cedric-pioline-evoque-le-forfait-de-djokovic-au-rolex-paris-masters","status":"publish","type":"post","link":"https:\/\/www.europesays.com\/fr\/490698\/","title":{"rendered":"C\u00e9dric Pioline \u00e9voque le forfait de Djokovic au Rolex Paris Masters"},"content":{"rendered":"<p>                <img decoding=\"async\" src=\"https:\/\/www.europesays.com\/fr\/wp-content\/uploads\/2025\/10\/zu20.jpg\" fetchpriority=\"high\" alt=\"\u00ab Le temps passe pour tout le monde \u00bb : C\u00e9dric Pioline \u00e9voque le forfait de Djokovic au Rolex Paris Masters\"\/><\/p>\n<p><strong>Pour la deuxi\u00e8me ann\u00e9e d\u2019affil\u00e9e, Novak Djokovic a d\u00e9cid\u00e9 de faire l\u2019impasse sur le Rolex Paris Masters.<\/strong><\/p>\n<p>Le Serbe, diminu\u00e9 physiquement depuis Shanghai, a pr\u00e9f\u00e9r\u00e9 se donner un temps de repos avant de jouer \u00e0 Ath\u00e8nes d\u00e9but novembre.<\/p>\n<p>Une absence \u00e0 laquelle C\u00e9dric Pioline, directeur du Masters 1000 parisien, a r\u00e9pondu hier. Il nourrit l\u2019espoir de revoir sur le court le septuple vainqueur de l\u2019\u00e9preuve :<\/p>\n<p>\u00ab J\u2019esp\u00e8re que nous le verrons de nouveau. C\u2019est un grand champion et c\u2019est le recordman de titres ici \u00e0 Paris. J\u2019esp\u00e8re que nous aurons la chance de le revoir.<\/p>\n<p>C\u2019est vrai que le temps passe pour tout le monde. Pour lui, 38 ans, c\u2019est vieux\u2026 Il l\u2019a dit lui-m\u00eame ces derniers jours, que son corps avait 15 ans de plus.<\/p>\n<p>Il joue tr\u00e8s peu, il a fait une douzaine de tournois cette ann\u00e9e\u2026 Il est tr\u00e8s performant, il a atteint les demi-finales des quatre Grands Chelems, les demi-finales \u00e0 Shanghai. Mais nous avons vu que c\u2019\u00e9tait difficile. De plus, l\u2019humidit\u00e9 l\u00e0-bas \u00e9tait terrible. \u00bb<\/p>\n","protected":false},"excerpt":{"rendered":"Pour la deuxi\u00e8me ann\u00e9e d\u2019affil\u00e9e, Novak Djokovic a d\u00e9cid\u00e9 de faire l\u2019impasse sur le Rolex Paris Masters. Le&hellip;\n","protected":false},"author":2,"featured_media":490699,"comment_status":"","ping_status":"","sticky":false,"template":"","format":"standard","meta":{"footnotes":""},"categories":[1415],"tags":[1011,27,60,1467],"class_list":{"0":"post-490698","1":"post","2":"type-post","3":"status-publish","4":"format-standard","5":"has-post-thumbnail","7":"category-tennis","8":"tag-fr","9":"tag-france","10":"tag-sports","11":"tag-tennis"},"share_on_mastodon":{"url":"https:\/\/pubeurope.com\/@fr\/115439312081753568","error":""},"_links":{"self":[{"href":"https:\/\/www.europesays.com\/fr\/wp-json\/wp\/v2\/posts\/490698","targetHints":{"allow":["GET"]}}],"collection":[{"href":"https:\/\/www.europesays.com\/fr\/wp-json\/wp\/v2\/posts"}],"about":[{"href":"https:\/\/www.europesays.com\/fr\/wp-json\/wp\/v2\/types\/post"}],"author":[{"embeddable":true,"href":"https:\/\/www.europesays.com\/fr\/wp-json\/wp\/v2\/users\/2"}],"replies":[{"embeddable":true,"href":"https:\/\/www.europesays.com\/fr\/wp-json\/wp\/v2\/comments?post=490698"}],"version-history":[{"count":0,"href":"https:\/\/www.europesays.com\/fr\/wp-json\/wp\/v2\/posts\/490698\/revisions"}],"wp:featuredmedia":[{"embeddable":true,"href":"https:\/\/www.europesays.com\/fr\/wp-json\/wp\/v2\/media\/490699"}],"wp:attachment":[{"href":"https:\/\/www.europesays.com\/fr\/wp-json\/wp\/v2\/media?parent=490698"}],"wp:term":[{"taxonomy":"category","embeddable":true,"href":"https:\/\/www.europesays.com\/fr\/wp-json\/wp\/v2\/categories?post=490698"},{"taxonomy":"post_tag","embeddable":true,"href":"https:\/\/www.europesays.com\/fr\/wp-json\/wp\/v2\/tags?post=490698"}],"curies":[{"name":"wp","href":"https:\/\/api.w.org\/{rel}","templated":true}]}}