{"id":490717,"date":"2025-10-26T07:47:16","date_gmt":"2025-10-26T07:47:16","guid":{"rendered":"https:\/\/www.europesays.com\/fr\/490717\/"},"modified":"2025-10-26T07:47:16","modified_gmt":"2025-10-26T07:47:16","slug":"sa-voix-reste-extraordinaire-en-concert-a-lolympia-mireille-mathieu-bluffe-encore-ses-fans","status":"publish","type":"post","link":"https:\/\/www.europesays.com\/fr\/490717\/","title":{"rendered":"\u00ab\u00a0Sa voix reste extraordinaire\u00a0\u00bb\u00a0: en concert \u00e0 l\u2019Olympia, Mireille Mathieu bluffe encore ses fans"},"content":{"rendered":"<p class=\"paragraph text_align_left lp-f-body-02\">\u00ab Complet \u00bb. Le mot s\u2019affiche en lettres n\u00e9on rouges, sous son nom, sur la fa\u00e7ade de<a href=\"https:\/\/www.leparisien.fr\/culture-loisirs\/musique\/a-130-ans-lolympia-est-plus-tendance-que-jamais-on-va-depasser-notre-record-11-11-2023-YOEBLNELBNFG3AQF63GJ5Z652A.php\" target=\"_blank\" rel=\"noreferrer nofollow noopener\"> l\u2019Olympia<\/a>. Cette mythique salle parisienne o\u00f9 Mireille Mathieu s\u2019est produite \u00e0 de nombreuses reprises au cours de sa vie. Mais cette fois, c\u2019est pour trois <a href=\"https:\/\/www.leparisien.fr\/culture-loisirs\/musique\/\" target=\"_blank\" rel=\"noreferrer nofollow noopener\">concerts <\/a>d\u2019affil\u00e9e &#8211; vendredi, samedi et ce dimanche &#8211; <a href=\"https:\/\/www.leparisien.fr\/culture-loisirs\/musique\/je-suis-a-fond-sur-instagram-mireille-mathieu-fete-ses-60-ans-de-carriere-avec-un-best-of-et-trois-olympia-05-10-2025-BJL2CS2I3NHFFNDZD4LABH6ZKE.php\" target=\"_blank\" rel=\"noreferrer nofollow noopener\">et pour f\u00eater ses 60 ans de carri\u00e8re<\/a>. Dans la foule compacte qui rentre progressivement, beaucoup de tempes grises ou blanches, mais aussi des trentenaires et des quadras. Et personne ne semble douter que, m\u00eame \u00e2g\u00e9e de 79 ans, \u00ab leur \u00bb Mireille va les faire vibrer. Dans ce public d\u2019ultra-fans, des amateurs venus de toute la France, mais aussi des Allemands, Britanniques, et m\u00eame des Chinois &#8211; elle rendra hommage \u00e0 ses \u00ab amis \u00bb \u00e9trangers au cours du show. Ils ne sont pas l\u00e0 par hasard : au cours de sa carri\u00e8re, la chanteuse a cumul\u00e9 les tourn\u00e9es pleines \u00e0 craquer dans ces trois pays, mais aussi en Europe de l\u2019Est, au Japon, en Russie\u2026<\/p>\n<p class=\"paragraph text_align_left lp-f-body-02\">Alors, ce concert ? Une sorte de totale Mireille Mathieu, 27 chansons, avec un orchestre de quinze musiciens, des vid\u00e9os, et un entracte. La native d\u2019Avignon a toujours eu des rituels sur sc\u00e8ne, auxquels elle ne veut pas renoncer, comme chanter avec un micro filaire qu\u2019elle ne l\u00e2che jamais, ou refuser l\u2019aide d\u2019un prompteur pour les paroles. L\u2019exp\u00e9rience aidant, elle sait tenir une sc\u00e8ne et une salle.<\/p>\n","protected":false},"excerpt":{"rendered":"\u00ab Complet \u00bb. Le mot s\u2019affiche en lettres n\u00e9on rouges, sous son nom, sur la fa\u00e7ade de l\u2019Olympia.&hellip;\n","protected":false},"author":2,"featured_media":490718,"comment_status":"","ping_status":"","sticky":false,"template":"","format":"standard","meta":{"footnotes":""},"categories":[8],"tags":[872,58,59,1011,27,873],"class_list":{"0":"post-490717","1":"post","2":"type-post","3":"status-publish","4":"format-standard","5":"has-post-thumbnail","7":"category-divertissement","8":"tag-culture-et-loisirs","9":"tag-divertissement","10":"tag-entertainment","11":"tag-fr","12":"tag-france","13":"tag-musique"},"share_on_mastodon":{"url":"https:\/\/pubeurope.com\/@fr\/115439366700416748","error":""},"_links":{"self":[{"href":"https:\/\/www.europesays.com\/fr\/wp-json\/wp\/v2\/posts\/490717","targetHints":{"allow":["GET"]}}],"collection":[{"href":"https:\/\/www.europesays.com\/fr\/wp-json\/wp\/v2\/posts"}],"about":[{"href":"https:\/\/www.europesays.com\/fr\/wp-json\/wp\/v2\/types\/post"}],"author":[{"embeddable":true,"href":"https:\/\/www.europesays.com\/fr\/wp-json\/wp\/v2\/users\/2"}],"replies":[{"embeddable":true,"href":"https:\/\/www.europesays.com\/fr\/wp-json\/wp\/v2\/comments?post=490717"}],"version-history":[{"count":0,"href":"https:\/\/www.europesays.com\/fr\/wp-json\/wp\/v2\/posts\/490717\/revisions"}],"wp:featuredmedia":[{"embeddable":true,"href":"https:\/\/www.europesays.com\/fr\/wp-json\/wp\/v2\/media\/490718"}],"wp:attachment":[{"href":"https:\/\/www.europesays.com\/fr\/wp-json\/wp\/v2\/media?parent=490717"}],"wp:term":[{"taxonomy":"category","embeddable":true,"href":"https:\/\/www.europesays.com\/fr\/wp-json\/wp\/v2\/categories?post=490717"},{"taxonomy":"post_tag","embeddable":true,"href":"https:\/\/www.europesays.com\/fr\/wp-json\/wp\/v2\/tags?post=490717"}],"curies":[{"name":"wp","href":"https:\/\/api.w.org\/{rel}","templated":true}]}}