{"id":490724,"date":"2025-10-26T07:51:11","date_gmt":"2025-10-26T07:51:11","guid":{"rendered":"https:\/\/www.europesays.com\/fr\/490724\/"},"modified":"2025-10-26T07:51:11","modified_gmt":"2025-10-26T07:51:11","slug":"le-ministre-de-linterieur-oppose-a-linstallation-dun-commissariat-au-sein-du-musee","status":"publish","type":"post","link":"https:\/\/www.europesays.com\/fr\/490724\/","title":{"rendered":"le ministre de l&rsquo;Int\u00e9rieur \u00aboppos\u00e9\u00bb \u00e0 l\u2019installation d\u2019un commissariat au sein du mus\u00e9e"},"content":{"rendered":"<p>\n    \u00abSi on commence par le Louvre, on va en mettre partout\u00bb, s\u2019est justifi\u00e9 Laurent Nu\u00f1ez qui ajoute que le commissariat actuel est d\u00e9j\u00e0 juste \u00e0 c\u00f4t\u00e9 du mus\u00e9e.<\/p>\n<p class=\"fig-paragraph\">C\u2019\u00e9tait l\u2019une des demandes de la pr\u00e9sidente-directrice du mus\u00e9e, Laurence des Cars, apr\u00e8s le vol spectaculaire il y a une semaine qui a secou\u00e9 la France enti\u00e8re. Le ministre de l&rsquo;Int\u00e9rieur\u00a0<a href=\"https:\/\/video.lefigaro.fr\/figaro\/actualite-france\/laurent-nunez-estime-quil-y-a-700-000-clandestins-en-france-20251022\" data-fig-type=\"Video\" data-gtm-custom-categorie=\"navigation\" data-gtm-custom-action=\"crossclick\" data-gtm-custom-label=\"Contextuel\" data-gtm-event=\"customEventSPE\" data-fig-domain=\"LEFIGARO\" target=\"_blank\" rel=\"noopener\">Laurent Nu\u00f1ez<\/a>\u00a0s&rsquo;est dit \u00aboppos\u00e9\u00bb \u00e0 l&rsquo;installation d&rsquo;un\u00a0<a href=\"https:\/\/video.lefigaro.fr\/figaro\/la-presidente-du-louvre-reclame-linstallation-dun-commissariat-au-sein-du-musee-20251022\" data-fig-type=\"Video\" data-gtm-custom-categorie=\"navigation\" data-gtm-custom-action=\"crossclick\" data-gtm-custom-label=\"Contextuel\" data-gtm-event=\"customEventSPE\" data-fig-domain=\"LEFIGARO\" target=\"_blank\" rel=\"noopener\">commissariat au sein du Louvre<\/a>, dans un entretien publi\u00e9 dans La Tribune Dimanche.<\/p>\n<p class=\"fig-paragraph\">Lors de son audition mercredi devant la commission de la culture du S\u00e9nat,\u00a0<a href=\"http:\/\/www.lefigaro.fr\/culture\/laurence-des-cars-la-cheville-ouvriere-du-grand-louvre-d-emmanuel-macron-20251022\" data-fig-type=\"Article\" data-gtm-custom-categorie=\"navigation\" data-gtm-custom-action=\"crossclick\" data-gtm-custom-label=\"Contextuel\" data-gtm-event=\"customEventSPE\" data-fig-domain=\"LEFIGARO\" target=\"_blank\" rel=\"noopener\">Laurence des Cars<\/a>\u00a0avait dit souhaiter \u00absolliciter le minist\u00e8re de l&rsquo;Int\u00e9rieur pour \u00e9tudier si l&rsquo;installation d&rsquo;un commissariat de police au sein du mus\u00e9e serait envisageable\u00bb. \u00abJ&rsquo;y suis oppos\u00e9. Si on commence par le Louvre, on va en mettre partout\u00bb, a r\u00e9pondu Laurent Nu\u00f1ez. \u00abLe commissariat actuel est juste \u00e0 c\u00f4t\u00e9 du Louvre. D\u00e8s qu&rsquo;il y a eu l&rsquo;alerte, en trois minutes, les policiers \u00e9taient l\u00e0\u00bb, a-t-il ajout\u00e9.<\/p>\n<p>                                    <a class=\"fig-a11y-skip a11y-hidden\" href=\"#fig-a11y-skip-main-inarticle\"><br \/>\n        Passer la publicit\u00e9<br \/>\n    <\/a><\/p>\n<p class=\"fig-paragraph\">Le dimanche 19 octobre, vers 9 heures 30, deux malfaiteurs se sont hiss\u00e9s \u00e0 l&rsquo;aide d&rsquo;une nacelle au niveau de la galerie d&rsquo;Apollon, ont bris\u00e9 une fen\u00eatre et d\u00e9rob\u00e9 huit joyaux de la couronne de France, estim\u00e9s \u00e0\u00a0<a href=\"http:\/\/www.lefigaro.fr\/culture\/cambriolage-au-louvre-le-prejudice-evalue-par-le-musee-a-88-millions-d-euros-20251021\" data-fig-type=\"NewsFlash\" data-gtm-custom-categorie=\"navigation\" data-gtm-custom-action=\"crossclick\" data-gtm-custom-label=\"Contextuel\" data-gtm-event=\"customEventSPE\" data-fig-domain=\"LEFIGARO\" target=\"_blank\" rel=\"noopener\">88 millions d&rsquo;euros.<\/a>\u00a0Ils se sont enfuis \u00e0 bord de puissants scooters conduits par deux autres personnes. Le vol, qui aura dur\u00e9 en tout sept \u00e0 huit minutes, soul\u00e8ve la\u00a0<a href=\"http:\/\/www.lefigaro.fr\/politique\/delitement-de-l-etat-failles-la-securite-du-louvre-mise-en-cause-par-les-responsables-politiques-20251020\" data-fig-type=\"Article\" data-gtm-custom-categorie=\"navigation\" data-gtm-custom-action=\"crossclick\" data-gtm-custom-label=\"Contextuel\" data-gtm-event=\"customEventSPE\" data-fig-domain=\"LEFIGARO\" target=\"_blank\" rel=\"noopener\">question de la s\u00e9curit\u00e9\u00a0<\/a>du plus c\u00e9l\u00e8bre mus\u00e9e du monde.<\/p>\n<p>Un butin \u00abmis au vert \u00e0 l\u2019\u00e9tranger\u00bb\u00a0?<\/p>\n<p class=\"fig-paragraph\">Un commissariat au sein du mus\u00e9e \u00abn&rsquo;aurait rien chang\u00e9. C&rsquo;est la zone la plus quadrill\u00e9e de Paris. Sur le parvis, il y a des tas de gens \u00e0 nous\u00bb, a poursuivi le ministre. \u00abOn a la hantise de l&rsquo;acte terroriste&#8230;\u00bb. Les enqu\u00eateurs sont pass\u00e9s d&rsquo;une soixantaine \u00e0 \u00abplus de cent\u00bb pour retrouver l&rsquo;\u00e9quipe de voleurs, a pr\u00e9cis\u00e9 la procureure de Paris Laure Beccuau au Journal du dimanche, rappelant que les investigations \u00e9taient conduites par la Brigade de r\u00e9pression du banditisme (BRB) et l&rsquo;Office central de lutte contre le trafic de biens culturels (OCBC).<\/p>\n<p class=\"fig-paragraph\">\u00abLes voleurs, on finit toujours par les retrouver. \u00c7a semble \u00eatre du grand banditisme, on verra\u00bb, a consid\u00e9r\u00e9 le ministre de l&rsquo;Int\u00e9rieur, se disant \u00abinquiet pour les bijoux\u00bb. \u00abLe butin est malheureusement souvent mis au vert \u00e0 l&rsquo;\u00e9tranger. J&rsquo;esp\u00e8re que ce n&rsquo;est pas le cas, je reste confiant\u00bb, a-t-il poursuivi.<\/p>\n<p class=\"fig-paragraph\">Concernant l&rsquo;enqu\u00eate administrative diligent\u00e9e en parall\u00e8le, la ministre de la Culture Rachida Dati a dit vendredi sur X avoir demand\u00e9 une remise de ses conclusions \u00abd\u00e8s le d\u00e9but de la semaine prochaine\u00bb. La ministre a par ailleurs annonc\u00e9 \u00abla mise en place d&rsquo;un fonds s\u00fbret\u00e9 d\u00e9di\u00e9 \u00e0 la s\u00e9curisation de nos sites patrimoniaux\u00bb. Interrog\u00e9 dans La Tribune Dimanche, le d\u00e9put\u00e9 J\u00e9r\u00e9mie Patrier-Leitus (Horizons), charg\u00e9 d&rsquo;une mission sur ce sujet, a indiqu\u00e9 qu&rsquo;il d\u00e9poserait \u00abun amendement au projet de loi de finances pour le financer\u00bb.<\/p>\n","protected":false},"excerpt":{"rendered":"\u00abSi on commence par le Louvre, on va en mettre partout\u00bb, s\u2019est justifi\u00e9 Laurent Nu\u00f1ez qui ajoute que&hellip;\n","protected":false},"author":2,"featured_media":490725,"comment_status":"","ping_status":"","sticky":false,"template":"","format":"standard","meta":{"footnotes":""},"categories":[4],"tags":[11,5417,1011,27,5454,11274,7088,12,1072,25,1175],"class_list":{"0":"post-490724","1":"post","2":"type-post","3":"status-publish","4":"format-standard","5":"has-post-thumbnail","7":"category-france","8":"tag-actualites","9":"tag-bijoux","10":"tag-fr","11":"tag-france","12":"tag-laurent-nunez","13":"tag-louvre","14":"tag-ministre-de-linterieur","15":"tag-news","16":"tag-police","17":"tag-republique-francaise","18":"tag-vol"},"share_on_mastodon":{"url":"https:\/\/pubeurope.com\/@fr\/115439382462939802","error":""},"_links":{"self":[{"href":"https:\/\/www.europesays.com\/fr\/wp-json\/wp\/v2\/posts\/490724","targetHints":{"allow":["GET"]}}],"collection":[{"href":"https:\/\/www.europesays.com\/fr\/wp-json\/wp\/v2\/posts"}],"about":[{"href":"https:\/\/www.europesays.com\/fr\/wp-json\/wp\/v2\/types\/post"}],"author":[{"embeddable":true,"href":"https:\/\/www.europesays.com\/fr\/wp-json\/wp\/v2\/users\/2"}],"replies":[{"embeddable":true,"href":"https:\/\/www.europesays.com\/fr\/wp-json\/wp\/v2\/comments?post=490724"}],"version-history":[{"count":0,"href":"https:\/\/www.europesays.com\/fr\/wp-json\/wp\/v2\/posts\/490724\/revisions"}],"wp:featuredmedia":[{"embeddable":true,"href":"https:\/\/www.europesays.com\/fr\/wp-json\/wp\/v2\/media\/490725"}],"wp:attachment":[{"href":"https:\/\/www.europesays.com\/fr\/wp-json\/wp\/v2\/media?parent=490724"}],"wp:term":[{"taxonomy":"category","embeddable":true,"href":"https:\/\/www.europesays.com\/fr\/wp-json\/wp\/v2\/categories?post=490724"},{"taxonomy":"post_tag","embeddable":true,"href":"https:\/\/www.europesays.com\/fr\/wp-json\/wp\/v2\/tags?post=490724"}],"curies":[{"name":"wp","href":"https:\/\/api.w.org\/{rel}","templated":true}]}}