{"id":490753,"date":"2025-10-26T08:14:12","date_gmt":"2025-10-26T08:14:12","guid":{"rendered":"https:\/\/www.europesays.com\/fr\/490753\/"},"modified":"2025-10-26T08:14:12","modified_gmt":"2025-10-26T08:14:12","slug":"prendre-ma-revanche-et-ramener-le-maillot-blanc-a-nice","status":"publish","type":"post","link":"https:\/\/www.europesays.com\/fr\/490753\/","title":{"rendered":"\u00ab\u00a0Prendre ma revanche et ramener le Maillot blanc \u00e0 Nice\u00a0\u00bb"},"content":{"rendered":"<p>Si <a href=\"https:\/\/www.ledauphine.com\/p\/pauline-ferrand-prevot\" target=\"_blank\" rel=\"noopener\">Pauline Ferrand-Pr\u00e9vot<\/a>, <a href=\"https:\/\/www.ledauphine.com\/tour-de-france\/2025\/08\/03\/pauline-ferrand-prevot-met-la-france-en-jaune\" target=\"_blank\" rel=\"noopener\">en premier lieu<\/a>, et Ma\u00e9va Squiban, <a href=\"https:\/\/www.ledauphine.com\/tour-de-france\/2025\/08\/01\/sur-les-traces-de-mottet-et-de-ses-idoles-maeva-squiban-de-la-blague-au-reve\" target=\"_blank\" rel=\"noopener\">ensuite<\/a>, ont marqu\u00e9 de leurs performances le Tour de France Femmes 2025, Julie B\u00e9go est sans doute la troisi\u00e8me Fran\u00e7aise la plus remarqu\u00e9e de la derni\u00e8re \u00e9dition.<\/p>\n<p>Porteuse du Maillot blanc de meilleure jeune depuis la premi\u00e8re \u00e9tape avant de le c\u00e9der, malade, <a href=\"https:\/\/www.ledauphine.com\/sport\/2025\/08\/02\/rester-sur-un-profil-multifacettes-ce-n-est-pas-une-solution-coureuse-passe-partout-la-pepite-julie-bego-deja-a-un-tournant\" target=\"_blank\" rel=\"noopener\">\u00e0 l\u2019arriv\u00e9e dans les Alpes<\/a>, la Savoyarde a confirm\u00e9 tout son talent, elle qui fut championne du monde juniors en 2023.<\/p>\n<p>Jeudi, la <a href=\"https:\/\/www.ledauphine.com\/sport\/2025\/10\/03\/ca-m-enerve-un-peu-pourquoi-la-medaille-de-bronze-de-la-savoyarde-julie-bego-a-un-gout-amer\" target=\"_blank\" rel=\"noopener\">m\u00e9daill\u00e9e de bronze des championnats d\u2019Europe espoirs<\/a> en Dr\u00f4me-Ard\u00e8che a regard\u00e9 avec attention depuis le Palais des Congr\u00e8s \u00e0 Paris <a href=\"https:\/\/www.ledauphine.com\/p\/marion-rousse\" target=\"_blank\" rel=\"noopener\">Marion Rousse<\/a> d\u00e9voiler <a href=\"https:\/\/www.ledauphine.com\/tour-de-france\/2025\/10\/23\/les-profils-de-trois-etapes-qui-emprunteront-les-routes-de-nos-departements\" target=\"_blank\" rel=\"noopener\">le trac\u00e9 de l\u2019\u00e9dition 2026<\/a>.<\/p>\n<p>\u00ab\u00a0On aura peut-\u00eatre une entr\u00e9e en mati\u00e8re plus tranquille depuis la Suisse, mais ensuite on aura de belles \u00e9tapes accident\u00e9es dans le Beaujolais. Bien s\u00fbr le mont Ventoux, et cette derni\u00e8re \u00e9tape \u00e0 Nice qui promet d\u2019\u00eatre tr\u00e8s dure. \u00c7a fera un beau final\u00a0\u00bb, assure la grimpeuse de Cofidis.<\/p>\n<p>  <strong>\u00ab\u00a0Le Ventoux\u00a0? \u00c7a me fait vraiment r\u00eaver\u00a0\u00bb<\/strong><\/p>\n<p>Et, forc\u00e9ment, de par son profil, l\u2019\u00e9tape du mont Ventoux est d\u00e9j\u00e0 dans un coin de sa t\u00eate. \u00ab\u00a0C\u2019est un col mythique, j\u2019ai vraiment h\u00e2te de le monter, je ne l\u2019ai encore jamais fait, explique-t-elle\u00a0? Comme tout le monde, j\u2019ai en t\u00eate les images du Tour de France hommes, et \u00e7a me fait vraiment r\u00eaver.\u00a0\u00bb<\/p>\n<p>Un peu plus que le contre-la-montre deux jours plus t\u00f4t entre Gevrey-Chambertin et Dijon, mais\u00a0: \u00ab\u00a0Je pense que c\u2019est bien d\u2019avoir ajout\u00e9 un chono. Pour gagner un Tour il faut \u00eatre compl\u00e8te, et c\u2019est une discipline qui fait partie de notre sport, donc c\u2019est une bonne chose. \u00bb<\/p>\n<p>Quant \u00e0 ses ambitions en 2026\u00a0? \u00ab\u00a0J\u2019ai envie de prendre ma revanche et d\u2019essayer de ramener le Maillot blanc \u00e0 Nice, esp\u00e8re Julie B\u00e9go. Mais il peut se passer plein de choses sur un Tour, et il faudra voir aussi si j\u2019ai la forme en d\u00e9but de saison.\u00a0\u00bb<\/p>\n<p>Le ton est en tout cas donn\u00e9.<\/p>\n","protected":false},"excerpt":{"rendered":"Si Pauline Ferrand-Pr\u00e9vot, en premier lieu, et Ma\u00e9va Squiban, ensuite, ont marqu\u00e9 de leurs performances le Tour de&hellip;\n","protected":false},"author":2,"featured_media":490754,"comment_status":"","ping_status":"","sticky":false,"template":"","format":"standard","meta":{"footnotes":""},"categories":[2819],"tags":[1111,11,5509,12844,207,7001,1777,674,1701,1011,27,12,2401,882,25,5508,517,1947,11098],"class_list":{"0":"post-490753","1":"post","2":"type-post","3":"status-publish","4":"format-standard","5":"has-post-thumbnail","7":"category-nice","8":"tag-actu","9":"tag-actualites","10":"tag-chambery","11":"tag-chambery-bassin","12":"tag-cyclisme","13":"tag-edition-chambery-aix-les-bains","14":"tag-eu","15":"tag-europe","16":"tag-fil-info-sport","17":"tag-fr","18":"tag-france","19":"tag-news","20":"tag-nice","21":"tag-provence-alpes-cote-dazur","22":"tag-republique-francaise","23":"tag-savoie","24":"tag-sport","25":"tag-sport-national","26":"tag-tour-de-france-femmes"},"share_on_mastodon":{"url":"https:\/\/pubeurope.com\/@fr\/115439472783161188","error":""},"_links":{"self":[{"href":"https:\/\/www.europesays.com\/fr\/wp-json\/wp\/v2\/posts\/490753","targetHints":{"allow":["GET"]}}],"collection":[{"href":"https:\/\/www.europesays.com\/fr\/wp-json\/wp\/v2\/posts"}],"about":[{"href":"https:\/\/www.europesays.com\/fr\/wp-json\/wp\/v2\/types\/post"}],"author":[{"embeddable":true,"href":"https:\/\/www.europesays.com\/fr\/wp-json\/wp\/v2\/users\/2"}],"replies":[{"embeddable":true,"href":"https:\/\/www.europesays.com\/fr\/wp-json\/wp\/v2\/comments?post=490753"}],"version-history":[{"count":0,"href":"https:\/\/www.europesays.com\/fr\/wp-json\/wp\/v2\/posts\/490753\/revisions"}],"wp:featuredmedia":[{"embeddable":true,"href":"https:\/\/www.europesays.com\/fr\/wp-json\/wp\/v2\/media\/490754"}],"wp:attachment":[{"href":"https:\/\/www.europesays.com\/fr\/wp-json\/wp\/v2\/media?parent=490753"}],"wp:term":[{"taxonomy":"category","embeddable":true,"href":"https:\/\/www.europesays.com\/fr\/wp-json\/wp\/v2\/categories?post=490753"},{"taxonomy":"post_tag","embeddable":true,"href":"https:\/\/www.europesays.com\/fr\/wp-json\/wp\/v2\/tags?post=490753"}],"curies":[{"name":"wp","href":"https:\/\/api.w.org\/{rel}","templated":true}]}}