{"id":490770,"date":"2025-10-26T08:24:12","date_gmt":"2025-10-26T08:24:12","guid":{"rendered":"https:\/\/www.europesays.com\/fr\/490770\/"},"modified":"2025-10-26T08:24:12","modified_gmt":"2025-10-26T08:24:12","slug":"une-reussite-en-gare-de-niolon","status":"publish","type":"post","link":"https:\/\/www.europesays.com\/fr\/490770\/","title":{"rendered":"une r\u00e9ussite en gare de Niolon"},"content":{"rendered":"<p>Ce projet-l\u00e0 personne n\u2019y croyait vraiment. Alors forc\u00e9ment, dix ans apr\u00e8s la cr\u00e9ation de cette auberge-caf\u00e9-restaurant \u00e9cole pas comme les autres, le succ\u00e8s se savoure. Car aujourd\u2019hui le Train Inc Caf\u00e9, port\u00e9 par l\u2019association TCap 21 d\u00e9passe largement ses objectifs de d\u00e9part. En gare de Niolon, dans cet ancien b\u00e2timent de la SNCF, l\u2019\u00e9tablissement devait permettre <a href=\"https:\/\/www.laprovence.com\/article\/societe\/1603111398618315\/au-rove-un-collectif-de-parents-d-enfants-atteints-de-trisomie-21-imagine-une-auberge-avec-un-petit-truc-en-plus\" target=\"_blank\" rel=\"noopener\">de former et d\u2019employer les jeunes porteurs de handicap mental<\/a>.<\/p>\n<p>\u00ab\u00a0Nous avons d\u00e9but\u00e9 \u00e0 six familles, nous sommes une cinquantaine aujourd\u2019hui avec une quarantaine de jeunes accueillis\u00a0\u00bb, sourit Katia Bergamelli, pr\u00e9sidente de l\u2019association et fondatrice du Train Inc Caf\u00e9. Elle, n\u2019a jamais dout\u00e9. \u00ab\u00a0J\u2019ai toujours cru au potentiel de ma fille Lucie, atteinte de trisomie 21. Petite, elle n\u2019avait aucun probl\u00e8me de motricit\u00e9, de sociabilit\u00e9. C\u2019est \u00e0 l\u2019adolescence que tout est devenu compliqu\u00e9\u00a0\u00bb. Comme beaucoup de parents, ceux de Lucie ont pris de plein fouet la r\u00e9alit\u00e9 des institutions, pas forc\u00e9ment adapt\u00e9es, le manque de places, le repli de leur fille. L\u2019impasse.<\/p>\n<p>Ce projet baptis\u00e9 \u00ab\u00a0Gare des \u00e9toiles\u00a0\u00bb \u00e9tait avant tout un tremplin. Encadr\u00e9s par des \u00e9ducateurs et des professionnels, ces jeunes se relaient au service, \u00e0 la caisse, en &#8230;<\/p>\n","protected":false},"excerpt":{"rendered":"Ce projet-l\u00e0 personne n\u2019y croyait vraiment. Alors forc\u00e9ment, dix ans apr\u00e8s la cr\u00e9ation de cette auberge-caf\u00e9-restaurant \u00e9cole pas&hellip;\n","protected":false},"author":2,"featured_media":490771,"comment_status":"","ping_status":"","sticky":false,"template":"","format":"standard","meta":{"footnotes":""},"categories":[2814],"tags":[17,1111,11,4586,154,1777,674,1011,27,61340,884,12,10102,882,16,25,926,3847,1811],"class_list":{"0":"post-490770","1":"post","2":"type-post","3":"status-publish","4":"format-standard","5":"has-post-thumbnail","7":"category-marseille","8":"tag-17","9":"tag-actu","10":"tag-actualites","11":"tag-cafe","12":"tag-des","13":"tag-eu","14":"tag-europe","15":"tag-fr","16":"tag-france","17":"tag-inc","18":"tag-marseille","19":"tag-news","20":"tag-ouvre","21":"tag-provence-alpes-cote-dazur","22":"tag-region","23":"tag-republique-francaise","24":"tag-train","25":"tag-travail","26":"tag-voie"},"share_on_mastodon":{"url":"https:\/\/pubeurope.com\/@fr\/115439512279354209","error":""},"_links":{"self":[{"href":"https:\/\/www.europesays.com\/fr\/wp-json\/wp\/v2\/posts\/490770","targetHints":{"allow":["GET"]}}],"collection":[{"href":"https:\/\/www.europesays.com\/fr\/wp-json\/wp\/v2\/posts"}],"about":[{"href":"https:\/\/www.europesays.com\/fr\/wp-json\/wp\/v2\/types\/post"}],"author":[{"embeddable":true,"href":"https:\/\/www.europesays.com\/fr\/wp-json\/wp\/v2\/users\/2"}],"replies":[{"embeddable":true,"href":"https:\/\/www.europesays.com\/fr\/wp-json\/wp\/v2\/comments?post=490770"}],"version-history":[{"count":0,"href":"https:\/\/www.europesays.com\/fr\/wp-json\/wp\/v2\/posts\/490770\/revisions"}],"wp:featuredmedia":[{"embeddable":true,"href":"https:\/\/www.europesays.com\/fr\/wp-json\/wp\/v2\/media\/490771"}],"wp:attachment":[{"href":"https:\/\/www.europesays.com\/fr\/wp-json\/wp\/v2\/media?parent=490770"}],"wp:term":[{"taxonomy":"category","embeddable":true,"href":"https:\/\/www.europesays.com\/fr\/wp-json\/wp\/v2\/categories?post=490770"},{"taxonomy":"post_tag","embeddable":true,"href":"https:\/\/www.europesays.com\/fr\/wp-json\/wp\/v2\/tags?post=490770"}],"curies":[{"name":"wp","href":"https:\/\/api.w.org\/{rel}","templated":true}]}}