{"id":490778,"date":"2025-10-26T08:29:11","date_gmt":"2025-10-26T08:29:11","guid":{"rendered":"https:\/\/www.europesays.com\/fr\/490778\/"},"modified":"2025-10-26T08:29:11","modified_gmt":"2025-10-26T08:29:11","slug":"en-ile-de-france-les-hommes-squattent-ces-equipements-sportifs","status":"publish","type":"post","link":"https:\/\/www.europesays.com\/fr\/490778\/","title":{"rendered":"en \u00cele-de-France, les hommes squattent ces \u00e9quipements sportifs"},"content":{"rendered":"<p>            Par<br \/>\n        <strong><br \/>\n            <a href=\"https:\/\/actu.fr\/auteur\/thomas-martin\" title=\"Consulter tous les articles de Thomas Martin\" target=\"_blank\" rel=\"noopener\">Thomas Martin<\/a><br \/>\n        <\/strong><\/p>\n<p>        Publi\u00e9 le<\/p>\n<p>            26 oct. 2025 \u00e0 7h16        <\/p>\n<p><strong>O\u00f9 sont les femmes ?<\/strong> Lyna Abbaoui, 14 ans, observe les agr\u00e8s \u00e0 bonne distance. A quelques dizaines de m\u00e8tres, un homme torse nu encha\u00eene les pompes tandis qu\u2019un autre fait des tractions. \u00ab\u00a0Voil\u00e0, comme d\u2019habitude, il n\u2019y a pas une seule fille\u00a0\u00bb, l\u00e2che la coll\u00e9gienne. L<strong>\u2018absence de filles et de femmes dans les espaces sportifs en plein air<\/strong>, c\u2019est ce qui a pouss\u00e9 cette adolescente \u00e0 proposer \u00e0 la mairie de Pantin (Seine-Saint-Denis) une structure qui leur serait d\u00e9di\u00e9e, dans le cadre du budget participatif 2025 de la ville.<\/p>\n<p>La crainte du regard des autres<\/p>\n<p class=\" wall-content\">\u00ab\u00a0En fait, j\u2019ai pens\u00e9 \u00e0 ma m\u00e8re. Elle aimerait bien faire du <a href=\"https:\/\/actu.fr\/tag\/sport\" target=\"_blank\" rel=\"noopener\">sport<\/a> dans des endroits comme des parcs mais elle n\u2019ose pas. Parce que c\u2019est pas trop adapt\u00e9 pour des femmes et parce qu\u2019elle n\u2019aime pas qu\u2019on la regarde\u00a0\u00bb, explique Lyna, qui a obtenu gain de cause: 50 000 euros pour l\u2019installation d\u2019un espace sportif r\u00e9serv\u00e9 aux femmes.<\/p>\n<p class=\" wall-content\">Cette crainte du regard des autres, Corinne Luxembourg l\u2019a constat\u00e9e chez la plupart des Fran\u00e7aises qu\u2019elle a interrog\u00e9es dans le cadre de ses recherches.<\/p>\n<p class=\" wall-content\">\u00ab\u00a0M\u00eame s\u2019il n\u2019y a pas d\u2019agressions, m\u00eame s\u2019il n\u2019y a pas de harc\u00e8lement ou de propos pas tr\u00e8s sympathiques, l\u2019id\u00e9e que son propre corps est regard\u00e9 et scrut\u00e9 des pieds \u00e0 la t\u00eate, ce n\u2019est pas tr\u00e8s confortable pour les femmes\u00a0\u00bb, analyse la professeure de g\u00e9ographie \u00e0 l\u2019Universit\u00e9 Sorbonne Paris Nord.<\/p>\n<p>\u00a0\u00ab\u00a0N\u00e9gocier tout le temps\u00a0\u00bb\u00a0<\/p>\n<p class=\" wall-content\">D\u2019apr\u00e8s une \u00e9tude de 2024 du Centre francilien Hubertine Auclert, les espaces de sport en libre acc\u00e8s, comme les \u00e9quipements de musculation ou les skateparks, sont majoritairement fr\u00e9quent\u00e9s par des gar\u00e7ons. Les \u00ab\u00a0city stades\u00a0\u00bb le sont \u00e0 95%.<br \/>Ces chiffres n\u2019\u00e9tonnent pas Anne-Sophie Hagi Suleiman et V\u00e9ronique Valenzuela. Assises sur la banquette d\u2019un caf\u00e9 d\u2019Aubervilliers, les deux amies se rem\u00e9morent la fugace existence des Hy\u00e8nes, leur \u00e9quipe de football f\u00e9minine qui s\u2019est un temps entra\u00een\u00e9e au city stade de la ville.<\/p>\n<p class=\" wall-content\">\u00ab\u00a0On devait n\u00e9gocier tout le temps avec les gars qui \u00e9taient l\u00e0\u00a0\u00bb, se souvient V\u00e9ronique Valenzuela. \u00ab\u00a0Parfois t\u2019avais pas envie de jouer mais tu disais : bon il faut quand m\u00eame que je sois l\u00e0 pour qu\u2019on soit repr\u00e9sent\u00e9es. C\u2019\u00e9tait presque politique comme pr\u00e9sence en fait\u00a0\u00bb, poursuit cette femme de 43 ans.<\/p>\n<p class=\" wall-content\">Anne-Sophie Hagi Suleiman rench\u00e9rit: \u00ab\u00a0Pour pouvoir jouer, il a fallu qu\u2019on accepte d\u2019int\u00e9grer les gamins dans le groupe, des petits ca\u00efds\u00a0\u00bb. Les deux femmes pr\u00e9cisent qu\u2019il n\u2019y avait pas d\u2019agressivit\u00e9 contre elles, mais une pression qui a pris le dessus et qui a condamn\u00e9 les Hy\u00e8nes.<\/p>\n<p>Votre r\u00e9gion, votre actu !<\/p>\n<p>Recevez chaque jour les infos qui comptent pour vous.<\/p>\n<p>\t<a href=\"https:\/\/actu.fr\/newsletter\" class=\"ac-btn ac-btn--corner ac-btn--medium ac-btn--blue800\" target=\"_blank\" rel=\"noopener\">S&rsquo;incrire<\/a><\/p>\n<p class=\" wall-content\">Elles sont membres du collectif \u00ab\u00a0Place aux Femmes\u00a0\u00bb, qui se bat pour r\u00e9tablir la mixit\u00e9 dans l\u2019espace public. Tout comme Maguy Ly, 76 ans, qui a fait partie du comit\u00e9 de consultation lors de la r\u00e9novation du stade. \u00ab\u00a0J\u2019ai demand\u00e9 que les appareils muraux soient moins hauts et pas visibles de la rue, mais ils n\u2019ont pas \u00e9cout\u00e9\u00a0\u00bb, se souvient-elle, am\u00e8re.<\/p>\n<p class=\" wall-content\">Pour Edith Maru\u00e9jouls, g\u00e9ographe du genre, les municipalit\u00e9s portent une responsabilit\u00e9.<br \/>\u00ab\u00a0Quand elles construisent une structure sportive, ce n\u2019est pas neutre\u00a0\u00bb, explique la fondatrice de l\u2019Atelier Recherche Observatoire \u00c9galit\u00e9. \u00ab\u00a0On ne peut pas dire: j\u2019ai fait un city stade et il est ouvert \u00e0 tout le monde, ce n\u2019est pas de notre faute si les femmes ne viennent pas\u00a0\u00bb.<\/p>\n<p>\u00a0Convention d\u2019occupation annuelle\u00a0<\/p>\n<p class=\" wall-content\">Allong\u00e9e sur un terrain de basket en plein air, Carole Cicciu s\u2019\u00e9chauffe en musique sous le regard de la star des Lakers, LeBron James, tagu\u00e9 sur le mur d\u2019enceinte. Ce soir-l\u00e0, A\u00efda, Felha, Am\u00e9lie et 14 autres femmes, toutes membres du Com\u00e8te Club, une \u00e9quipe de basket f\u00e9minine, la rejoignent et enchainent passes et paniers.<\/p>\n<p class=\" wall-content\">Il y a quatre ans, elles auraient peut-\u00eatre \u00e9t\u00e9 gentiment raccompagn\u00e9es vers la sortie par les hommes qui squattaient ce city stade de Saint-Ouen. Aujourd\u2019hui, les m\u00eames les saluent ou passent leur chemin sans leur pr\u00eater attention. Car Carole Cicciu a obtenu de la mairie une convention d\u2019occupation annuelle. Le contrat est clair : l\u2019acc\u00e8s au terrain de plein air est r\u00e9serv\u00e9 aux femmes pendant une heure et demie toutes les semaines, que cela plaise ou non. \u00ab\u00a0Finalement \u00e7a s\u2019est bien pass\u00e9. On a eu seulement trois accrochages depuis\u00a0\u00bb, relativise-t-elle.<\/p>\n<p class=\" wall-content\">Et le Com\u00e8te Club a remport\u00e9 un autre combat : l\u2019installation d\u2019un \u00e9clairage sur le city stade et ses acc\u00e8s, pour la s\u00e9curit\u00e9 des joueuses en quittant les lieux mais aussi tout simplement \u00ab\u00a0parce qu\u2019on ne pouvait pas jouer en hiver d\u00e8s que la nuit tombait\u00a0\u00bb, explique Carole Cicciu.<br \/>\u00ab\u00a0Ces projecteurs profitent \u00e0 tous, y compris aux hommes\u00a0\u00bb, rel\u00e8ve la jeune femme.<\/p>\n<p class=\" wall-content\"><strong>AFP<\/strong><\/p>\n<p class=\" wall-content\">Personnalisez votre actualit\u00e9 en ajoutant vos villes et m\u00e9dias en favori avec <a href=\"https:\/\/moncompte.actu.fr\" title=\"D\u00e9couvez Mon Actu\" rel=\"nofollow noopener\" data-trk=\"{&quot;cta&quot;:{&quot;action&quot;:&quot;https:\\\/\\\/moncompte.actu.fr&quot;,&quot;category&quot;:&quot;mon compte&quot;,&quot;from&quot;:&quot;article footer&quot;,&quot;name&quot;:&quot;Mon actu&quot;,&quot;type&quot;:&quot;cta&quot;}}\" target=\"_blank\">Mon Actu<\/a>.<\/p>\n","protected":false},"excerpt":{"rendered":"Par Thomas Martin Publi\u00e9 le 26 oct. 2025 \u00e0 7h16 O\u00f9 sont les femmes ? Lyna Abbaoui, 14&hellip;\n","protected":false},"author":2,"featured_media":490779,"comment_status":"","ping_status":"","sticky":false,"template":"","format":"standard","meta":{"footnotes":""},"categories":[1592],"tags":[1111,11,1777,674,6757,1011,27,662,12,626,25,104,517],"class_list":{"0":"post-490778","1":"post","2":"type-post","3":"status-publish","4":"format-standard","5":"has-post-thumbnail","7":"category-ile-de-france","8":"tag-actu","9":"tag-actualites","10":"tag-eu","11":"tag-europe","12":"tag-feminisme","13":"tag-fr","14":"tag-france","15":"tag-ile-de-france","16":"tag-news","17":"tag-paris","18":"tag-republique-francaise","19":"tag-societe","20":"tag-sport"},"share_on_mastodon":{"url":"https:\/\/pubeurope.com\/@fr\/115439531748266200","error":""},"_links":{"self":[{"href":"https:\/\/www.europesays.com\/fr\/wp-json\/wp\/v2\/posts\/490778","targetHints":{"allow":["GET"]}}],"collection":[{"href":"https:\/\/www.europesays.com\/fr\/wp-json\/wp\/v2\/posts"}],"about":[{"href":"https:\/\/www.europesays.com\/fr\/wp-json\/wp\/v2\/types\/post"}],"author":[{"embeddable":true,"href":"https:\/\/www.europesays.com\/fr\/wp-json\/wp\/v2\/users\/2"}],"replies":[{"embeddable":true,"href":"https:\/\/www.europesays.com\/fr\/wp-json\/wp\/v2\/comments?post=490778"}],"version-history":[{"count":0,"href":"https:\/\/www.europesays.com\/fr\/wp-json\/wp\/v2\/posts\/490778\/revisions"}],"wp:featuredmedia":[{"embeddable":true,"href":"https:\/\/www.europesays.com\/fr\/wp-json\/wp\/v2\/media\/490779"}],"wp:attachment":[{"href":"https:\/\/www.europesays.com\/fr\/wp-json\/wp\/v2\/media?parent=490778"}],"wp:term":[{"taxonomy":"category","embeddable":true,"href":"https:\/\/www.europesays.com\/fr\/wp-json\/wp\/v2\/categories?post=490778"},{"taxonomy":"post_tag","embeddable":true,"href":"https:\/\/www.europesays.com\/fr\/wp-json\/wp\/v2\/tags?post=490778"}],"curies":[{"name":"wp","href":"https:\/\/api.w.org\/{rel}","templated":true}]}}