{"id":490799,"date":"2025-10-26T08:41:11","date_gmt":"2025-10-26T08:41:11","guid":{"rendered":"https:\/\/www.europesays.com\/fr\/490799\/"},"modified":"2025-10-26T08:41:11","modified_gmt":"2025-10-26T08:41:11","slug":"lue-souhaite-rompre-sa-dependance-vis-a-vis-de-la-chine-pour-lapprovisionnement-en-metaux-rares","status":"publish","type":"post","link":"https:\/\/www.europesays.com\/fr\/490799\/","title":{"rendered":"L&rsquo;UE souhaite rompre sa d\u00e9pendance vis-\u00e0-vis de la Chine pour l&rsquo;approvisionnement en m\u00e9taux rares"},"content":{"rendered":"<p>L&rsquo;Union europ\u00e9enne pr\u00e9pare une strat\u00e9gie visant \u00e0 r\u00e9duire sa d\u00e9pendance vis-\u00e0-vis des mati\u00e8res premi\u00e8res critiques chinoises, a d\u00e9clar\u00e9 samedi la pr\u00e9sidente de la Commission europ\u00e9enne, Ursula von der Leyen. <\/p>\n<p>Cette nouvelle strat\u00e9gie fait suite \u00e0 la d\u00e9cision prise en octobre par la Chine d&rsquo;imposer des restrictions plus strictes sur les exportations de terres rares. Le g\u00e9ant asiatique a probablement pris cette mesure en r\u00e9ponse aux droits de douane d\u00e9cr\u00e9t\u00e9s par le pr\u00e9sident am\u00e9ricain Donald Trump, mais la cheffe de l&rsquo;ex\u00e9cutif europ\u00e9en a point\u00e9 du doigt l&rsquo;impact que cela aurait sur l&rsquo;Europe.<\/p>\n<p>\u00ab\u00a0Si l&rsquo;on consid\u00e8re que plus de 90 % de notre consommation d&rsquo;aimants en terres rares provient d&rsquo;importations chinoises, on comprend les risques que cela repr\u00e9sente pour l&rsquo;Europe et ses secteurs industriels les plus strat\u00e9giques\u00a0\u00bb, a d\u00e9clar\u00e9 von der Leyen lors d&rsquo;une conf\u00e9rence \u00e0 Berlin.<\/p>\n<p>Ces min\u00e9raux sont essentiels pour les industries de l&rsquo;UE, telles que l&rsquo;automobile, la d\u00e9fense, les technologies vertes et le secteur num\u00e9rique.<\/p>\n<p>Ursula von der Leyen a d\u00e9clar\u00e9 qu&rsquo;\u00e0 court terme, l&rsquo;UE se concentrerait sur la recherche de solutions avec ses interlocuteurs chinois, mais qu&rsquo;elle intensifierait \u00e9galement ses efforts de coordination avec d&rsquo;autres pays afin de garantir l&rsquo;acc\u00e8s \u00e0 d&rsquo;autres sources d&rsquo;approvisionnement en min\u00e9raux. <\/p>\n<p>\u00ab\u00a0L&rsquo;objectif est de garantir l&rsquo;acc\u00e8s \u00e0 des sources alternatives de mati\u00e8res premi\u00e8res essentielles \u00e0 court, moyen et long terme pour nos industries europ\u00e9ennes\u00a0\u00bb, a d\u00e9clar\u00e9 la pr\u00e9sidente de la Commission. \u00ab\u00a0Nous allons acc\u00e9l\u00e9rer la conclusion de partenariats dans le domaine des mati\u00e8res premi\u00e8res essentielles avec des pays tels que l&rsquo;Ukraine, l&rsquo;Australie, le Canada, le Kazakhstan, l&rsquo;Ouzb\u00e9kistan, le Chili et le Groenland\u00a0\u00bb.<\/p>\n<p>Von der Leyen d\u00e9clar\u00e9 que le nouveau programme, baptis\u00e9 RESourceEU, s&rsquo;inspire de REPowerEU, une initiative lanc\u00e9e apr\u00e8s l&rsquo;invasion de l&rsquo;Ukraine par la Russie dans le but de renforcer l&rsquo;ind\u00e9pendance de l&rsquo;UE dans le secteur \u00e9nerg\u00e9tique, au d\u00e9triment des sources d&rsquo;\u00e9nergie russes. <\/p>\n<p>\u00ab\u00a0Cela commence par une \u00e9conomie circulaire, non pas pour des raisons environnementales, mais pour exploiter les mati\u00e8res premi\u00e8res critiques d\u00e9j\u00e0 contenues dans les produits vendus en Europe\u00a0\u00bb, a d\u00e9clar\u00e9 la pr\u00e9sidente.<\/p>\n<p>\u00ab\u00a0En outre, nous nous concentrerons sur tous les aspects, des achats group\u00e9s au stockage. Nous stimulerons les investissements et les projets strat\u00e9giques pour la production et la transformation des mati\u00e8res premi\u00e8res critiques ici, dans l&rsquo;Union europ\u00e9enne\u00a0\u00bb, a-t-elle ajout\u00e9.<\/p>\n","protected":false},"excerpt":{"rendered":"L&rsquo;Union europ\u00e9enne pr\u00e9pare une strat\u00e9gie visant \u00e0 r\u00e9duire sa d\u00e9pendance vis-\u00e0-vis des mati\u00e8res premi\u00e8res critiques chinoises, a d\u00e9clar\u00e9&hellip;\n","protected":false},"author":2,"featured_media":490800,"comment_status":"","ping_status":"","sticky":false,"template":"","format":"standard","meta":{"footnotes":""},"categories":[1586],"tags":[11,309,1777,674,1779,1011,27,12,25,1778,13551,364,2544],"class_list":{"0":"post-490799","1":"post","2":"type-post","3":"status-publish","4":"format-standard","5":"has-post-thumbnail","7":"category-europe","8":"tag-actualites","9":"tag-chine","10":"tag-eu","11":"tag-europe","12":"tag-european-union","13":"tag-fr","14":"tag-france","15":"tag-news","16":"tag-republique-francaise","17":"tag-ue","18":"tag-ue-chine","19":"tag-union-europeenne","20":"tag-ursula-von-der-leyen"},"share_on_mastodon":{"url":"https:\/\/pubeurope.com\/@fr\/115439578927160644","error":""},"_links":{"self":[{"href":"https:\/\/www.europesays.com\/fr\/wp-json\/wp\/v2\/posts\/490799","targetHints":{"allow":["GET"]}}],"collection":[{"href":"https:\/\/www.europesays.com\/fr\/wp-json\/wp\/v2\/posts"}],"about":[{"href":"https:\/\/www.europesays.com\/fr\/wp-json\/wp\/v2\/types\/post"}],"author":[{"embeddable":true,"href":"https:\/\/www.europesays.com\/fr\/wp-json\/wp\/v2\/users\/2"}],"replies":[{"embeddable":true,"href":"https:\/\/www.europesays.com\/fr\/wp-json\/wp\/v2\/comments?post=490799"}],"version-history":[{"count":0,"href":"https:\/\/www.europesays.com\/fr\/wp-json\/wp\/v2\/posts\/490799\/revisions"}],"wp:featuredmedia":[{"embeddable":true,"href":"https:\/\/www.europesays.com\/fr\/wp-json\/wp\/v2\/media\/490800"}],"wp:attachment":[{"href":"https:\/\/www.europesays.com\/fr\/wp-json\/wp\/v2\/media?parent=490799"}],"wp:term":[{"taxonomy":"category","embeddable":true,"href":"https:\/\/www.europesays.com\/fr\/wp-json\/wp\/v2\/categories?post=490799"},{"taxonomy":"post_tag","embeddable":true,"href":"https:\/\/www.europesays.com\/fr\/wp-json\/wp\/v2\/tags?post=490799"}],"curies":[{"name":"wp","href":"https:\/\/api.w.org\/{rel}","templated":true}]}}