{"id":490806,"date":"2025-10-26T08:45:11","date_gmt":"2025-10-26T08:45:11","guid":{"rendered":"https:\/\/www.europesays.com\/fr\/490806\/"},"modified":"2025-10-26T08:45:11","modified_gmt":"2025-10-26T08:45:11","slug":"victor-perez-saccroche-michael-brennan-garde-la-tete-du-bank-of-utah-championship-lequipe","status":"publish","type":"post","link":"https:\/\/www.europesays.com\/fr\/490806\/","title":{"rendered":"Victor Perez s&#039;accroche, Michael Brennan garde la t\u00eate du Bank of Utah Championship &#8211; L&#039;\u00c9quipe"},"content":{"rendered":"<ol>\n<li><a href=\"https:\/\/news.google.com\/rss\/articles\/CBMiyAFBVV95cUxNci1oWWlEVjJfMVBuWTB1Um9tUnJma3ZSRkdUMnFMMjB6dVpPdjVwT185azVrUnZZMm9kZVhqWHV0dEhtM0VZRXhQRDFPOTRCbWZ3bEl5bEdxcmxFck5DUWh3WjVBeTFwYzRSaHl6WERqd0JoV3dEdEsxZmxjX1ZQU0dnQld1N0Nsa21FNWxyck8tVTVnblByTFU1c3F2dGVzaXVQR3dGNmVjeF9pWXBzU1FKVkpZdVQ4X0FSZFN4YnVhaUdtZVRIdg?oc=5\" target=\"_blank\" rel=\"nofollow noopener\">Victor Perez s&rsquo;accroche, Michael Brennan garde la t\u00eate du Bank of Utah Championship<\/a>&nbsp;&nbsp;L&rsquo;\u00c9quipe<\/li>\n<li><a href=\"https:\/\/news.google.com\/rss\/articles\/CBMikgFBVV95cUxQNWE4Z3gzVVcwZTVFSElyLUxsY1RHNG5fckxuT0ZETy1lVGNBRWwtOU04YjdZbWh0Nmpwc2xKRHpXX1Rid0thb21jMHJKek84LTBrU3U0YWYycEJGaVlQRWJBYzNuWG1qc1FrcjRwQV9qZVZydy1YQVlma3Btemlxc2YtVmxxSjJrZ2g5M19fT2JXdw?oc=5\" target=\"_blank\" rel=\"nofollow noopener\">Perez revient de loin, Brennan proche de l\u2019exploit<\/a>&nbsp;&nbsp;Golf Plan\u00e8te<\/li>\n<li><a href=\"https:\/\/news.google.com\/rss\/articles\/CBMijwJBVV95cUxQSGppcVZkUW1HemlGRGRlaVVla3N0dXI3WUs0SzVIX2Fhcjk5eVVHWkJlNl84RmM1YUdhb3VPOU54cnVFNjdyWWc2cDJQUGs3dWloRHFXODVQYWdqZTdNZ1NnTTlFdENZZExHQUdFU05hWVN1WUtRUkYxX3F1em52dm1FeHZrQlRSTmYxR3ZlTXNWQjExODAxWkNVMU5pQlYzSkVUdlY3RTFBbkxINVkyVWY4eXQ5b05VYTdsRXQ2NXpYUXRLY1BRNjU2T0owQ1lOZVd2a3pPb2V4TzFHNmJ6RThRV1o1UkZmUHZ0czlPRXdEdDJER3puaXM4aFkzWF9XTzYzM2hxR0IycnNlUVh3?oc=5\" target=\"_blank\" rel=\"nofollow noopener\">Golf. PGA Tour FedExCup Fall: Victor Perez et Antoine Rozner restent dans la course apr\u00e8s le tour 1<\/a>&nbsp;&nbsp;Ouest-France<\/li>\n<li><a href=\"https:\/\/news.google.com\/rss\/articles\/CBMi1wFBVV95cUxPZE1Rc1lVV0dGWWJ0cVFBMDJMdkh6QWE1ejh5OXgzeWc4eU1HNThGemF1RklKemE2RWYyZ0I0aUJzWjFJTmZQZWRqTzh3YUllTkpvQVF6VFdYWnlOTGlKMlNSWDFaWXlCMTNnZkxCLWNxS013MWlKMWFFT190cTFZdzJLZVZEYTdSS0ZUeHBucGZ1TmdlMTE1bVAwVWp2czU3djNTZlVXWk5FZURiOE9sVXJiSmJUaXE0UnJ5ZVU0UXZNOTdSZVg2YnZxejRnQjJqWVljSjJ6SQ?oc=5\" target=\"_blank\" rel=\"nofollow noopener\">Antoine Rozner et Victor Perez en sursis au Bank of Utah Championship, Michael Brennan en t\u00eate<\/a>&nbsp;&nbsp;L&rsquo;\u00c9quipe<\/li>\n<li><a href=\"https:\/\/news.google.com\/rss\/articles\/CBMimwFBVV95cUxNVTI4WlZXODFBVGgzTGl5el94RHN0NzN6bmtQVGRhMlE4OXNlX3dNbll3dWFZT3lTc0Y2NGR1WFdvZjNIMVdKbklDYnVmdXdDRFozM0hGcTdONU1wSXlRdXFyVFdjb1BXT3hQOHpydmxySDIxVlU2MGNzdGE0dVdRcThobHdibjZKLVYwNVFXb0gxdHhrOFBsckV4OA?oc=5\" target=\"_blank\" rel=\"nofollow noopener\">Golf professionnel : L\u2019actu du 20 au 26 octobre<\/a>&nbsp;&nbsp;F\u00e9d\u00e9ration Fran\u00e7aise de Golf<\/li>\n<\/ol>\n","protected":false},"excerpt":{"rendered":"Victor Perez s&rsquo;accroche, Michael Brennan garde la t\u00eate du Bank of Utah Championship&nbsp;&nbsp;L&rsquo;\u00c9quipe Perez revient de loin, Brennan&hellip;\n","protected":false},"author":2,"featured_media":490807,"comment_status":"","ping_status":"","sticky":false,"template":"","format":"standard","meta":{"footnotes":""},"categories":[1418],"tags":[1011,27,1472,60],"class_list":{"0":"post-490806","1":"post","2":"type-post","3":"status-publish","4":"format-standard","5":"has-post-thumbnail","7":"category-golf","8":"tag-fr","9":"tag-france","10":"tag-golf","11":"tag-sports"},"share_on_mastodon":{"url":"https:\/\/pubeurope.com\/@fr\/115439594604996449","error":""},"_links":{"self":[{"href":"https:\/\/www.europesays.com\/fr\/wp-json\/wp\/v2\/posts\/490806","targetHints":{"allow":["GET"]}}],"collection":[{"href":"https:\/\/www.europesays.com\/fr\/wp-json\/wp\/v2\/posts"}],"about":[{"href":"https:\/\/www.europesays.com\/fr\/wp-json\/wp\/v2\/types\/post"}],"author":[{"embeddable":true,"href":"https:\/\/www.europesays.com\/fr\/wp-json\/wp\/v2\/users\/2"}],"replies":[{"embeddable":true,"href":"https:\/\/www.europesays.com\/fr\/wp-json\/wp\/v2\/comments?post=490806"}],"version-history":[{"count":0,"href":"https:\/\/www.europesays.com\/fr\/wp-json\/wp\/v2\/posts\/490806\/revisions"}],"wp:featuredmedia":[{"embeddable":true,"href":"https:\/\/www.europesays.com\/fr\/wp-json\/wp\/v2\/media\/490807"}],"wp:attachment":[{"href":"https:\/\/www.europesays.com\/fr\/wp-json\/wp\/v2\/media?parent=490806"}],"wp:term":[{"taxonomy":"category","embeddable":true,"href":"https:\/\/www.europesays.com\/fr\/wp-json\/wp\/v2\/categories?post=490806"},{"taxonomy":"post_tag","embeddable":true,"href":"https:\/\/www.europesays.com\/fr\/wp-json\/wp\/v2\/tags?post=490806"}],"curies":[{"name":"wp","href":"https:\/\/api.w.org\/{rel}","templated":true}]}}