{"id":49081,"date":"2025-04-24T11:48:07","date_gmt":"2025-04-24T11:48:07","guid":{"rendered":"https:\/\/www.europesays.com\/fr\/49081\/"},"modified":"2025-04-24T11:48:07","modified_gmt":"2025-04-24T11:48:07","slug":"meme-en-velo-electrique-ils-peuvent-pas-le-suivre-un-ex-coureur-francais-stupefait-par-lexploit-de-pogacar-dans-la-fleche-wallonne","status":"publish","type":"post","link":"https:\/\/www.europesays.com\/fr\/49081\/","title":{"rendered":"\u00abM\u00eame en v\u00e9lo \u00e9lectrique, ils peuvent pas le suivre\u00bb, un ex-coureur fran\u00e7ais stup\u00e9fait par l\u2019exploit de Pogacar dans la Fl\u00e8che Wallonne"},"content":{"rendered":"<p>Lilian Calmejane, jeune retrait\u00e9 des pelotons, a \u00e9t\u00e9 bluff\u00e9 par la d\u00e9monstration de Tadej Pogacar dans les pentes \u00e0 20% du final de la Fl\u00e8che Wallonne.<\/p>\n<p class=\"fig-paragraph\">Tadej Pogacar\u00a0<a href=\"http:\/\/www.lefigaro.fr\/sports\/cyclisme\/cyclisme-surpuissant-pogacar-remporte-la-fleche-wallonne-devant-vauquelin-20250423\" data-fig-type=\"NewsFlash\" data-gtm-custom-categorie=\"navigation\" data-gtm-custom-action=\"crossclick\" data-gtm-custom-label=\"Contextuel\" data-gtm-event=\"customEventSPE\" data-fig-domain=\"LEFIGARO\" target=\"_blank\" rel=\"noopener\">a remport\u00e9 mercredi la Fl\u00e8che Walonne<\/a>\u00a0pour la deuxi\u00e8me fois de sa carri\u00e8re. Une nouvelle victoire acquise gr\u00e2ce \u00e0 une attaque dans le mur de Huy, final extr\u00eamement s\u00e9lectif avec des pentes \u00e0 20%. Lorsque le Slov\u00e8ne a plac\u00e9 une acc\u00e9l\u00e9ration \u00e0 moins de 500 m\u00e8tres de l\u2019arriv\u00e9e, aucun de ses rivaux n\u2019est parvenu \u00e0 prendre sa roue. Le triple vainqueur du Tour de France encha\u00eene les courses et les performances avec une impressionnante r\u00e9gularit\u00e9, qui, forc\u00e9ment, alimente les doutes.<\/p>\n<p class=\"fig-paragraph\">Cet exploit, Lilian Calmejane a pu le suivre devant son t\u00e9l\u00e9viseur. Le Fran\u00e7ais de 31 ans a pris sa retraite \u00e0 l\u2019issue de la saison 2024 en ayant notamment remport\u00e9 une \u00e9tape du Tour de France (2016) et une autre \u00e9tape, sur le Tour d\u2019Espagne (2016). 30e de la Grande Boucle en 2018, l\u2019Albigeois a \u00e9t\u00e9 bluff\u00e9, comme tous les amateurs de cyclisme par la sup\u00e9riorit\u00e9 \u00e9crasante du leader de UAE Team Emirates.<\/p>\n<p>La question du dopage abord\u00e9e<\/p>\n<p class=\"fig-paragraph\">\u00abPogi aujourd\u2019hui m\u00eame si tu mets tous les gars en VAE ils ne peuvent pas le suivre. Les v\u00e9los sont brid\u00e9s \u00e0 25, il va \u00e0 30 assis dans du 20%\u00bb, a-t-il \u00e9crit sur son compte X en accompagnant son message d\u2019un \u00e9moji riant aux \u00e9clats. Des propos teint\u00e9s d\u2019admiration mais peut-\u00eatre aussi de doute. Un internaute lui a r\u00e9pondu en lui posant la question sans prendre de gants. \u00abBon il serait temps d\u2019ouvrir sa gueule et dire r\u00e9ellement les termes\u00a0! Dop\u00e9 ou pas\u00a0? Personne dans le peloton ose dire les choses\u00bb, a interpell\u00e9 cet individu. \u00abSup\u00e9rieur oui\u00a0! Dop\u00e9, cela reste une question en suspens\u00a0? Perso j\u2019ai pas la r\u00e9ponse d\u00e9sol\u00e9 \u2026\u00bb, a r\u00e9torqu\u00e9 Calmejane en d\u00e9taillant, avec une certaine forme d\u2019admiration, le niveau du meilleur cycliste de la plan\u00e8te qui n\u2019est pas invincible.<\/p>\n<p class=\"fig-paragraph\">Pogacar compte d\u00e9j\u00e0 quatre victoires cette saison (Fl\u00e8che Wallonnne, Tour des Flandres,\u00a0<a href=\"http:\/\/www.lefigaro.fr\/sports\/cyclisme\/cyclisme-malgre-une-chute-pogacar-remporte-pour-la-3e-fois-les-strade-bianche-20250308\" data-fig-type=\"NewsFlash\" data-gtm-custom-categorie=\"navigation\" data-gtm-custom-action=\"crossclick\" data-gtm-custom-label=\"Contextuel\" data-gtm-event=\"customEventSPE\" data-fig-domain=\"LEFIGARO\" target=\"_blank\" rel=\"noopener\">Strade Bianche<\/a>\u00a0et tour des Emirats arabes Unis) mais il a \u00e9t\u00e9 battu\u00a0<a href=\"http:\/\/www.lefigaro.fr\/sports\/cyclisme\/paris-roubaix-van-der-poel-dompte-pogacar-pour-rejoindre-lapize-et-moser-dans-la-legende-20250413\" data-fig-type=\"NewsFlash\" data-gtm-custom-categorie=\"navigation\" data-gtm-custom-action=\"crossclick\" data-gtm-custom-label=\"Contextuel\" data-gtm-event=\"customEventSPE\" data-fig-domain=\"LEFIGARO\" target=\"_blank\" rel=\"noopener\">\u00e0 Paris-Roubaix (2e)<\/a>, l\u2019Amstel Gold Race (2e) et \u00e0\u00a0<a href=\"http:\/\/www.lefigaro.fr\/sports\/cyclisme\/milan-san-remo-van-der-poel-monumental-les-francais-hors-du-coup-les-tops-et-flops-20250322\" data-fig-type=\"Article\" data-gtm-custom-categorie=\"navigation\" data-gtm-custom-action=\"crossclick\" data-gtm-custom-label=\"Contextuel\" data-gtm-event=\"customEventSPE\" data-fig-domain=\"LEFIGARO\" target=\"_blank\" rel=\"noopener\">Milan San Remo (3e)<\/a>\u00a0cette saison\u00a0: \u00abVan der Poel, Wout Wan Aert, Vingegaard, Evenepoel, Roglic et d\u2019autres lui ont d\u00e9j\u00e0 fait la peau\u00a0! Certes il domine mais on a le droit \u00e0 des batailles \u00e9piques\u00a0! Alors oui, ces mecs-l\u00e0 font passer les autres pour des peintres mais croyez-moi le ventre mou (10e \u00e0 40e) place est d\u2019un niveau incroyable.\u00bb<\/p>\n<p class=\"fig-body-link\">\n            \u00c0 lire aussi<br \/>\n        <a class=\"fig-body-link__link fig-premium-mark\" href=\"http:\/\/www.lefigaro.fr\/sports\/cyclisme\/il-est-en-train-de-taper-a-la-porte-de-la-grande-histoire-du-velo-tadej-pogacar-reve-du-paris-roubaix-20250412\" data-fig-type=\"Article\" data-gtm-custom-categorie=\"navigation\" data-gtm-custom-action=\"crossclick\" data-gtm-custom-label=\"Contextuel\" data-gtm-event=\"customEventSPE\" data-fig-domain=\"LEFIGARO\" target=\"_blank\" rel=\"noopener\">\u00abIl est en train de taper \u00e0 la porte de la grande histoire du v\u00e9lo\u00bb\u00a0: Tadej Pogacar r\u00eave du Paris-Roubaix<br \/>\n    <\/a>\n<\/p>\n<p class=\"fig-paragraph\">Alors que le d\u00e9bat se poursuivait en s\u2019orientant clairement vers la question du dopage, Calmejane a ajout\u00e9\u00a0: \u00abTu crois que personne se pose des questions\u00a0? Se poser des questions et \u00e9mettre des doutes ne veut pas dire qu\u2019il y a triche av\u00e9r\u00e9e\u00a0! Je comprends pas le raccourci syst\u00e9matique en cyclisme avec performance et dopage\u00a0? Les autres sport \u00e9voluent aussi \u00e0 la m\u00eame vitesse voir plus \u2026\u00bb<\/p>\n<p class=\"fig-paragraph\">En annon\u00e7ant sa retraite, Lilian Calmejane, 12 victoires chez les professionnels,\u00a0<a href=\"http:\/\/www.lefigaro.fr\/sports\/cyclisme\/cyclisme-le-francais-lilian-calmejane-moins-epanoui-quitte-le-peloton-professionnel-20241018\" data-fig-type=\"NewsFlash\" data-gtm-custom-categorie=\"navigation\" data-gtm-custom-action=\"crossclick\" data-gtm-custom-label=\"Contextuel\" data-gtm-event=\"customEventSPE\" data-fig-domain=\"LEFIGARO\" target=\"_blank\" rel=\"noopener\">avait fait part de son soulagement<\/a>, confiant qu\u2019il ne \u00abtrouvait plus sa place\u00bb dans un peloton du World Tour, l\u2019\u00e9lite du v\u00e9lo. \u00abDepuis quelques ann\u00e9es, je me sens \u00e0 l\u2019\u00e9troit et moins \u00e9panoui. Mes r\u00e9sultats ou plut\u00f4t mes performances ne me satisfont plus\u00bb, avait-il expliqu\u00e9 avec lucidit\u00e9 et franchise. \u00abMes r\u00eaves ont \u00e9t\u00e9 atteints tr\u00e8s t\u00f4t dans ma carri\u00e8re et cela m\u2019a s\u00fbrement desservi en termes de motivation pour avoir un palmar\u00e8s plus fourni\u00bb, avait-il \u00e9crit sur les r\u00e9seaux sociaux.<\/p>\n<p>Calmejane avait \u00e9pingl\u00e9 un coureur fran\u00e7ais test\u00e9 positif<\/p>\n<p class=\"fig-paragraph\">Coureur au franc-parler reconnu, Calmejane ne s\u2019\u00e9tait pas montr\u00e9 tendre en 2023\u00a0<a href=\"http:\/\/www.lefigaro.fr\/sports\/cyclisme\/cyclisme-enormissime-ce-jeune-homme-le-tweet-acide-de-lilian-calmejane-sur-alex-baudin-teste-positif-au-giro-20230802\" data-fig-type=\"NewsFlash\" data-gtm-custom-categorie=\"navigation\" data-gtm-custom-action=\"crossclick\" data-gtm-custom-label=\"Contextuel\" data-gtm-event=\"customEventSPE\" data-fig-domain=\"LEFIGARO\" target=\"_blank\" rel=\"noopener\">en commentant le contr\u00f4le antidopage positif d\u2019un jeune coureur fran\u00e7ais<\/a>, Alex Baudin, qui avait annonc\u00e9 \u00e0 l\u2019\u00e9poque vouloir se d\u00e9fendre en portant l\u2019affaire devant le Tribunal Arbitral du Sport. \u00ab\u00a0\u00bb \u00c0 l\u2019insu de mon plein gr\u00e9\u00a0\u00bb \u00c9normissime ce jeune homme\u00bb, avait comment\u00e9 dans un tweet acide l\u2019ex-coureur en faisant ici r\u00e9f\u00e9rence \u00e0 la citation devenue c\u00e9l\u00e8bre attribu\u00e9e \u00e0 Richard Virenque par les Guignols de l\u2019Info alors que le c\u00e9l\u00e8bre grimpeur fran\u00e7ais \u00e9tait plong\u00e9 dans l\u2019affaire Festina, un scandale de dopage retentissant durant le Tour de France 1998.<\/p>\n","protected":false},"excerpt":{"rendered":"Lilian Calmejane, jeune retrait\u00e9 des pelotons, a \u00e9t\u00e9 bluff\u00e9 par la d\u00e9monstration de Tadej Pogacar dans les pentes&hellip;\n","protected":false},"author":2,"featured_media":49082,"comment_status":"","ping_status":"","sticky":false,"template":"","format":"standard","meta":{"footnotes":""},"categories":[9],"tags":[1141,1142,207,1143,1011,27,60,1138,1140,1139,210],"class_list":{"0":"post-49081","1":"post","2":"type-post","3":"status-publish","4":"format-standard","5":"has-post-thumbnail","7":"category-sports","8":"tag-actualite-cyclisme","9":"tag-competition-cyclisme","10":"tag-cyclisme","11":"tag-cyclisme-actu","12":"tag-fr","13":"tag-france","14":"tag-sports","15":"tag-tadej-pogacar","16":"tag-tour-despagne","17":"tag-tour-ditalie","18":"tag-tour-de-france"},"share_on_mastodon":{"url":"https:\/\/pubeurope.com\/@fr\/114392786887268712","error":""},"_links":{"self":[{"href":"https:\/\/www.europesays.com\/fr\/wp-json\/wp\/v2\/posts\/49081","targetHints":{"allow":["GET"]}}],"collection":[{"href":"https:\/\/www.europesays.com\/fr\/wp-json\/wp\/v2\/posts"}],"about":[{"href":"https:\/\/www.europesays.com\/fr\/wp-json\/wp\/v2\/types\/post"}],"author":[{"embeddable":true,"href":"https:\/\/www.europesays.com\/fr\/wp-json\/wp\/v2\/users\/2"}],"replies":[{"embeddable":true,"href":"https:\/\/www.europesays.com\/fr\/wp-json\/wp\/v2\/comments?post=49081"}],"version-history":[{"count":0,"href":"https:\/\/www.europesays.com\/fr\/wp-json\/wp\/v2\/posts\/49081\/revisions"}],"wp:featuredmedia":[{"embeddable":true,"href":"https:\/\/www.europesays.com\/fr\/wp-json\/wp\/v2\/media\/49082"}],"wp:attachment":[{"href":"https:\/\/www.europesays.com\/fr\/wp-json\/wp\/v2\/media?parent=49081"}],"wp:term":[{"taxonomy":"category","embeddable":true,"href":"https:\/\/www.europesays.com\/fr\/wp-json\/wp\/v2\/categories?post=49081"},{"taxonomy":"post_tag","embeddable":true,"href":"https:\/\/www.europesays.com\/fr\/wp-json\/wp\/v2\/tags?post=49081"}],"curies":[{"name":"wp","href":"https:\/\/api.w.org\/{rel}","templated":true}]}}