{"id":490810,"date":"2025-10-26T08:48:08","date_gmt":"2025-10-26T08:48:08","guid":{"rendered":"https:\/\/www.europesays.com\/fr\/490810\/"},"modified":"2025-10-26T08:48:08","modified_gmt":"2025-10-26T08:48:08","slug":"atp-vienne-zverev-alcaraz-est-le-plus-rapide-mais-en-termes-de-positionnement-et-de-jeu-de-jambes-je-pense-que-sinner-est-le-meilleur-we-love-tennis","status":"publish","type":"post","link":"https:\/\/www.europesays.com\/fr\/490810\/","title":{"rendered":"ATP &#8211; Vienne &gt; Zverev : &quot;Alcaraz est le plus rapide, mais en termes de positionnement et de jeu de jambes, je pense que Sinner est le meilleur&quot; &#8211; We Love Tennis"},"content":{"rendered":"<ol>\n<li><a href=\"https:\/\/news.google.com\/rss\/articles\/CBMi-AFBVV95cUxQbE5aWXgtNmdXVkZwc2dxOVJIUzhNcjlWaFYxNnNZUU1iaWs3NmY1TURDSkU4and5bkhWcDhIam50c1dkeldBQjdBc3R3MHoyeXJiTjltRDhOSy16QW1URHlKQWJOS1QwWDY0OFZXUDJ5QUwwVHBoUGdZWDRjYTNqUVhrM2tTT1dEdG1WRWtJV3otd1lvUTFxZFdVamRsSm9SaFRWWUZ3U3VfZkpOSWc1WkctYU5sM0xBVVVoWUUzUUZxV09NTmMxdXE2WVM0VjFRTUN1RDNETkRhSWRSdU9SMENiektHaFEtU1RTNXkyQWVJV3VoWWRtZg?oc=5\" target=\"_blank\" rel=\"nofollow noopener\">ATP &#8211; Vienne &gt; Zverev : \u00ab\u00a0Alcaraz est le plus rapide, mais en termes de positionnement et de jeu de jambes, je pense que Sinner est le meilleur\u00a0\u00bb<\/a>&nbsp;&nbsp;We Love Tennis<\/li>\n<li><a href=\"https:\/\/news.google.com\/rss\/articles\/CBMi5AFBVV95cUxPZmV6OUlkOEstSV9sZl9VcVp5QXNxd3VMMHhGeUxFT2FkdGlyVFlGRk5XaFp2ckV1QnZPQXlIUVZNMjRlWmNwbTdTUkdzeGZrNE84ZVV6OHhXcHBzcllReTNWclNwV2RlUE5lQ1ZQa0t4SWJDT1VTakZzbDYwM2czWWZ0TE1raFI2Q1pNMldZUG0xMnEwRXNCWTNwVVJ3M1NISUVwN2p2VGJKeXNyVjBhRUZzc0tkTWMydG4wcV9sdDFocXB6MGJCUnV5YjU0MjNIT1BJQzBla2JQZXM0U2RYMnphdW0?oc=5\" target=\"_blank\" rel=\"nofollow noopener\">Tennis &#8211; Zverev sans crainte : \u00ab\u00a0Alcaraz et Sinner frappent fort, mais en tant qu&rsquo;ex-num\u00e9ro 2 mondial, je sais que ma place est au sommet\u00a0\u00bb<\/a>&nbsp;&nbsp;PenseBet<\/li>\n<li><a href=\"https:\/\/news.google.com\/rss\/articles\/CBMigwJBVV95cUxPOG15N2ZtT2xIMkZUMS1Uam1LVVNtamdRZVg4RWU5SDdSMzR4SGd4NkxWZ3lrUHk5WllsREpTM1Y2Sm5jLThmbWdGMlpQOU5xU3N2WlFUZF9RRkdSc2ppRW1pakNBcjB3VkRUdWVTMFRGcDFZbnBQaUlyVjhleTdrbkptZTRYTzNYNHVJb0lvX3l1WFVNU3VaQjR5Q2FweTlfOENPT0lHald0VFprMkw3MG5QdERRSWNiak1OSzAxRXJYZ0xDcHNMSmxORGRKTWVOUGZOUG9KamlDa1JIdjhITnJ4eE1oa3MwSmFQTmV3VHRUd3B6VFBOalFrM0ZyZkJ2Z3Zv?oc=5\" target=\"_blank\" rel=\"nofollow noopener\">Alexander Zverev est incom\u00adpr\u00e9\u00adhen\u00adsible : \u00ab Je n\u2019ai su que lors de l\u2019\u00e9chauf\u00adfe\u00adment que j\u2019al\u00adlais jouer ce match \u00bb<\/a>&nbsp;&nbsp;MSN<\/li>\n<li><a href=\"https:\/\/news.google.com\/rss\/articles\/CBMi1AFBVV95cUxNZ014MHh2N01KaGZZeXA3elZ3UnMyNzg3ajhoZDdfeFlybTEwQnhqQVhOOU83YWJ5c054YjB6Tjk1VFJ3LWJDbkt2VGI5aDA0ajJUZjRPYmJ3MklDd3BqaTYzV1NScUNvUk4wUFdsNHNlZXc3eGsxVklFMjJjakFieWxfY2FVekJzVGJCc1RldlR5bEdpT3pkRTN1dVhTU1RfOEhYTnI2cGpLY1A3YlN0UHZfNTNZYVJBVEVRUHNkc1Z1aVRpeTJId19LU1Y4dFRhcWRSdQ?oc=5\" target=\"_blank\" rel=\"nofollow noopener\">ATP Vienne : Alexander Zverev oppose Jannik Sinner \u00e0 Carlos Alcaraz dans une d\u00e9claration qui fait d\u00e9bat<\/a>&nbsp;&nbsp;dailysports.fr<\/li>\n<li><a href=\"https:\/\/news.google.com\/rss\/articles\/CBMihAFBVV95cUxORElBTk5QQVc2Y0tZRGZ5UWdtYlZFOHh3M28zS0k5emxsOGp1US1ac0tySFJiRUpOOWU5RThWN3A3UU5iWnBaOTFzampnVzdBTzN3WVppV3lDZ3ZJeHdtOFhiajhTWGJnYTREbnViYVhmMjd6UFVoZlZlQVFVYW52WHAweDY?oc=5\" target=\"_blank\" rel=\"nofollow noopener\">Zverev pr\u00eat \u00e0 se relancer \u00e0 Vienne et Paris : \u00ab Je suis confiant que tout ira bien \u00bb<\/a>&nbsp;&nbsp;Tennis Temple<\/li>\n<\/ol>\n","protected":false},"excerpt":{"rendered":"ATP &#8211; Vienne &gt; Zverev : \u00ab\u00a0Alcaraz est le plus rapide, mais en termes de positionnement et de&hellip;\n","protected":false},"author":2,"featured_media":395849,"comment_status":"","ping_status":"","sticky":false,"template":"","format":"standard","meta":{"footnotes":""},"categories":[1415],"tags":[1011,27,60,1467],"class_list":{"0":"post-490810","1":"post","2":"type-post","3":"status-publish","4":"format-standard","5":"has-post-thumbnail","7":"category-tennis","8":"tag-fr","9":"tag-france","10":"tag-sports","11":"tag-tennis"},"share_on_mastodon":{"url":"https:\/\/pubeurope.com\/@fr\/115439606377788054","error":""},"_links":{"self":[{"href":"https:\/\/www.europesays.com\/fr\/wp-json\/wp\/v2\/posts\/490810","targetHints":{"allow":["GET"]}}],"collection":[{"href":"https:\/\/www.europesays.com\/fr\/wp-json\/wp\/v2\/posts"}],"about":[{"href":"https:\/\/www.europesays.com\/fr\/wp-json\/wp\/v2\/types\/post"}],"author":[{"embeddable":true,"href":"https:\/\/www.europesays.com\/fr\/wp-json\/wp\/v2\/users\/2"}],"replies":[{"embeddable":true,"href":"https:\/\/www.europesays.com\/fr\/wp-json\/wp\/v2\/comments?post=490810"}],"version-history":[{"count":0,"href":"https:\/\/www.europesays.com\/fr\/wp-json\/wp\/v2\/posts\/490810\/revisions"}],"wp:featuredmedia":[{"embeddable":true,"href":"https:\/\/www.europesays.com\/fr\/wp-json\/wp\/v2\/media\/395849"}],"wp:attachment":[{"href":"https:\/\/www.europesays.com\/fr\/wp-json\/wp\/v2\/media?parent=490810"}],"wp:term":[{"taxonomy":"category","embeddable":true,"href":"https:\/\/www.europesays.com\/fr\/wp-json\/wp\/v2\/categories?post=490810"},{"taxonomy":"post_tag","embeddable":true,"href":"https:\/\/www.europesays.com\/fr\/wp-json\/wp\/v2\/tags?post=490810"}],"curies":[{"name":"wp","href":"https:\/\/api.w.org\/{rel}","templated":true}]}}