{"id":490811,"date":"2025-10-26T08:52:16","date_gmt":"2025-10-26T08:52:16","guid":{"rendered":"https:\/\/www.europesays.com\/fr\/490811\/"},"modified":"2025-10-26T08:52:16","modified_gmt":"2025-10-26T08:52:16","slug":"riko-tammepuu-passe-en-conti-actualite","status":"publish","type":"post","link":"https:\/\/www.europesays.com\/fr\/490811\/","title":{"rendered":"Riko Tammepuu passe en Conti &#8211; Actualit\u00e9"},"content":{"rendered":"<p style=\"text-align: justify;\">L&rsquo;U19 Academy R\u00e9gion Sud Powered by Giant va envoyer l&rsquo;un de ses Juniors en Conti. Il s&rsquo;agit de Riko Tammepuu, qui \u00e9voluera avec\u00a0UN Cycling Team x Py\u00f6r\u00e4varikko l&rsquo;an prochain, un club finlandais qui va passer \u00e0 l&rsquo;\u00e9chelon sup\u00e9rieur.<\/p>\n<p><strong><a href=\"https:\/\/www.directvelo.com\/coureur\/59884\/riko-tammepuu\" target=\"_blank\" rel=\"noopener\">Riko Tammepuu<\/a><\/strong>, 18 ans, s&rsquo;est impos\u00e9 sur une \u00e9tape du\u00a0Tour Junior Causses-Aigoual-C\u00e9vennes et Pays de Sommi\u00e8res, dont il a pris la 3e place au classement g\u00e9n\u00e9ral. Il a \u00e9galement termin\u00e9 3e d&rsquo;\u00e9tape \u00e0 la C\u00f4te d&rsquo;Or Classic et du Championnat d&rsquo;Estonie Juniors.<\/p>\n<p>En UCI, l&rsquo;Estonien a termin\u00e9 6e du classement g\u00e9n\u00e9ral de la C\u00f4te d&rsquo;Or Classic, 13e et deux fois 16e d&rsquo;\u00e9tape \u00e0 la Course internationale de Cottbus (20e du g\u00e9n\u00e9ral), ou encore 18e de la Coppa Montes.<\/p>\n<p>Retrouvez tous les transferts de Conti <strong><a href=\"https:\/\/www.directvelo.com\/mutations\/2026#pro-conti\" target=\"_blank\" rel=\"noopener\">en cliquant ici<\/a><\/strong>.<\/p>\n","protected":false},"excerpt":{"rendered":"L&rsquo;U19 Academy R\u00e9gion Sud Powered by Giant va envoyer l&rsquo;un de ses Juniors en Conti. Il s&rsquo;agit de&hellip;\n","protected":false},"author":2,"featured_media":490812,"comment_status":"","ping_status":"","sticky":false,"template":"","format":"standard","meta":{"footnotes":""},"categories":[1411],"tags":[834,828,836,829,837,827,83,826,824,823,1154,207,814,817,815,816,822,821,832,211,839,1011,27,820,818,819,835,831,830,833,838,60,212,208,825],"class_list":{"0":"post-490811","1":"post","2":"type-post","3":"status-publish","4":"format-standard","5":"has-post-thumbnail","7":"category-cyclisme","8":"tag-attaque","9":"tag-belgique","10":"tag-braquet","11":"tag-bretagne","12":"tag-chute","13":"tag-competition","14":"tag-coupe-de-france","15":"tag-coureur","16":"tag-course-cyclisme","17":"tag-course-cycliste","18":"tag-cycling","19":"tag-cyclisme","20":"tag-direct","21":"tag-direct-velo","22":"tag-directvelo","23":"tag-directvelo-com","24":"tag-epreuve","25":"tag-epreuve-cycliste","26":"tag-federation-francaise-de-cyclisme","27":"tag-ffc","28":"tag-flandres","29":"tag-fr","30":"tag-france","31":"tag-live","32":"tag-live-course","33":"tag-live-epreuve","34":"tag-peloton","35":"tag-radio-peloton","36":"tag-radio-tour","37":"tag-ravitaillement","38":"tag-relance","39":"tag-sports","40":"tag-uci","41":"tag-velo","42":"tag-velos"},"share_on_mastodon":{"url":"https:\/\/pubeurope.com\/@fr\/115439622255255803","error":""},"_links":{"self":[{"href":"https:\/\/www.europesays.com\/fr\/wp-json\/wp\/v2\/posts\/490811","targetHints":{"allow":["GET"]}}],"collection":[{"href":"https:\/\/www.europesays.com\/fr\/wp-json\/wp\/v2\/posts"}],"about":[{"href":"https:\/\/www.europesays.com\/fr\/wp-json\/wp\/v2\/types\/post"}],"author":[{"embeddable":true,"href":"https:\/\/www.europesays.com\/fr\/wp-json\/wp\/v2\/users\/2"}],"replies":[{"embeddable":true,"href":"https:\/\/www.europesays.com\/fr\/wp-json\/wp\/v2\/comments?post=490811"}],"version-history":[{"count":0,"href":"https:\/\/www.europesays.com\/fr\/wp-json\/wp\/v2\/posts\/490811\/revisions"}],"wp:featuredmedia":[{"embeddable":true,"href":"https:\/\/www.europesays.com\/fr\/wp-json\/wp\/v2\/media\/490812"}],"wp:attachment":[{"href":"https:\/\/www.europesays.com\/fr\/wp-json\/wp\/v2\/media?parent=490811"}],"wp:term":[{"taxonomy":"category","embeddable":true,"href":"https:\/\/www.europesays.com\/fr\/wp-json\/wp\/v2\/categories?post=490811"},{"taxonomy":"post_tag","embeddable":true,"href":"https:\/\/www.europesays.com\/fr\/wp-json\/wp\/v2\/tags?post=490811"}],"curies":[{"name":"wp","href":"https:\/\/api.w.org\/{rel}","templated":true}]}}