{"id":490817,"date":"2025-10-26T08:55:24","date_gmt":"2025-10-26T08:55:24","guid":{"rendered":"https:\/\/www.europesays.com\/fr\/490817\/"},"modified":"2025-10-26T08:55:24","modified_gmt":"2025-10-26T08:55:24","slug":"grand-format-on-vous-fait-decouvrir-cette-incroyable-maison-futuriste-nichee-au-coeur-du-perche","status":"publish","type":"post","link":"https:\/\/www.europesays.com\/fr\/490817\/","title":{"rendered":"Grand format. On vous fait d\u00e9couvrir cette incroyable maison futuriste, nich\u00e9e au coeur du Perche"},"content":{"rendered":"<p>            Par<br \/>\n        <strong><br \/>\n            <a href=\"https:\/\/actu.fr\/auteur\/vincent-guerrier\" title=\"Consulter tous les articles de Vincent Guerrier\" rel=\"nofollow noopener\" target=\"_blank\">Vincent Guerrier<\/a><br \/>\n        <\/strong><\/p>\n<p>        Publi\u00e9 le<\/p>\n<p>            26 oct. 2025 \u00e0 6h24        <\/p>\n<p>Au d\u00e9but des ann\u00e9es 2000, Nicolas Libert et Emmanuel Renoird visitent une maison \u00e0 quelques hectom\u00e8tres du bourg de <b>La Perri\u00e8re<\/b> (<a href=\"https:\/\/actu.fr\/61actu\/\" rel=\"nofollow noopener\" target=\"_blank\">Orne<\/a>). Une maison qui ne ressemble \u00e0 aucune autre. Une maison qui est tout droit sortie d\u2019un film hollywoodien ou d\u2019une revue de science-fiction qui veut nous pr\u00e9parer aux \u00ab maisons du futur \u00bb. D\u00e9sormais en vente, Le Perche a eu le privil\u00e8ge de la visiter. Petit plongeon au coeur de la Californie.<\/p>\n<p>    <img decoding=\"async\" loading=\"lazy\" class=\"size-large\" src=\"https:\/\/www.europesays.com\/fr\/wp-content\/uploads\/2025\/10\/7101d758d6e868501d758d6e86901dv-960x640.jpg\" alt=\"Maison Dreux La Perri\u00e8re\" width=\"960\" height=\"640\"\/><br \/>\n    La maison poss\u00e8de un bel \u00e9tang. \u00a9Vincent GUERRIER<\/p>\n<p class=\" wall-content\">Un immense bloc de b\u00e9ton, pareil \u00e0 un vaisseau, est pos\u00e9 sur deux piliers en b\u00e9ton. Au pied de ces piliers sortent plusieurs entr\u00e9es pareilles \u00e0 des pieds qui semblent tenir cet ensemble blanc.<\/p>\n<p class=\" wall-content\">Le couple qui visite vit alors \u00e0 Paris. Ils sont scotch\u00e9s par le style, et surtout par cette incroyable plong\u00e9e dans la nature qu\u2019offre cette tour de contr\u00f4le et sur son terrain de 13 hectares compos\u00e9 de bois, d\u2019\u00e9tangs, de collines et de chemins pour la balade. \u00ab Mais qui est l\u2019architecte de cette maison ? \u00bb, s\u2019interrogent-ils, curieux. \u00ab Il s\u2019appelle Pierre Dreux \u00bb, r\u00e9pond l\u2019agent immobilier qui organise la visite. \u00ab Pierre Dreux, comme vous ? \u00bb, relance le couple. \u00ab Oui. C\u2019est \u00e9tonnant, je sais, mais je suis \u00e0 la fois l\u2019agent immobilier et celui qui a dessin\u00e9 cette maison. \u00bb<\/p>\n<p>    <img decoding=\"async\" loading=\"lazy\" class=\"size-large\" src=\"https:\/\/www.europesays.com\/fr\/wp-content\/uploads\/2025\/10\/031e3720bee86071e3720bee8da1e3v-960x640.jpg\" alt=\"Le salon est une sorte de vigie sur les bois environnants.\" width=\"960\" height=\"640\"\/><br \/>\n    Le salon est une sorte de vigie sur les bois environnants. \u00a9Manuel BOUGOT<\/p>\n<p class=\" wall-content\">Vingt-cinq ans plus tard, l\u2019affirmation est largement d\u00e9mentie dans le village. Pierre Dreux n\u2019ayant en effet jamais eu le moindre dipl\u00f4me d\u2019architecte. Quoi qu\u2019il en soit, l\u2019incroyable maison est \u00e0 nouveau mise en vente \u00e0 La Perri\u00e8re.<\/p>\n<p class=\" wall-content\">Pierre Dreux n\u2019est autre que le fils de Gaston Dreux, ce grand industriel qui a fait travailler jusqu\u2019\u00e0 500 personnes dans ses usines au c\u0153ur de La Perri\u00e8re au d\u00e9but des ann\u00e9es 50.<\/p>\n<p>    <img decoding=\"async\" loading=\"lazy\" class=\"size-large\" src=\"https:\/\/www.europesays.com\/fr\/wp-content\/uploads\/2025\/10\/3f7fc758d6e86238fc758d6e8178fcv-960x640.jpg\" alt=\"Maison Dreux La Perri\u00e8re\" width=\"960\" height=\"640\"\/><br \/>\n    Un look unique. \u00a9Vincent GUERRIER<\/p>\n<p>Votre r\u00e9gion, votre actu !<\/p>\n<p>Recevez chaque jour les infos qui comptent pour vous.<\/p>\n<p>\t<a href=\"https:\/\/actu.fr\/newsletter\" class=\"ac-btn ac-btn--corner ac-btn--medium ac-btn--blue800\" rel=\"nofollow noopener\" target=\"_blank\">S&rsquo;incrire<\/a><\/p>\n<p class=\" wall-content\">L\u2019industriel a fait fortune gr\u00e2ce \u00e0 ses maisons en bois \u00e0 l\u2019architecture moderne, qu\u2019il a vendues partout en France. Au point de devenir le notable de la commune, poss\u00e9dant de nombreux biens immobiliers du bourg.<\/p>\n<p class=\" wall-content\">Gaston Dreux aime les grands projets. Son fils, Pierre, avec qui il a dirig\u00e9 un temps la soci\u00e9t\u00e9, avant d\u2019avoir quelques d\u00e9m\u00eal\u00e9s avec la justice, a donc pens\u00e9 cette maison apr\u00e8s avoir fait un voyage en Californie.\u00a0<\/p>\n<blockquote class=\"ac-article-quote wall-content\">\n<p>Il nous avait indiqu\u00e9 qu\u2019il s\u2019agissait peu ou prou d\u2019une r\u00e9plique d\u2019une maison au bord de l\u2019eau, qu\u2019il avait vu \u00e0 Sausalito, au nord de San Francisco.<\/p>\n<p>Nicolas Libert, actuel propri\u00e9taire.<\/p><\/blockquote>\n<p class=\" wall-content\">Mais Nicolas Libert, fondateur de plusieurs agences immobili\u00e8res, et vivant justement entre la France et Los Angeles, n\u2019a jamais r\u00e9ussi \u00e0 retrouver la maison.<\/p>\n<p>Le r\u00eave d\u2019une \u00eele<\/p>\n<p class=\" wall-content\">Le chantier titanesque de la maison voit le jour en 1976, \u00e0 la place d\u2019une ancienne ferme qui appartenait la famille Liger. Pendant des jours et des nuits, des bulldozers vont d\u00e9caisser des centaines de m\u00e8tres cubes de terres, pour reproduire San Francisco dans le Perche.<\/p>\n<p class=\" wall-content\">\u00ab Pierre Dreux nous a expliqu\u00e9 qu\u2019il souhaitait pouvoir profiter d\u2019un lac d\u2019un hectare et demi, que l\u2019on pourrait emprunter \u00e0 l\u2019aide d\u2019une petite embarcation, afin de rejoindre un \u00eelot central \u00bb, renseigne l\u2019actuel propri\u00e9taire, <a href=\"https:\/\/actu.fr\/bretagne\/la-gouesniere_35122\/pres-de-saint-malo-le-chateau-de-bonaban-va-bientot-souvrir-au-public_61347628.html\" rel=\"nofollow noopener\" target=\"_blank\">qui restaure actuellement le ch\u00e2teau de Bonaban<\/a>, pr\u00e8s de Saint-Malo. Les Dreux d\u00e9tournent alors, sans aucune autorisation, une rivi\u00e8re voisine pour remplir ce futur lac. Probl\u00e8me, ils ont tellement retir\u00e9 de couche argileuse que l\u2019eau est naturellement absorb\u00e9e, et l\u2019immense lac ne verra jamais le jour.<\/p>\n<p>    <img decoding=\"async\" loading=\"lazy\" class=\"size-large\" src=\"https:\/\/www.europesays.com\/fr\/wp-content\/uploads\/2025\/10\/948a514cd6e86c88a514cd6e8bc8a5v-960x640.jpg\" alt=\"Une chambre aux ambiances tr\u00e8s sixties.\" width=\"960\" height=\"640\"\/><br \/>\n    Une chambre aux ambiances tr\u00e8s sixties. \u00a9Vincent GUERRIER<\/p>\n<p class=\" wall-content\">Plusieurs probl\u00e8mes d\u2019inondations avec le voisinage ach\u00e8vent de contraindre Pierre et Gaston Dreux \u00e0 revoir leurs projets \u00e0 la baisse. Un petit lac sera suffisant. Au centre, une structure contient un savant syst\u00e8me permettant de r\u00e9guler les canalisations de deux autres \u00e9tangs voisins.<\/p>\n<p>    <img decoding=\"async\" loading=\"lazy\" class=\"size-large\" src=\"https:\/\/www.europesays.com\/fr\/wp-content\/uploads\/2025\/10\/c2fd5fbbd6e86b6fd5fbbd6e89afd5v-768x640.jpeg\" alt=\"Une chambre, une ambiance.\" width=\"768\" height=\"640\"\/><br \/>\n    Une chambre, une ambiance. \u00a9Vincent GUERRIERElle ne tournera jamais<\/p>\n<p class=\" wall-content\">La maison participe \u00e9galement \u00e0 ce projet m\u00e9galomaniaque des Dreux. Pour les locaux, dont les nombreux ouvriers qui ont suivi de loin sa construction, il s\u2019agissait de \u00ab la maison qui tourne. \u00bb Selon plusieurs habitants, Gaston Dreux se serait vant\u00e9, en effet, de construire \u00ab une maison mont\u00e9e sur un pilier, qui serait capable de pivoter \u00bb.<\/p>\n<p>    <img decoding=\"async\" loading=\"lazy\" class=\"size-large\" src=\"https:\/\/www.europesays.com\/fr\/wp-content\/uploads\/2025\/10\/0a6b5ecad6e860e6b5ecad6e8d17b5v-768x640.jpeg\" alt=\"Chaque chambre est \u00e9quip\u00e9e d'une salle de bains.\" width=\"768\" height=\"640\"\/><br \/>\n    Chaque chambre est \u00e9quip\u00e9e d\u2019une salle de bains. \u00a9Vincent GUERRIER<\/p>\n<p class=\" wall-content\">Pour Nicolas Libert, il s\u2019agit l\u00e0 d\u2019une l\u00e9gende urbaine.<\/p>\n<blockquote class=\"ac-article-quote wall-content\">\n<p>Pierre Dreux a toujours imagin\u00e9 dans ses plans deux piliers. L\u2019un permet l\u2019\u00e9vacuation des eaux pluviales et contient diff\u00e9rents r\u00e9seaux qui alimentent le salon. L\u2019autre pilier est l\u2019escalier central. Les deux \u00e9taient donc n\u00e9cessaires.<\/p>\n<p>Nicolas Libert<\/p><\/blockquote>\n<p class=\" wall-content\">Avec \u00ab La capsule \u00bb, \u00ab La soucoupe volante du Perche \u00bb, la \u00ab maison qui tourne \u00bb est le nom le plus couramment donn\u00e9 par les locaux \u00e0 cet \u00e9difice, l\u2019une des constructions architecturales de Gaston Dreux dans la commune. Oui, il en existe plusieurs \u00ab prototypes \u00bb !<\/p>\n<p class=\" wall-content\">Ce qui marque surtout quand on visite la maison, ce n\u2019est pas tant sa grande entr\u00e9e th\u00e9\u00e2trale que son incroyable implantation dans la nature. Totalement invisible depuis la route, il faut traverser un chemin plong\u00e9 dans l\u2019obscurit\u00e9 d\u2019un bosquet, pour la voir \u00e9merger.<\/p>\n<blockquote class=\"ac-article-quote wall-content\">\n<p>C\u2019est vraiment l\u2019inverse d\u2019un manoir percheron. Quand vous \u00eates dans le salon, vous \u00eates \u00e0 la hauteur de la cime des arbres. Qu\u2019importe la m\u00e9t\u00e9o, vous aurez toujours une lumi\u00e8re traversante.<\/p>\n<p>Le propri\u00e9taire<\/p><\/blockquote>\n<p class=\" wall-content\">Le couple, qui vend cette maison via <a href=\"https:\/\/www.architecturedecollection.fr\/produit\/villa-architecte-seventies-space-age-perche-gaston-pierre-dreux\/\" rel=\"nofollow noopener\" target=\"_blank\">l\u2019agence Architecture de collection<\/a>, a totalement restaur\u00e9 l\u2019int\u00e9rieur avant son arriv\u00e9e : de l\u2019isolation au syst\u00e8me de chauffage, pour b\u00e9n\u00e9ficier du confort moderne.<\/p>\n<p>    <img decoding=\"async\" loading=\"lazy\" class=\"size-large\" src=\"https:\/\/www.europesays.com\/fr\/wp-content\/uploads\/2025\/10\/590c3858d6e864d0c3858d6e8211c3v-960x640.jpg\" alt=\"Maison Dreux La Perri\u00e8re\" width=\"960\" height=\"640\"\/><br \/>\n    La maison Maneval \u00a9Vincent GUERRIER<\/p>\n<p class=\" wall-content\">Dans le jardin, quelques sentiers de marche peuvent permettre de randonner plusieurs heures, pour profiter des sculptures install\u00e9es par les propri\u00e9taires, dans l\u2019esprit du lieu. Comme cette maison bulle de l\u2019architecte Jean-Benjamin Maneval, con\u00e7ue dans les ann\u00e9es 60 \u00e0 quelques rares exemplaires, et reprenant l\u2019architecture Space Age.<\/p>\n<p>    <img decoding=\"async\" loading=\"lazy\" class=\"size-large\" src=\"https:\/\/www.europesays.com\/fr\/wp-content\/uploads\/2025\/10\/a1c6c758d6e86a5c6c758d6e82ac6cv-960x640.jpg\" alt=\"Maison Dreux La Perri\u00e8re\" width=\"960\" height=\"640\"\/><br \/>\n    La terrasse, avec vue sur l\u2019\u00e9tang. \u00a9Vincent GUERRIER<\/p>\n<p class=\" wall-content\">\u00ab C\u2019est une vraie bulle pour les parents et les enfants. On peut y passer une heure pour bouquiner, ou m\u00eame une nuit, en totale d\u00e9connexion. \u00bb Pr\u00e8s d\u2019un bois, un escalier blanc en colima\u00e7on de l\u2019artiste Vincent Lamouroux semble mener au ciel. Une \u0153uvre de plus dans cette maison con\u00e7ue comme un d\u00e9cor de film, sans jamais avoir re\u00e7u la moindre cam\u00e9ra de tournage.<\/p>\n<p>    <img decoding=\"async\" loading=\"lazy\" class=\"size-large\" src=\"https:\/\/www.europesays.com\/fr\/wp-content\/uploads\/2025\/10\/a1194858d6e8695194858d6e879194v-960x640.jpg\" alt=\"Maison Dreux La Perri\u00e8re\" width=\"960\" height=\"640\"\/><br \/>\n    L\u2019\u00e9tang \u00e9tait pr\u00e9vu pour \u00eatre encore plus grand, avec un \u00eelot central. \u00a9Vincent GUERRIERUne d\u00e9co tr\u00e8s seventies<\/p>\n<p class=\" wall-content\">C\u00f4t\u00e9 d\u00e9coration, on est plong\u00e9 dans les ann\u00e9es 60 et 70 en voyageant d\u2019une chambre \u00e0 l\u2019autre, au rez-de-chauss\u00e9e. Les couleurs sont vives. Les formes rondes. Les textures douces et moelleuses. Au sous-sol, on peut profiter d\u2019un hammam et m\u00eame d\u2019une piscine int\u00e9rieure, et pourquoi pas d\u2019un billard pour les plus joueurs. Une maison pens\u00e9e aussi pour la f\u00eate.<\/p>\n<p>    <img decoding=\"async\" loading=\"lazy\" class=\"size-large\" src=\"https:\/\/www.europesays.com\/fr\/wp-content\/uploads\/2025\/10\/a15ca0cfaee86365ca0cfaee85a5cav-960x640.jpeg\" alt=\"La vue depuis la terrasse.\" width=\"960\" height=\"640\"\/><br \/>\n    La vue depuis la terrasse. \u00a9Vincent GUERRIER<\/p>\n<p class=\" wall-content\">Selon les mots du propri\u00e9taire, la maison, semblable \u00e0 une tour de contr\u00f4le, est une \u00ab vigie sur la nature \u00bb. Une utopie, \u00ab mais pas ostentatoire \u00bb, d\u00e9crit l\u2019un des deux propri\u00e9taires. \u00ab Avoir 13 hectares sans aucun vis-\u00e0-vis, dans un tel \u00e9crin de verdure, \u00e0 quelques minutes \u00e0 pied du bourg de la Perri\u00e8re, c\u2019est introuvable. \u00bb<\/p>\n<p class=\" wall-content\">Avec un tel parc en effet, le couple n\u2019a jamais eu besoin d\u2019aller marcher en for\u00eat de Bell\u00eame, pourtant \u00e0 deux pas. Pour s\u2019offrir cette petite folie de la famille Dreux, il faudra d\u00e9bourser 1,4\u00a0million d\u2019euros. Le prix d\u2019un voyage sans retour en Californie, en gardant le Perche comme horizon.<\/p>\n<p class=\" wall-content\">Personnalisez votre actualit\u00e9 en ajoutant vos villes et m\u00e9dias en favori avec <a href=\"https:\/\/moncompte.actu.fr\" title=\"D\u00e9couvez Mon Actu\" rel=\"nofollow noopener\" data-trk=\"{&quot;cta&quot;:{&quot;action&quot;:&quot;https:\\\/\\\/moncompte.actu.fr&quot;,&quot;category&quot;:&quot;mon compte&quot;,&quot;from&quot;:&quot;article footer&quot;,&quot;name&quot;:&quot;Mon actu&quot;,&quot;type&quot;:&quot;cta&quot;}}\" target=\"_blank\">Mon Actu<\/a>.<\/p>\n","protected":false},"excerpt":{"rendered":"Par Vincent Guerrier Publi\u00e9 le 26 oct. 2025 \u00e0 6h24 Au d\u00e9but des ann\u00e9es 2000, Nicolas Libert et&hellip;\n","protected":false},"author":2,"featured_media":490818,"comment_status":"","ping_status":"","sticky":false,"template":"","format":"standard","meta":{"footnotes":""},"categories":[1358],"tags":[1348,1384,1385,1386,58,59,1011,27,1757],"class_list":{"0":"post-490817","1":"post","2":"type-post","3":"status-publish","4":"format-standard","5":"has-post-thumbnail","7":"category-arts-et-design","8":"tag-arts","9":"tag-arts-and-design","10":"tag-arts-et-design","11":"tag-design","12":"tag-divertissement","13":"tag-entertainment","14":"tag-fr","15":"tag-france","16":"tag-insolite"},"share_on_mastodon":{"url":"https:\/\/pubeurope.com\/@fr\/115439634776456882","error":""},"_links":{"self":[{"href":"https:\/\/www.europesays.com\/fr\/wp-json\/wp\/v2\/posts\/490817","targetHints":{"allow":["GET"]}}],"collection":[{"href":"https:\/\/www.europesays.com\/fr\/wp-json\/wp\/v2\/posts"}],"about":[{"href":"https:\/\/www.europesays.com\/fr\/wp-json\/wp\/v2\/types\/post"}],"author":[{"embeddable":true,"href":"https:\/\/www.europesays.com\/fr\/wp-json\/wp\/v2\/users\/2"}],"replies":[{"embeddable":true,"href":"https:\/\/www.europesays.com\/fr\/wp-json\/wp\/v2\/comments?post=490817"}],"version-history":[{"count":0,"href":"https:\/\/www.europesays.com\/fr\/wp-json\/wp\/v2\/posts\/490817\/revisions"}],"wp:featuredmedia":[{"embeddable":true,"href":"https:\/\/www.europesays.com\/fr\/wp-json\/wp\/v2\/media\/490818"}],"wp:attachment":[{"href":"https:\/\/www.europesays.com\/fr\/wp-json\/wp\/v2\/media?parent=490817"}],"wp:term":[{"taxonomy":"category","embeddable":true,"href":"https:\/\/www.europesays.com\/fr\/wp-json\/wp\/v2\/categories?post=490817"},{"taxonomy":"post_tag","embeddable":true,"href":"https:\/\/www.europesays.com\/fr\/wp-json\/wp\/v2\/tags?post=490817"}],"curies":[{"name":"wp","href":"https:\/\/api.w.org\/{rel}","templated":true}]}}