{"id":490819,"date":"2025-10-26T08:57:11","date_gmt":"2025-10-26T08:57:11","guid":{"rendered":"https:\/\/www.europesays.com\/fr\/490819\/"},"modified":"2025-10-26T08:57:11","modified_gmt":"2025-10-26T08:57:11","slug":"audiences-20h30-les-rencontres-du-papotin-avec-jean-louis-aubert-approchent-les-32-millions-hier-soir-sur-france-2-apres-le-journal-de-20h","status":"publish","type":"post","link":"https:\/\/www.europesays.com\/fr\/490819\/","title":{"rendered":"Audiences 20h30 : \u00ab\u00a0Les rencontres du Papotin avec Jean-Louis Aubert\u00a0\u00bb approchent les 3,2 millions hier soir sur France 2 apr\u00e8s le journal de 20h"},"content":{"rendered":"<p>France 2 diffusait hier soir son \u00e9mission \u00ab\u00a0Les rencontres du Papotin\u00a0\u00bb.\u00a0Jean-Louis Aubert a r\u00e9pondu avec g\u00e9n\u00e9rosit\u00e9 et sinc\u00e9rit\u00e9 aux questions des journalistes du Papotin. Une rencontre empreinte de confiance, rythm\u00e9e par des \u00e9changes touchants et des instants de complicit\u00e9 musicale.<\/p>\n<p>Sur France 5,\u00a0Mohamed Bouhafsi, entour\u00e9 de son \u00e9quipe, proposait un num\u00e9ro de \u00ab\u00a0C \u00e0 vous\u00a0\u00bb. Cette saison, le journaliste est aux commandes du programme le vendredi et le samedi. Anne-Elisabeth Lemoine anime l&rsquo;\u00e9mission du lundi au jeudi.\u00a0<\/p>\n<p>\u00a0<\/p>\n<p>        Pubs et M\u00e9t\u00e9o<br \/>\n        27.1 % de PDA\n        <\/p>\n<p>        3 597 000<\/p>\n<p>        Les rencontres du Papotin avec Jean-Louis Aubert<br \/>\n        18.5 % de PDA\n        <\/p>\n<p>        3 181 000<\/p>\n<p>        Cuisine ouverte<br \/>\n        9.5 % de PDA\n        <\/p>\n<p>        1 649 000<\/p>\n<p>        Sc\u00e8nes de m\u00e9nages<br \/>\n        8.8 % de PDA\n        <\/p>\n<p>        1 523 000<\/p>\n<p>        C \u00e0 vous, la suite &#8211; 1e partie (best of)<br \/>\n        2.2 % de PDA\n        <\/p>\n<p>        379 000<\/p>\n<p>  Le Top des parts de march\u00e9<\/p>\n","protected":false},"excerpt":{"rendered":"France 2 diffusait hier soir son \u00e9mission \u00ab\u00a0Les rencontres du Papotin\u00a0\u00bb.\u00a0Jean-Louis Aubert a r\u00e9pondu avec g\u00e9n\u00e9rosit\u00e9 et sinc\u00e9rit\u00e9&hellip;\n","protected":false},"author":2,"featured_media":490820,"comment_status":"","ping_status":"","sticky":false,"template":"","format":"standard","meta":{"footnotes":""},"categories":[1356],"tags":[2367,58,59,1011,27,876,594,494,252,1364],"class_list":{"0":"post-490819","1":"post","2":"type-post","3":"status-publish","4":"format-standard","5":"has-post-thumbnail","7":"category-television","8":"tag-audiences","9":"tag-divertissement","10":"tag-entertainment","11":"tag-fr","12":"tag-france","13":"tag-france-3","14":"tag-france-2","15":"tag-m6","16":"tag-television","17":"tag-tv"},"share_on_mastodon":{"url":"https:\/\/pubeurope.com\/@fr\/115439642124327896","error":""},"_links":{"self":[{"href":"https:\/\/www.europesays.com\/fr\/wp-json\/wp\/v2\/posts\/490819","targetHints":{"allow":["GET"]}}],"collection":[{"href":"https:\/\/www.europesays.com\/fr\/wp-json\/wp\/v2\/posts"}],"about":[{"href":"https:\/\/www.europesays.com\/fr\/wp-json\/wp\/v2\/types\/post"}],"author":[{"embeddable":true,"href":"https:\/\/www.europesays.com\/fr\/wp-json\/wp\/v2\/users\/2"}],"replies":[{"embeddable":true,"href":"https:\/\/www.europesays.com\/fr\/wp-json\/wp\/v2\/comments?post=490819"}],"version-history":[{"count":0,"href":"https:\/\/www.europesays.com\/fr\/wp-json\/wp\/v2\/posts\/490819\/revisions"}],"wp:featuredmedia":[{"embeddable":true,"href":"https:\/\/www.europesays.com\/fr\/wp-json\/wp\/v2\/media\/490820"}],"wp:attachment":[{"href":"https:\/\/www.europesays.com\/fr\/wp-json\/wp\/v2\/media?parent=490819"}],"wp:term":[{"taxonomy":"category","embeddable":true,"href":"https:\/\/www.europesays.com\/fr\/wp-json\/wp\/v2\/categories?post=490819"},{"taxonomy":"post_tag","embeddable":true,"href":"https:\/\/www.europesays.com\/fr\/wp-json\/wp\/v2\/tags?post=490819"}],"curies":[{"name":"wp","href":"https:\/\/api.w.org\/{rel}","templated":true}]}}