{"id":490831,"date":"2025-10-26T09:04:16","date_gmt":"2025-10-26T09:04:16","guid":{"rendered":"https:\/\/www.europesays.com\/fr\/490831\/"},"modified":"2025-10-26T09:04:16","modified_gmt":"2025-10-26T09:04:16","slug":"ce-week-end-darty-fait-une-belle-offre-sur-liphone-air-le-nouveau-smartphone-ultra-fin-dapple","status":"publish","type":"post","link":"https:\/\/www.europesays.com\/fr\/490831\/","title":{"rendered":"Ce week-end, Darty fait une belle offre sur l&rsquo;iPhone Air, le nouveau smartphone ultra fin d&rsquo;Apple"},"content":{"rendered":"<p>L\u2019iPhone Air, le tout r\u00e9cent smartphone ultra-fin et l\u00e9ger d\u2019Apple, semble avoir du mal \u00e0 convaincre les fid\u00e8les de la Pomme. Les concessions op\u00e9r\u00e9es par la marque sont toutefois plus acceptables lorsque ce smartphone, qui reste un tr\u00e8s bel objet, est propos\u00e9 avec un ch\u00e8que-cadeau de 200 euros chez Darty.<\/p>\n<p><a href=\"https:\/\/images.frandroid.com\/wp-content\/uploads\/2025\/10\/photo-01856.jpg\" target=\"_blank\" class=\"article-content__figure\" rel=\"noopener\"><img fetchpriority=\"high\" decoding=\"async\" loading=\"eager\" width=\"1200\" height=\"800\" src=\"https:\/\/www.europesays.com\/fr\/wp-content\/uploads\/2025\/10\/photo-01856.jpg\" alt=\"\" class=\"wp-image-2817223 wp-image wp-image\"  \/><\/a><\/p>\n<p>Son arriv\u00e9e sur le march\u00e9 avait fait grand bruit, mais un mois apr\u00e8s sa sortie, <a href=\"https:\/\/www.frandroid.com\/produits\/smartphones\/apple\/2788415-apple-iphone-air\" target=\"_blank\" rel=\"noopener\">l\u2019iPhone Air<\/a> n\u2019a, para\u00eet-il, <a href=\"https:\/\/www.frandroid.com\/marques\/apple\/2841301_presque-une-fin-de-cycle-un-mois-a-peine-apres-sa-sortie-liphone-air-est-quasiment-abandonne-par-apple\" target=\"_blank\" rel=\"noopener\">pas rencontr\u00e9 le succ\u00e8s esp\u00e9r\u00e9 par Apple<\/a>, qui pourrait bien l\u2019abandonner au fil du temps. Il est vrai que ce r\u00e9cent smartphone ultra-fin, et donc tr\u00e8s agr\u00e9able en main, accumule quelques d\u00e9fauts, qui le rendent difficiles \u00e0 recommander \u00e0 100 %. <a href=\"https:\/\/www.frandroid.com\/produits\/smartphones\/apple\/2788419-apple-iphone-17-pro\" target=\"_blank\" rel=\"noopener\">L\u2019iPhone 17 Pro<\/a>, un poil plus cher, est plus complet, par exemple. Mais l\u2019iPhone Air reste tout de m\u00eame tr\u00e8s int\u00e9ressant, et quand il s\u2019accompagne de <a target=\"_blank\" href=\"https:\/\/shop.frandroid.com\/ml7enraf\" rel=\"noopener\">200 euros offerts en ch\u00e8que-cadeau<\/a>, on le conseille plus facilement.<\/p>\n<p>Les points essentiels de l\u2019iPhone Air<\/p>\n<ul class=\"wp-block-list\">\n<li>Un smartphone ultra-fin (5,64 mm) et l\u00e9ger (165 g)<\/li>\n<li>Une dalle tr\u00e8s lumineuse<\/li>\n<li>Un bon capteur photo<\/li>\n<\/ul>\n<p>L\u2019iPhone Air avec 256 Go est en ce moment <a href=\"https:\/\/shop.frandroid.com\/ml7enraf\" target=\"_blank\" rel=\"noreferrer noopener affiliate nofollow\" data-gtm=\"{&quot;event&quot;:&quot;afficlic&quot;,&quot;nom_marchand&quot;:&quot;darty&quot;,&quot;nom_produit&quot;:&quot;inconnu&quot;,&quot;categorie_produit&quot;:&quot;inconnu&quot;,&quot;module_produit&quot;:&quot;editolink&quot;,&quot;position_marchand&quot;:0,&quot;texte&quot;:&quot;propose-a-1-229-euros-chez-darty&quot;,&quot;offer_url&quot;:&quot;https:\/\/shop.frandroid.com\/ml7enraf&quot;,&quot;zone&quot;:&quot;contenu-page&quot;}\">propos\u00e9 \u00e0 1 229 euros chez Darty<\/a>. Ses versions 512 Go et 1 To sont respectivement affich\u00e9es \u00e0 1 479 euros et 1 729 euros. Mais pour l\u2019achat de ce smartphone, Darty vous fait b\u00e9n\u00e9ficier de <strong>200 euros en ch\u00e8que-cadeau<\/strong> gr\u00e2ce au code <strong>IPHAIR200<\/strong>, valable jusqu\u2019au <strong>26 octobre 2025<\/strong>.  <\/p>\n<p>Si, par la suite, l\u2019offre mentionn\u00e9e dans cet article n\u2019est plus disponible, merci de jeter un coup d\u2019\u0153il ci-dessous afin de d\u00e9nicher d\u2019autres offres concernant l\u2019iPhone Air. Le tableau s\u2019actualise automatiquement. <\/p>\n<p>    <a href=\"https:\/\/www.frandroid.com\/produits\/smartphones\/apple\/2788415-apple-iphone-air\" class=\"product-resume__prices-title__product-name has-text-weight-bold\" target=\"_blank\" rel=\"noopener\"><br \/>\n    Apple iPhone Air    <\/a><br \/>\n        au meilleur prix<\/p>\n<p>                Voir plus d\u2019offres<br \/>\n                Voir moins d\u2019offres<\/p>\n<p>\n                iPhone Air<br \/>\n                L\u2019iPhone Air \u00e0 petit prix en location sans engagement\n            <\/p>\n<p>Le plus fin des iPhone<\/p>\n<p>Le principal atout (et int\u00e9r\u00eat) de l\u2019iPhone Air, c\u2019est \u00e9videmment son design hyper agr\u00e9able en main gr\u00e2ce \u00e0 la finesse de son ch\u00e2ssis (5,6 mm seulement) et \u00e0 sa l\u00e9g\u00e8ret\u00e9 (165 g). Ses tranches sont par ailleurs arrondies, ce qui est bien plus confortable que des ar\u00eates trop marqu\u00e9es. Bref, un smartphone que l\u2019on aime porter et que l\u2019on peut en plus glisser dans une poche sans forcer. Et si vous pensez que sa finesse le rend tr\u00e8s fragile, d\u00e9trompez-vous : son ch\u00e2ssis en titane peut encaisser plus de 90 kg de pression. Et pour ne rien g\u00e2cher, l\u2019iPhone Air est certifi\u00e9 IP68.<\/p>\n<p>C\u00f4t\u00e9 \u00e9cran, on a ici droit \u00e0 une dalle OLED de 6,5 pouces, dont le taux de rafra\u00eechissement peut varier de 1 \u00e0 120 Hz ; la technologie ProMotion d\u2019Apple, en somme. L\u2019\u00e9cran est en prime compatible HDR10+ et Dolby Vision. Ce qu\u2019on va surtout appr\u00e9cier et retenir, c\u2019est cette luminosit\u00e9 qui peut monter \u00e0 3 000 nits en HDR. <\/p>\n<p>L\u2019A19 Pro est l\u00e0<\/p>\n<p>Oui, l\u2019iPhone Air embarque la c\u00e9l\u00e8bre puce A19 Pro, mais non, il ne s\u2019agit pas exactement du m\u00eame SoC que les iPhone 17 Pro. Celui de l\u2019iPhone Air est amput\u00e9 d\u2019un c\u0153ur GPU, ses capacit\u00e9s neuronales sont l\u00e9g\u00e8rement r\u00e9duites et son syst\u00e8me de refroidissement moins \u00e9volu\u00e9 que celui de son grand fr\u00e8re. Clairement, il ne fera pas le poids face aux futurs MediaTek 9500 et Snapdragon 8 Elite Gen 5 qui \u00e9quiperont les prochains smartphones Android. Bien s\u00fbr, la puce reste totalement utilisable sur la dur\u00e9e et offre une bonne performance de pointe, mais attention, si elle est sollicit\u00e9e de mani\u00e8re prolong\u00e9e, elle peut chauffer rapidement et souffrir d\u2019une l\u00e9g\u00e8re baisse de puissance.<\/p>\n<p>C\u00f4t\u00e9 logiciel, c\u2019est iOS 26 qui est en place avec la fameuse interface Liquid Glass, parfaitement fonctionnelle. Dommage que les avanc\u00e9es d\u2019Apple Intelligence peinent encore \u00e0 convaincre. C\u00f4t\u00e9 photo, c\u2019est assez maigre, puisqu\u2019on doit se contenter d\u2019un seul capteur grand-angle 48 Mpx, un choix assez \u00e9tonnant (et regrettable) aujourd\u2019hui. Heureusement, ce capteur se r\u00e9v\u00e8le irr\u00e9prochable en action. Enfin, pour ce qui est de l\u2019autonomie, on tient au mieux une journ\u00e9e en le chargeant \u00e0 100% et en utilisant le mode d\u2019\u00e9conomie d\u2019\u00e9nergie. Mais il n\u2019est pas impossible de voir le terrible 2% appara\u00eetre en pleine journ\u00e9e si l\u2019appareil est pouss\u00e9 dans ses retranchements. <\/p>\n<p>Pour en savoir encore plus, n\u2019h\u00e9sitez pas \u00e0 lire <a href=\"https:\/\/www.frandroid.com\/marques\/apple\/2806875_test-de-liphone-air-liphone-que-je-ne-veux-pas-quitter-mais-que-je-ne-vous-recommanderai-jamais\" target=\"_blank\" rel=\"noopener\">notre test complet de l\u2019iPhone Air<\/a>.<\/p>\n<p>Si vous souhaitez d\u00e9couvrir d\u2019autres mod\u00e8les de la marque \u00e0 la Pomme, nous vous invitons d\u00e8s maintenant \u00e0 consulter <a href=\"https:\/\/www.frandroid.com\/guide-dachat\/smartphones\/705312_meilleur-iphone\" target=\"_blank\" rel=\"noopener\">notre guide des meilleurs iPhone du moment<\/a>.<\/p>\n<p>Envie de retrouver les meilleurs articles de Frandroid sur Google News ? Vous pouvez suivre <strong><a href=\"https:\/\/news.google.com\/publications\/CAAqBggKMICKMDCuyQU?oc=3\" target=\"_blank\" rel=\"noopener null noreferrer\">Frandroid sur Google News<\/a> en un clic.<\/strong><\/p>\n","protected":false},"excerpt":{"rendered":"L\u2019iPhone Air, le tout r\u00e9cent smartphone ultra-fin et l\u00e9ger d\u2019Apple, semble avoir du mal \u00e0 convaincre les fid\u00e8les&hellip;\n","protected":false},"author":2,"featured_media":490832,"comment_status":"","ping_status":"","sticky":false,"template":"","format":"standard","meta":{"footnotes":""},"categories":[7],"tags":[53617,943,1011,27,53198,43,40,41,39,42,44],"class_list":{"0":"post-490831","1":"post","2":"type-post","3":"status-publish","4":"format-standard","5":"has-post-thumbnail","7":"category-sciences-et-technologies","8":"tag-apple-iphone-air","9":"tag-bons-plans-darty","10":"tag-fr","11":"tag-france","12":"tag-iphone-air","13":"tag-science","14":"tag-science-and-technology","15":"tag-sciences","16":"tag-sciences-et-technologies","17":"tag-technologies","18":"tag-technology"},"share_on_mastodon":{"url":"https:\/\/pubeurope.com\/@fr\/115439674225689783","error":""},"_links":{"self":[{"href":"https:\/\/www.europesays.com\/fr\/wp-json\/wp\/v2\/posts\/490831","targetHints":{"allow":["GET"]}}],"collection":[{"href":"https:\/\/www.europesays.com\/fr\/wp-json\/wp\/v2\/posts"}],"about":[{"href":"https:\/\/www.europesays.com\/fr\/wp-json\/wp\/v2\/types\/post"}],"author":[{"embeddable":true,"href":"https:\/\/www.europesays.com\/fr\/wp-json\/wp\/v2\/users\/2"}],"replies":[{"embeddable":true,"href":"https:\/\/www.europesays.com\/fr\/wp-json\/wp\/v2\/comments?post=490831"}],"version-history":[{"count":0,"href":"https:\/\/www.europesays.com\/fr\/wp-json\/wp\/v2\/posts\/490831\/revisions"}],"wp:featuredmedia":[{"embeddable":true,"href":"https:\/\/www.europesays.com\/fr\/wp-json\/wp\/v2\/media\/490832"}],"wp:attachment":[{"href":"https:\/\/www.europesays.com\/fr\/wp-json\/wp\/v2\/media?parent=490831"}],"wp:term":[{"taxonomy":"category","embeddable":true,"href":"https:\/\/www.europesays.com\/fr\/wp-json\/wp\/v2\/categories?post=490831"},{"taxonomy":"post_tag","embeddable":true,"href":"https:\/\/www.europesays.com\/fr\/wp-json\/wp\/v2\/tags?post=490831"}],"curies":[{"name":"wp","href":"https:\/\/api.w.org\/{rel}","templated":true}]}}