{"id":490833,"date":"2025-10-26T09:05:15","date_gmt":"2025-10-26T09:05:15","guid":{"rendered":"https:\/\/www.europesays.com\/fr\/490833\/"},"modified":"2025-10-26T09:05:15","modified_gmt":"2025-10-26T09:05:15","slug":"deux-prelevements-attendent-certains-francais-lundi-qui-sont-les-concernes","status":"publish","type":"post","link":"https:\/\/www.europesays.com\/fr\/490833\/","title":{"rendered":"deux pr\u00e9l\u00e8vements attendent certains Fran\u00e7ais lundi, qui sont les concern\u00e9s ?"},"content":{"rendered":"<p>Le calendrier fiscal est charg\u00e9 en d\u00e9but de semaine prochaine. La Direction g\u00e9n\u00e9rale des finances publiques\u00a0 (DGFiP) va proc\u00e9der ce lundi \u00e0 deux pr\u00e9l\u00e8vements sur le compte de certains Fran\u00e7ais. Tous les foyers fiscaux ne sont pas concern\u00e9s. On vous explique.<\/p>\n<p>Le fisc doit d&rsquo;abord effectuer \u00e0 compter de ce lundi 27\u00a0octobre le pr\u00e9l\u00e8vement de la taxe fonci\u00e8re. Seuls les propri\u00e9taires qui payent en ligne (par internet, smartphone ou tablette), en une seule fois, et qui ont refus\u00e9 le versement imm\u00e9diat, sont dans ce cas de figure.<\/p>\n<p>Une autre date \u00e0 retenir pour les foyers mensualis\u00e9s<\/p>\n<p>Ceux qui pr\u00e9f\u00e8rent r\u00e9gler par ch\u00e8que, virement ou esp\u00e8ces avaient jusqu&rsquo;au 15 octobre pour s&rsquo;acquitter de cet imp\u00f4t. Quant aux m\u00e9nages qui ont opt\u00e9 pour la mensualisation, leur paiement est fractionn\u00e9 sur dix \u00e9ch\u00e9ances\u00a0\u2013 voire onze si leur taxe fonci\u00e8re a augment\u00e9 cette ann\u00e9e. Ce onzi\u00e8me pr\u00e9l\u00e8vement mensuel interviendra le 17 novembre prochain.<\/p>\n<p>\u00c9lections municipales oblige, <a href=\"https:\/\/www.ledauphine.com\/economie\/2025\/10\/15\/taxe-fonciere-une-hausse-moderee-dans-les-grandes-villes-en-2025-a-l-approche-des-municipales\" target=\"_blank\" rel=\"noopener\">la taxe fonci\u00e8re a moins augment\u00e9 en 2025<\/a> que les ann\u00e9es pr\u00e9c\u00e9dentes. Elle n&rsquo;a progress\u00e9 que de 1,7\u00a0% en moyenne parmi les 200\u00a0communes les plus peupl\u00e9es, selon l\u2019Observatoire national des taxes fonci\u00e8res de l\u2019Union nationale des propri\u00e9taires immobiliers (UNPI)\u00a0\u2013 contre 4,9 % (entre 2023 et 2024) et 9,3 % (entre 2022 et 2023).<\/p>\n<p>Deuxi\u00e8me \u00e9ch\u00e9ance pour les gros reliquats<\/p>\n<p>En plus de la taxe fonci\u00e8re, la DGFiP pr\u00e9voit de pr\u00e9lever ce lundi les Fran\u00e7ais avec un solde important d&rsquo;imp\u00f4t sur le revenu. Cette ann\u00e9e, <a href=\"https:\/\/www.ledauphine.com\/economie\/2025\/07\/30\/impot-sur-le-revenu-pourquoi-plus-de-13-millions-de-contribuables-doivent-payer-un-(gros)-reliquat\" target=\"_blank\" rel=\"noopener\">13,1 millions de foyers fiscaux doivent r\u00e9gler au fisc un reliquat<\/a>, de 1\u00a0900 euros en moyenne, parce qu&rsquo;ils n&rsquo;ont pas actualis\u00e9 leur taux de pr\u00e9l\u00e8vement \u00e0 la source\u00a0malgr\u00e9 une hausse de revenus et\/ou parce qu&rsquo;ils ont b\u00e9n\u00e9fici\u00e9 d&rsquo;une avance de r\u00e9duction ou de cr\u00e9dit d&rsquo;imp\u00f4t trop importante.<\/p>\n<p>Parmi ces 13 millions de contribuables, certains avaient un solde inf\u00e9rieur \u00e0 300 euros et ont seulement \u00e9t\u00e9 d\u00e9bit\u00e9s le 25\u00a0septembre dernier. Pour ceux avec un reliquat plus \u00e9lev\u00e9, le paiement est \u00e9chelonn\u00e9 en quatre pr\u00e9l\u00e8vements mensuels\u00a0: le deuxi\u00e8me a lieu ce lundi, le troisi\u00e8me le 27\u00a0novembre et le quatri\u00e8me le 29\u00a0d\u00e9cembre.<\/p>\n<p>Si vous \u00eates concern\u00e9(e) par ces deux pr\u00e9l\u00e8vements pr\u00e9vus lundi, pensez \u00e0 v\u00e9rifier que vous avez suffisamment d&rsquo;argent sur votre compte bancaire\u00a0!<\/p>\n","protected":false},"excerpt":{"rendered":"Le calendrier fiscal est charg\u00e9 en d\u00e9but de semaine prochaine. La Direction g\u00e9n\u00e9rale des finances publiques\u00a0 (DGFiP) va&hellip;\n","protected":false},"author":2,"featured_media":490834,"comment_status":"","ping_status":"","sticky":false,"template":"","format":"standard","meta":{"footnotes":""},"categories":[6],"tags":[35,33,34,107,3183,1011,27,329,2922],"class_list":{"0":"post-490833","1":"post","2":"type-post","3":"status-publish","4":"format-standard","5":"has-post-thumbnail","7":"category-economie","8":"tag-business","9":"tag-economie","10":"tag-economy","11":"tag-fil-info","12":"tag-finance-et-fiscalite","13":"tag-fr","14":"tag-france","15":"tag-france-monde","16":"tag-pouvoir-dachat"},"share_on_mastodon":{"url":"https:\/\/pubeurope.com\/@fr\/115439677140929848","error":""},"_links":{"self":[{"href":"https:\/\/www.europesays.com\/fr\/wp-json\/wp\/v2\/posts\/490833","targetHints":{"allow":["GET"]}}],"collection":[{"href":"https:\/\/www.europesays.com\/fr\/wp-json\/wp\/v2\/posts"}],"about":[{"href":"https:\/\/www.europesays.com\/fr\/wp-json\/wp\/v2\/types\/post"}],"author":[{"embeddable":true,"href":"https:\/\/www.europesays.com\/fr\/wp-json\/wp\/v2\/users\/2"}],"replies":[{"embeddable":true,"href":"https:\/\/www.europesays.com\/fr\/wp-json\/wp\/v2\/comments?post=490833"}],"version-history":[{"count":0,"href":"https:\/\/www.europesays.com\/fr\/wp-json\/wp\/v2\/posts\/490833\/revisions"}],"wp:featuredmedia":[{"embeddable":true,"href":"https:\/\/www.europesays.com\/fr\/wp-json\/wp\/v2\/media\/490834"}],"wp:attachment":[{"href":"https:\/\/www.europesays.com\/fr\/wp-json\/wp\/v2\/media?parent=490833"}],"wp:term":[{"taxonomy":"category","embeddable":true,"href":"https:\/\/www.europesays.com\/fr\/wp-json\/wp\/v2\/categories?post=490833"},{"taxonomy":"post_tag","embeddable":true,"href":"https:\/\/www.europesays.com\/fr\/wp-json\/wp\/v2\/tags?post=490833"}],"curies":[{"name":"wp","href":"https:\/\/api.w.org\/{rel}","templated":true}]}}