{"id":490843,"date":"2025-10-26T09:14:21","date_gmt":"2025-10-26T09:14:21","guid":{"rendered":"https:\/\/www.europesays.com\/fr\/490843\/"},"modified":"2025-10-26T09:14:21","modified_gmt":"2025-10-26T09:14:21","slug":"vandoeuvre-les-nancy-puces-et-gourmandises-a-la-meme-table-au-parc-des-expositions","status":"publish","type":"post","link":"https:\/\/www.europesays.com\/fr\/490843\/","title":{"rendered":"Vand\u0153uvre-l\u00e8s-Nancy. Puces et gourmandises \u00e0 la m\u00eame table au parc des expositions"},"content":{"rendered":"<p>Dans les deux cas, tout est affaire de go\u00fbt. De bon go\u00fbt, tant qu\u2019\u00e0 faire\u2026 \u00c0 droite en poussant la porte d\u2019entr\u00e9e du hall principal du <a href=\"https:\/\/www.estrepublicain.fr\/edition-de-nancy-ville\/2019\/07\/05\/un-nouvel-avenir-en-vue-pour-le-parc-des-expositions\" target=\"_blank\" rel=\"noopener\"> parc des expositions de Vand\u0153uvre-l\u00e8s-Nancy,<\/a> ce week-end, les amateurs d\u2019ameublement et de d\u00e9co d\u2019\u00e9poque peuvent se r\u00e9galer dans\u00a0la zone d\u00e9di\u00e9e aux puces, soit 45 stands de professionnels du secteur. \u00c0 gauche en entrant, place aux plaisirs du palais avec 65 artisans et producteurs, du sal\u00e9 au sucr\u00e9, de l\u2019ap\u00e9ro au digestif.<\/p>\n<p>Le\u00a0parc des expositions fait ainsi coup double avec, sous le m\u00eame toit et&#8230;<\/p>\n","protected":false},"excerpt":{"rendered":"Dans les deux cas, tout est affaire de go\u00fbt. De bon go\u00fbt, tant qu\u2019\u00e0 faire\u2026 \u00c0 droite en&hellip;\n","protected":false},"author":2,"featured_media":490844,"comment_status":"","ping_status":"","sticky":false,"template":"","format":"standard","meta":{"footnotes":""},"categories":[9635],"tags":[1111,11,4406,33,3602,1707,1704,1706,1705,1777,674,1011,27,775,6364,3457,1702,12,25,5711],"class_list":{"0":"post-490843","1":"post","2":"type-post","3":"status-publish","4":"format-standard","5":"has-post-thumbnail","7":"category-nancy","8":"tag-actu","9":"tag-actualites","10":"tag-commerce-et-services","11":"tag-economie","12":"tag-edition-bar-le-duc","13":"tag-edition-luneville","14":"tag-edition-nancy-et-agglomeration","15":"tag-edition-pont-a-mousson","16":"tag-edition-toul","17":"tag-eu","18":"tag-europe","19":"tag-fr","20":"tag-france","21":"tag-grand-est","22":"tag-metropole-du-grand-nancy-54b1","23":"tag-meurthe-et-moselle","24":"tag-nancy","25":"tag-news","26":"tag-republique-francaise","27":"tag-vandoeuvre-les-nancy"},"share_on_mastodon":{"url":"https:\/\/pubeurope.com\/@fr\/115439708631501035","error":""},"_links":{"self":[{"href":"https:\/\/www.europesays.com\/fr\/wp-json\/wp\/v2\/posts\/490843","targetHints":{"allow":["GET"]}}],"collection":[{"href":"https:\/\/www.europesays.com\/fr\/wp-json\/wp\/v2\/posts"}],"about":[{"href":"https:\/\/www.europesays.com\/fr\/wp-json\/wp\/v2\/types\/post"}],"author":[{"embeddable":true,"href":"https:\/\/www.europesays.com\/fr\/wp-json\/wp\/v2\/users\/2"}],"replies":[{"embeddable":true,"href":"https:\/\/www.europesays.com\/fr\/wp-json\/wp\/v2\/comments?post=490843"}],"version-history":[{"count":0,"href":"https:\/\/www.europesays.com\/fr\/wp-json\/wp\/v2\/posts\/490843\/revisions"}],"wp:featuredmedia":[{"embeddable":true,"href":"https:\/\/www.europesays.com\/fr\/wp-json\/wp\/v2\/media\/490844"}],"wp:attachment":[{"href":"https:\/\/www.europesays.com\/fr\/wp-json\/wp\/v2\/media?parent=490843"}],"wp:term":[{"taxonomy":"category","embeddable":true,"href":"https:\/\/www.europesays.com\/fr\/wp-json\/wp\/v2\/categories?post=490843"},{"taxonomy":"post_tag","embeddable":true,"href":"https:\/\/www.europesays.com\/fr\/wp-json\/wp\/v2\/tags?post=490843"}],"curies":[{"name":"wp","href":"https:\/\/api.w.org\/{rel}","templated":true}]}}