{"id":490851,"date":"2025-10-26T09:19:10","date_gmt":"2025-10-26T09:19:10","guid":{"rendered":"https:\/\/www.europesays.com\/fr\/490851\/"},"modified":"2025-10-26T09:19:10","modified_gmt":"2025-10-26T09:19:10","slug":"a-alencon-un-spectacle-lumineux-et-immersif-plonge-le-public-sous-la-mer","status":"publish","type":"post","link":"https:\/\/www.europesays.com\/fr\/490851\/","title":{"rendered":"\u00c0 Alen\u00e7on, un spectacle lumineux et immersif plonge le public sous la mer"},"content":{"rendered":"<p>            Par<br \/>\n        <strong><br \/>\n            <a href=\"https:\/\/actu.fr\/auteur\/karina-pujeolle\" title=\"Consulter tous les articles de Karina Pujeolle\" rel=\"nofollow noopener\" target=\"_blank\">Karina Pujeolle<\/a><br \/>\n        <\/strong><\/p>\n<p>        Publi\u00e9 le<\/p>\n<p>            26 oct. 2025 \u00e0 9h26        <\/p>\n<p>La Cie \u00ab\u2009La cerise sur le mot\u2009\u00bb propose \u00ab\u2009<b>Voyage dans les abysses<\/b>\u2009\u00bb, un spectacle d\u00e9ambulatoire po\u00e9tique et lumineux, vendredi 31\u00a0octobre 2025, cour carr\u00e9e de la Dentelle \u00e0 Alen\u00e7on.<\/p>\n<p>Collectif de Rouen<\/p>\n<p class=\" wall-content\">\u00c0 l\u2019aube ou au cr\u00e9puscule, entre chien et loups, dans un noir total ou au clair de la\u00a0lune, ce <b>spectacle d\u00e9ambulatoire<\/b> plonge les spectateurs dans les abysses et r\u00e9v\u00e8le ses\u00a0plus belles couleurs. Au menu\u2009: des rencontres avec<b> diverses cr\u00e9atures<\/b> dans ce monde aquatique\u2009: petits poissons fr\u00e9tillants, chim\u00e8re aquatique, poisson-dragon des profondeurs au\u00a0regard envo\u00fbtant, poulpe tentaculaire, m\u00e9duses, coquillages et crustac\u00e9s\u2026<\/p>\n<p class=\" wall-content\">\u00ab\u2009N\u2019ayez\u00a0pas peur, ne soyez pas \u00e9tonn\u00e9, certaines cr\u00e9atures viendront peut-\u00eatre picorer du\u00a0plancton au sommet de votre cr\u00e2ne, planter leurs yeux luminescents dans les v\u00f4tres, ou encore serez-vous invit\u00e9 \u00e0 <b>manipuler une m\u00e9duse<\/b> ou un morceau de corail\u2009\u00bb, annoncent les artistes.<\/p>\n<p class=\" wall-content\">La Cerise sur le mot est un collectif <b>rouennais <\/b>qui cr\u00e9e et diffuse des<b> spectacles\u00a0vivants<\/b> depuis 2020. Les artistes qui le composent partagent un langage po\u00e9tique, dr\u00f4le et sensible au croisement de l\u2019intime et de l\u2019universel. Th\u00e9\u00e2tre, clown, marionnette, conte, musique, po\u00e9sie\u2026 les univers se m\u00e9langent pour donner \u00e0 voir\u00a0la sensibilit\u00e9 du monde.<\/p>\n<p>Vid\u00e9os : en ce moment sur ActuEnvie d\u2019\u00eatre acteur du spectacle\u2009?<\/p>\n<p class=\" wall-content\">Les spectateurs souhaitant participer \u00e0 la manipulation des m\u00e9duses lumineuses sont invit\u00e9s \u00e0 s\u2019inscrire par mail \u00e0\u00a0<a href=\"https:\/\/actu.fr\/cdn-cgi\/l\/email-protection\" class=\"__cf_email__\" data-cfemail=\"076a727462624764722a666b6269646869296175\" rel=\"nofollow noopener\" target=\"_blank\">[email\u00a0protected]<\/a> ou par t\u00e9l\u00e9phone au 02\u200933\u200932\u200940\u200907.<\/p>\n<p>Voyage dans les abysses, d\u00e9ambulation, vendredi 31\u00a0octobre \u00e0 18\u2009h, cour carr\u00e9e de la Dentelle [repli au mus\u00e9e en cas de pluie].\u00a0Dur\u00e9e environ 1\u2009h \u2013 Tout public. Gratuit.<\/p>\n<p class=\" wall-content\">Personnalisez votre actualit\u00e9 en ajoutant vos villes et m\u00e9dias en favori avec <a href=\"https:\/\/moncompte.actu.fr\" title=\"D\u00e9couvez Mon Actu\" rel=\"nofollow noopener\" data-trk=\"{&quot;cta&quot;:{&quot;action&quot;:&quot;https:\\\/\\\/moncompte.actu.fr&quot;,&quot;category&quot;:&quot;mon compte&quot;,&quot;from&quot;:&quot;article footer&quot;,&quot;name&quot;:&quot;Mon actu&quot;,&quot;type&quot;:&quot;cta&quot;}}\" target=\"_blank\">Mon Actu<\/a>.<\/p>\n","protected":false},"excerpt":{"rendered":"Par Karina Pujeolle Publi\u00e9 le 26 oct. 2025 \u00e0 9h26 La Cie \u00ab\u2009La cerise sur le mot\u2009\u00bb propose&hellip;\n","protected":false},"author":2,"featured_media":490852,"comment_status":"","ping_status":"","sticky":false,"template":"","format":"standard","meta":{"footnotes":""},"categories":[9587],"tags":[1111,11,61353,1777,674,1011,27,20815,1652,12,5161,25,9590],"class_list":{"0":"post-490851","1":"post","2":"type-post","3":"status-publish","4":"format-standard","5":"has-post-thumbnail","7":"category-rouen","8":"tag-actu","9":"tag-actualites","10":"tag-communaute-urbaine-dalencon","11":"tag-eu","12":"tag-europe","13":"tag-fr","14":"tag-france","15":"tag-halloween","16":"tag-loisirs-culture","17":"tag-news","18":"tag-normandie","19":"tag-republique-francaise","20":"tag-rouen"},"share_on_mastodon":{"url":"https:\/\/pubeurope.com\/@fr\/115439728420067213","error":""},"_links":{"self":[{"href":"https:\/\/www.europesays.com\/fr\/wp-json\/wp\/v2\/posts\/490851","targetHints":{"allow":["GET"]}}],"collection":[{"href":"https:\/\/www.europesays.com\/fr\/wp-json\/wp\/v2\/posts"}],"about":[{"href":"https:\/\/www.europesays.com\/fr\/wp-json\/wp\/v2\/types\/post"}],"author":[{"embeddable":true,"href":"https:\/\/www.europesays.com\/fr\/wp-json\/wp\/v2\/users\/2"}],"replies":[{"embeddable":true,"href":"https:\/\/www.europesays.com\/fr\/wp-json\/wp\/v2\/comments?post=490851"}],"version-history":[{"count":0,"href":"https:\/\/www.europesays.com\/fr\/wp-json\/wp\/v2\/posts\/490851\/revisions"}],"wp:featuredmedia":[{"embeddable":true,"href":"https:\/\/www.europesays.com\/fr\/wp-json\/wp\/v2\/media\/490852"}],"wp:attachment":[{"href":"https:\/\/www.europesays.com\/fr\/wp-json\/wp\/v2\/media?parent=490851"}],"wp:term":[{"taxonomy":"category","embeddable":true,"href":"https:\/\/www.europesays.com\/fr\/wp-json\/wp\/v2\/categories?post=490851"},{"taxonomy":"post_tag","embeddable":true,"href":"https:\/\/www.europesays.com\/fr\/wp-json\/wp\/v2\/tags?post=490851"}],"curies":[{"name":"wp","href":"https:\/\/api.w.org\/{rel}","templated":true}]}}