{"id":490853,"date":"2025-10-26T09:20:14","date_gmt":"2025-10-26T09:20:14","guid":{"rendered":"https:\/\/www.europesays.com\/fr\/490853\/"},"modified":"2025-10-26T09:20:14","modified_gmt":"2025-10-26T09:20:14","slug":"une-jeune-femme-de-18-ans-reste-piegee","status":"publish","type":"post","link":"https:\/\/www.europesays.com\/fr\/490853\/","title":{"rendered":"une jeune femme de 18 ans reste pi\u00e9g\u00e9e"},"content":{"rendered":"<p>            Par<br \/>\n        <strong><br \/>\n            <a href=\"https:\/\/actu.fr\/auteur\/yann-rivallan\" title=\"Consulter tous les articles de Yann Rivallan\" rel=\"nofollow noopener\" target=\"_blank\">Yann Rivallan<\/a><br \/>\n        <\/strong><\/p>\n<p>        Publi\u00e9 le<\/p>\n<p>            26 oct. 2025 \u00e0 9h19        <\/p>\n<p>Selon des t\u00e9moins, la route a d\u00fb \u00eatre barr\u00e9 quelque temps. Dans la soir\u00e9e du samedi 25 octobre, une jeune femme de 18 ans a fait <strong>un accident<\/strong> sur la route d\u00e9partemental 47 entre <a href=\"https:\/\/actu.fr\/normandie\/montville_76452\" rel=\"nofollow noopener\" target=\"_blank\">Montville<\/a> et Bosc-Gu\u00e9rard-Saint-Adrien. Elle a perdu le contr\u00f4le de son v\u00e9hicule. Les pompiers sont intervenus \u00e0 19h55.<\/p>\n<p>Pi\u00e9g\u00e9e dans sa voiture<\/p>\n<p class=\" wall-content\">Seule personne impliqu\u00e9e dans cet accident, la jeune femme s\u2019est retrouv\u00e9e <strong>pi\u00e9g\u00e9e dans sa voiture<\/strong>. Elle a d\u00fb \u00eatre d\u00e9sincarc\u00e9r\u00e9e par les secours sur place.<\/p>\n<p class=\" wall-content\">\u00c9valu\u00e9e comme \u00ab\u00a0bless\u00e9e l\u00e9ger\u00a0\u00bb, d\u2019apr\u00e8s le service d\u00e9partemental d\u2019incendie et de secours, la victime a \u00e9t\u00e9 transport\u00e9e <strong>\u00e0 l\u2019h\u00f4pital<\/strong>.<\/p>\n<p>Suivez l\u2019actualit\u00e9 de Rouen sur <a href=\"https:\/\/www.whatsapp.com\/channel\/0029VaKfnf99hXF2ddApFB1D\" rel=\"nofollow noopener\" target=\"_blank\">notre cha\u00eene WhatsApp<\/a> et sur <a href=\"https:\/\/www.tiktok.com\/@76actu.fr?lang=fr\" rel=\"nofollow noopener\" target=\"_blank\">notre compte TikTok<\/a><\/p>\n<p class=\" wall-content\">Personnalisez votre actualit\u00e9 en ajoutant vos villes et m\u00e9dias en favori avec <a href=\"https:\/\/moncompte.actu.fr\" title=\"D\u00e9couvez Mon Actu\" rel=\"nofollow noopener\" data-trk=\"{&quot;cta&quot;:{&quot;action&quot;:&quot;https:\\\/\\\/moncompte.actu.fr&quot;,&quot;category&quot;:&quot;mon compte&quot;,&quot;from&quot;:&quot;article footer&quot;,&quot;name&quot;:&quot;Mon actu&quot;,&quot;type&quot;:&quot;cta&quot;}}\" target=\"_blank\">Mon Actu<\/a>.<\/p>\n<p>                    <script async src=\"\/\/www.tiktok.com\/embed.js\"><\/script><\/p>\n","protected":false},"excerpt":{"rendered":"Par Yann Rivallan Publi\u00e9 le 26 oct. 2025 \u00e0 9h19 Selon des t\u00e9moins, la route a d\u00fb \u00eatre&hellip;\n","protected":false},"author":2,"featured_media":490854,"comment_status":"","ping_status":"","sticky":false,"template":"","format":"standard","meta":{"footnotes":""},"categories":[9587],"tags":[119,1111,11,1777,674,118,1011,27,12,5161,1311,25,9590],"class_list":{"0":"post-490853","1":"post","2":"type-post","3":"status-publish","4":"format-standard","5":"has-post-thumbnail","7":"category-rouen","8":"tag-accident","9":"tag-actu","10":"tag-actualites","11":"tag-eu","12":"tag-europe","13":"tag-faits-divers","14":"tag-fr","15":"tag-france","16":"tag-news","17":"tag-normandie","18":"tag-pompiers","19":"tag-republique-francaise","20":"tag-rouen"},"share_on_mastodon":{"url":"https:\/\/pubeurope.com\/@fr\/115439732211925957","error":""},"_links":{"self":[{"href":"https:\/\/www.europesays.com\/fr\/wp-json\/wp\/v2\/posts\/490853","targetHints":{"allow":["GET"]}}],"collection":[{"href":"https:\/\/www.europesays.com\/fr\/wp-json\/wp\/v2\/posts"}],"about":[{"href":"https:\/\/www.europesays.com\/fr\/wp-json\/wp\/v2\/types\/post"}],"author":[{"embeddable":true,"href":"https:\/\/www.europesays.com\/fr\/wp-json\/wp\/v2\/users\/2"}],"replies":[{"embeddable":true,"href":"https:\/\/www.europesays.com\/fr\/wp-json\/wp\/v2\/comments?post=490853"}],"version-history":[{"count":0,"href":"https:\/\/www.europesays.com\/fr\/wp-json\/wp\/v2\/posts\/490853\/revisions"}],"wp:featuredmedia":[{"embeddable":true,"href":"https:\/\/www.europesays.com\/fr\/wp-json\/wp\/v2\/media\/490854"}],"wp:attachment":[{"href":"https:\/\/www.europesays.com\/fr\/wp-json\/wp\/v2\/media?parent=490853"}],"wp:term":[{"taxonomy":"category","embeddable":true,"href":"https:\/\/www.europesays.com\/fr\/wp-json\/wp\/v2\/categories?post=490853"},{"taxonomy":"post_tag","embeddable":true,"href":"https:\/\/www.europesays.com\/fr\/wp-json\/wp\/v2\/tags?post=490853"}],"curies":[{"name":"wp","href":"https:\/\/api.w.org\/{rel}","templated":true}]}}