{"id":490857,"date":"2025-10-26T09:24:22","date_gmt":"2025-10-26T09:24:22","guid":{"rendered":"https:\/\/www.europesays.com\/fr\/490857\/"},"modified":"2025-10-26T09:24:22","modified_gmt":"2025-10-26T09:24:22","slug":"nos-coups-de-coeur-pour-sortir-ce-week-end-a-rennes","status":"publish","type":"post","link":"https:\/\/www.europesays.com\/fr\/490857\/","title":{"rendered":"Nos coups de c\u0153ur pour sortir ce week-end \u00e0 Rennes"},"content":{"rendered":"<p>La science en famille<\/p>\n<p>Id\u00e9al en famille, le Laboratoire de Merlin est une exposition permanente, con\u00e7ue et anim\u00e9e par l\u2019Espace des sciences, l\u2019une des entit\u00e9s du centre culturel des Champs libres, cours des Alli\u00e9s, \u00e0 Rennes. Ce labo invite \u00e0 d\u00e9couvrir de multiples ph\u00e9nom\u00e8nes scientifiques par le jeu. Un panel de manipulations interactives est \u00e0 disposition pour tester librement ses connaissances.<\/p>\n<p><strong>Samedi 25 et dimanche 26 octobre,<\/strong> aux Champs libres, cours des Alli\u00e9s. S\u00e9ance toutes les heures, de 14\u00a0h\u00a030 \u00e0 17\u00a0h\u00a030. Tarifs\u00a0: 6\u00a0\u20ac, 5\u00a0\u20ac (r\u00e9duit), gratuit pour les moins de 5\u00a0ans accompagn\u00e9s.<\/p>\n<p>\u00a0<\/p>\n<p>L\u2019humour en famille<\/p>\n<p>Jongler avec les mots est un spectacle jeune public \u00e0 partir de 6\u00a0ans. Il est le fruit du pari d\u2019Agn\u00e8s et Louis qui parcourent les routes, accompagn\u00e9s de leurs valises, pour faire d\u00e9couvrir l\u2019univers de Raymond Devos.<\/p>\n<p><strong>Samedi,<\/strong> \u00e0 15\u00a0h, au caf\u00e9-th\u00e9\u00e2tre le Bacchus, au bout du mail Fran\u00e7ois-Mitterrand. Tarifs\u00a0: 13\u00a0\u20ac, 10\u00a0\u20ac, 8\u00a0\u20ac, 7\u00a0\u20ac (r\u00e9duit).<\/p>\n<p>La danse en famille<\/p>\n<p>Apr\u00e8s <a href=\"https:\/\/rennes.maville.com\/actu\/actudet_-a-rennes-le-fest-noz-xxl-yaouank-est-un-embleme-festif-de-l-identite-bretonne-_7-7026917_actu.Htm\" target=\"_blank\" rel=\"nofollow noopener\">le fest-noz g\u00e9ant du week-end dernier au Libert\u00e9, Yaouank<\/a> n\u2019est pas totalement achev\u00e9. Ce samedi, \u00e0 16\u00a0h, le parquet de bal du cercle celtique accueille Le bal des familles sur le campus de la Harpe, \u00e0 Villejean.<\/p>\n<p>Sous les traits d\u2019une grand-m\u00e8re fac\u00e9tieuse, Mamil\u00e9na fait danser tous les publics\u00a0: enfants, adultes, curieux ou passionn\u00e9s. Avec son violon fabriqu\u00e9 maison, elle tisse un bal \u00e0 la fois dr\u00f4le, tendre et vivant. Tarif\u00a0: 3\u00a0\u20ac, gratuit pour les moins de 5\u00a0ans.<\/p>\n<p>Le rendez-vous le plus \u00ab\u00a0mortel\u00a0\u00bb<\/p>\n<p>\u00ab\u00a0La Vilaine frayeur\u00a0\u00bb est une succession de rendez-vous qui se tiennent, jusqu\u2019au 31\u00a0octobre, aux Ateliers du vent, 59, rue Alexandre-Duval, \u00e0 Rennes. Cette manifestation, pr\u00e9sent\u00e9e par les organisateurs comme <strong>\u00ab\u00a0un moment vivant\u00a0\u00bb <\/strong>autour de la mort, pr\u00e9voit diff\u00e9rents spectacles comme, ce samedi, \u00e0 20\u00a0h\u00a030, De l\u2019\u00e9ternelle et interminable fin du monde, une performance immersive en forme de concert \u00e9lectro, pens\u00e9e comme un rituel lib\u00e9rateur. Seul en sc\u00e8ne, un orateur guide le public dans les m\u00e9andres de nos peurs intimes et archa\u00efques les plus sombres\u00a0: un voyage symbolique et sensoriel. Apr\u00e8s 22\u00a0h, la soir\u00e9e sera dansante jusqu\u2019\u00e0 1\u00a0h. Possibilit\u00e9 de grignoter sur place. Tarifs\u00a0: 10\u00a0\u20ac, 8\u00a0\u20ac (r\u00e9duit).<\/p>\n<p>Le plus instructif<\/p>\n<p><a href=\"https:\/\/www.ouest-france.fr\/sciences\/quand-la-terre-tremble-les-soubresauts-de-la-planete-expliques-a-lespace-des-sciences-0d2d46a0-9881-11f0-a80f-a047f9eb8a5b#:~:text=Sciences-,Quand%2520la%2520terre%2520tremble%2520%253A%2520les%2520soubresauts%2520de%2520la%2520plan%25C3%25A8te%2520expliqu%25C3%25A9s,comprendre%2520ces%2520ph%25C3%25A9nom%25C3%25A8nes%2520potentiellement%2520d%25C3%25A9vastateurs.\" target=\"_blank\" rel=\"nofollow noopener\"> Quand la terre tremble est l\u2019exposition temporaire \u00e0 l\u2019Espace des sciences<\/a> des Champs libres. L\u2019occasion de plonger au c\u0153ur de la Terre pour explorer en profondeur ces ph\u00e9nom\u00e8nes naturels que sont les tremblements de terre, qui touchent la France environ 4\u00a0000\u00a0fois par an. Alliant g\u00e9ologie, \u00e9tudes scientifiques et pr\u00e9vention, cette exposition explore les diff\u00e9rentes facettes des tremblements de terre gr\u00e2ce \u00e0 des dispositifs ludiques et interactifs.<\/p>\n<p><strong>Samedi et dimanche, <\/strong>\u00e0 14\u00a0h\u00a030 et 16\u00a0h\u00a045, aux Champ libres, cours des Alli\u00e9s. Tarifs\u00a0: 8\u00a0\u20ac, 6\u00a0\u20ac, gratuit pour les moins de 5\u00a0ans accompagn\u00e9s.<\/p>\n<p>Le plus rock<\/p>\n<p>L\u2019affiche rock de ce samedi, \u00e0 partir de 20\u00a0h, au Melody maker, le caf\u00e9-concert de la rue Saint-Melaine met en avant les Marseillais de Technopolice. Le groupe tient du punk, mais plus comme avant\u00a0: c\u2019est rapide, bizarre, joyeusement foutraque.<\/p>\n<p>\u00c9galement \u00e0 l\u2019affiche\u00a0: les Oysters, un quatuor rock, originaire du pays de Quimperl\u00e9 (Finist\u00e8re). Apr\u00e8s avoir commenc\u00e9 dans une cave, ces jeunes dans la vingtaine sortent au grand jour avec leurs textes poignants et leur bric-\u00e0-brac d\u2019influences. Tarif\u00a0: 5\u00a0\u20ac.<\/p>\n<p>Le plus d\u00e9paysant<\/p>\n<p>La quinzi\u00e8me \u00e9dition du<a href=\"https:\/\/rennes.maville.com\/actu\/actudet_-du-6-octobre-au-15-novembre-24-expositions-photos-a-decouvrir-en-ille-et-vilaine-_7-6976103_actu.Htm\" target=\"_blank\" rel=\"nofollow noopener\"> festival de photos L\u2019image publique se poursuit jusqu\u2019au 15\u00a0novembre<\/a>, avec 24\u00a0expositions dans dix-sept\u00a0lieux insolites \u00e0 Rennes, mais aussi \u00e0 Thorign\u00e9-Fouillard, Acign\u00e9, Cesson-S\u00e9vign\u00e9, Bruz et Foug\u00e8res.<\/p>\n<p>Le th\u00e8me g\u00e9n\u00e9ral, cette ann\u00e9e, est Territoires et habitants. L\u2019Orangerie du Thabor accueille ainsi, jusqu\u2019\u00e0 dimanche, l\u2019exposition collective Sur la route, avec Thomas Guillin, Fran\u00e7oise Lambert, Muhanad Baas et Jean-Louis Mercier. Les regards des quatre photographes transportent le public dans diff\u00e9rents univers.<\/p>\n<p><strong>Samedi et dimanche,<\/strong> de 14\u00a0h \u00e0 18\u00a0h, \u00e0 l\u2019Orangerie du Thabor. Gratuit.<\/p>\n<p>\u00a0<\/p>\n","protected":false},"excerpt":{"rendered":"La science en famille Id\u00e9al en famille, le Laboratoire de Merlin est une exposition permanente, con\u00e7ue et anim\u00e9e&hellip;\n","protected":false},"author":2,"featured_media":490858,"comment_status":"","ping_status":"","sticky":false,"template":"","format":"standard","meta":{"footnotes":""},"categories":[2821],"tags":[1111,11,829,854,1777,674,1011,27,12,584,25,4251,11489,4064],"class_list":{"0":"post-490857","1":"post","2":"type-post","3":"status-publish","4":"format-standard","5":"has-post-thumbnail","7":"category-rennes","8":"tag-actu","9":"tag-actualites","10":"tag-bretagne","11":"tag-coups","12":"tag-eu","13":"tag-europe","14":"tag-fr","15":"tag-france","16":"tag-news","17":"tag-rennes","18":"tag-republique-francaise","19":"tag-sortir","20":"tag-ur","21":"tag-week-end"},"share_on_mastodon":{"url":"https:\/\/pubeurope.com\/@fr\/115439748124768204","error":""},"_links":{"self":[{"href":"https:\/\/www.europesays.com\/fr\/wp-json\/wp\/v2\/posts\/490857","targetHints":{"allow":["GET"]}}],"collection":[{"href":"https:\/\/www.europesays.com\/fr\/wp-json\/wp\/v2\/posts"}],"about":[{"href":"https:\/\/www.europesays.com\/fr\/wp-json\/wp\/v2\/types\/post"}],"author":[{"embeddable":true,"href":"https:\/\/www.europesays.com\/fr\/wp-json\/wp\/v2\/users\/2"}],"replies":[{"embeddable":true,"href":"https:\/\/www.europesays.com\/fr\/wp-json\/wp\/v2\/comments?post=490857"}],"version-history":[{"count":0,"href":"https:\/\/www.europesays.com\/fr\/wp-json\/wp\/v2\/posts\/490857\/revisions"}],"wp:featuredmedia":[{"embeddable":true,"href":"https:\/\/www.europesays.com\/fr\/wp-json\/wp\/v2\/media\/490858"}],"wp:attachment":[{"href":"https:\/\/www.europesays.com\/fr\/wp-json\/wp\/v2\/media?parent=490857"}],"wp:term":[{"taxonomy":"category","embeddable":true,"href":"https:\/\/www.europesays.com\/fr\/wp-json\/wp\/v2\/categories?post=490857"},{"taxonomy":"post_tag","embeddable":true,"href":"https:\/\/www.europesays.com\/fr\/wp-json\/wp\/v2\/tags?post=490857"}],"curies":[{"name":"wp","href":"https:\/\/api.w.org\/{rel}","templated":true}]}}