{"id":490861,"date":"2025-10-26T09:26:23","date_gmt":"2025-10-26T09:26:23","guid":{"rendered":"https:\/\/www.europesays.com\/fr\/490861\/"},"modified":"2025-10-26T09:26:23","modified_gmt":"2025-10-26T09:26:23","slug":"strasbourg-jazz-amours-cachees-et-fraternites-toxiques-novembre-va-secouer","status":"publish","type":"post","link":"https:\/\/www.europesays.com\/fr\/490861\/","title":{"rendered":"Strasbourg. Jazz, amours cach\u00e9es et fraternit\u00e9s toxiques\u00a0: novembre va secouer"},"content":{"rendered":"<p class=\"wp-block-post-excerpt__excerpt\">Jazzdor qui souffle ses 40 bougies, des femmes qui s\u2019aiment loin des regards, une trilogie choc sur les violences sexuelles, un salon de litt\u00e9rature jeunesse\u2026 Voici de quoi remplir votre agenda culturel de novembre. <\/p>\n<p class=\"font-sans\">\n\t\t\tCet article est en acc\u00e8s libre. Pour soutenir Rue89 Strasbourg,<br \/>\n\t\t\t<a class=\"underline\" href=\"https:\/\/www.rue89strasbourg.com\/abonnement\" rel=\"nofollow noopener\" target=\"_blank\">abonnez-vous<\/a>.\n\t\t<\/p>\n<p>Fanny Laemmel<\/p>\n<p>Publi\u00e9 le 26 octobre 2025\u00a0\u00a0\u00b7\u00a0\u00a0<\/p>\n<p>Imprim\u00e9 le 26 octobre 2025 \u00e0 10h26\u00a0\u00a0\u00b7\u00a0\u00a0<\/p>\n<p>\t\t\t\t\t5\u00a0minutes\n<\/p>\n<p><strong>Jazzdor f\u00eate ses 40 ans <\/strong><\/p>\n<p>\u00c0 partir du 7 novembre, le festival Jazzdor c\u00e9l\u00e8bre quatre d\u00e9cennies d\u2019existence avec pr\u00e8s de 120 artistes venus de 23 pays, r\u00e9partis dans 9 salles de concert. Cette 40e \u00e9dition met le jazz au f\u00e9minin \u00e0 l\u2019honneur, avec une programmation qui fr\u00f4le la parit\u00e9 sur le nombre de groupes dirig\u00e9s par une femme. Au programme : la trompettiste et compositrice fran\u00e7aise Airelle Besson ou encore le trio de la canadienne Kris Davis. Le festival c\u00e9l\u00e8bre aussi les collaborations internationales, avec, en cl\u00f4ture, Omar Sosa et Souad Asla (Alg\u00e9rie\/Cuba\/Hongrie\/France\/Venezuela). <\/p>\n<p>On a rep\u00e9r\u00e9 Free Space, un spectacle qui interroge la notion d\u2019espace dans la musique, avec le violoncelliste Vincent Courtois et le com\u00e9dien Pierre Baux autour de l\u2019\u0153uvre de Georges Perec Esp\u00e8ces d\u2019espaces. Et pour celles et ceux pr\u00eats \u00e0 traverser le Rhin, rendez-vous \u00e0 la Reithalle d\u2019Offenburg avec Les \u00e9gar\u00e9s, qui r\u00e9unit quatre solistes de haut vol : \u00c9mile Parisien, Ballak\u00e9 Sissoko, Vincent Peirani et Vincent Segal. Virtuosit\u00e9 et po\u00e9sie au programme.<\/p>\n<p>Y <strong>aller<\/strong><\/p>\n<p><strong>Du 7 au 21 novembre<\/strong> <strong>2025<\/strong><br \/>Jazzdor, 4 Rue de Bitche<br \/>Programme complet : <a href=\"https:\/\/jazzdor.com\/fr\/festival-jazzdor-strasbourg\" rel=\"nofollow noopener\" target=\"_blank\">jazzdor.com<\/a><\/p>\n<p><a href=\"https:\/\/www.rue89strasbourg.com\/abonnement\/6-mois-municipales\" rel=\"nofollow noopener\" target=\"_blank\"><img loading=\"lazy\" decoding=\"async\" width=\"970\" height=\"250\" src=\"https:\/\/www.europesays.com\/fr\/wp-content\/uploads\/2025\/10\/bannie\u0300re-desktop-promo-municipales.gif\" alt=\"\" class=\"wp-image-363826\"\/><\/a><\/p>\n<p><a href=\"https:\/\/www.rue89strasbourg.com\/abonnement\/6-mois-municipales\" rel=\"nofollow noopener\" target=\"_blank\"><img loading=\"lazy\" decoding=\"async\" width=\"300\" height=\"300\" src=\"https:\/\/www.europesays.com\/fr\/wp-content\/uploads\/2025\/10\/bannie\u0300re-mobile-promo-municipales.png\" alt=\"\" class=\"wp-image-363827\"  \/><\/a><\/p>\n<p><strong>Animaux, tableaux, photos\u00a0!<\/strong><\/p>\n<p>Les photos du photographe animalier vosgien Vincent Munier \u2013 dont le talent d\u00e9passe largement nos fronti\u00e8res \u2013 dialoguent avec des \u0153uvres issues de diff\u00e9rents mus\u00e9es de Strasbourg (Mus\u00e9e des Beaux-Arts, Cabinet des Estampes et des Dessins, Mus\u00e9e d\u2019Art moderne et contemporain, Mus\u00e9e Tomi Ungerer et Mus\u00e9e Zoologique) et allant du XVIe si\u00e8cle au XXe si\u00e8cle. Autour du th\u00e8me \u00ab\u00a0l\u2019animal et la nature\u00a0\u00bb, cette exposition entend nous rappeler que l\u2019art comme la nature m\u00e9ritent d\u2019\u00eatre observ\u00e9s, contempl\u00e9s, et prot\u00e9g\u00e9s. 81 photographies nous embarquent en for\u00eat, avant de nous perdre dans des paysages d\u2019une blancheur immacul\u00e9e.<\/p>\n<p><img loading=\"lazy\" decoding=\"async\" width=\"792\" height=\"527\" src=\"https:\/\/www.europesays.com\/fr\/wp-content\/uploads\/2025\/10\/renne-sauvage-norve\u0300ge-792x527.jpg\" alt=\"\" class=\"wp-image-364821\" style=\"width:840px;height:auto\"  \/> Renne sauvage, Norve\u0300ge.Photo\u00a0: Vincent Munier<\/p>\n<p>\u00c0 noter, le 9 novembre, de 14h30 \u00e0 17h30, les \u00e9tudiants de l\u2019Universit\u00e9 de Strasbourg s\u2019invitent dans les collections pour vous accompagner dans la d\u00e9couverte des \u0153uvres. <\/p>\n<p>Y <strong>aller<\/strong><\/p>\n<p><strong>Du 7 novembre 2025 au 27 avril 2026<\/strong><br \/>Mus\u00e9e des Beaux-Arts, 3 place du Ch\u00e2teau<br \/>Ouvert en semaine de 10h \u00e0 13h et de 14h \u00e0 18h<br \/>Samedi et dimanche de 10h \u00e0 18h \/ Ferm\u00e9 le mardi<br \/>Tarifs : 7,50\u20ac | 3,50\u20ac (r\u00e9duit)<\/p>\n<p>\t\t<strong>Le TJP \u00e9gaye vos d\u00e9jeuners<\/strong><\/p>\n<p>Le TJP a d\u00e9cid\u00e9 de transformer vos pauses d\u00e9jeuner en interm\u00e8des culturels. De courtes repr\u00e9sentations artistiques \u2013 danse, th\u00e9\u00e2tre, performances culinaires \u2013 sont programm\u00e9es plusieurs mardis midi tout au long de la saison. Le principe : venir avec sa gamelle ou commander sur place pour manger avant, pendant ou apr\u00e8s le spectacle.<\/p>\n<p>En novembre, rendez-vous le 4 du mois avec Arron Mata, artiste originaire de l\u2019Elsau qui reviendra sur son parcours et partagera son amour de la langue et du jeu. Entre ces moments de th\u00e9\u00e2tre sera projet\u00e9 Elsautopie ou la montagne verte, un chemin vers l\u2019utopie d\u2019Ana\u00efs Baseilhac, r\u00e9alis\u00e9 avec les \u00e9l\u00e8ves des classes th\u00e9\u00e2tre du coll\u00e8ge Hans Arp. Le mardi 14 novembre, c\u2019est un parcours gustatif des plantes de Strasbourg avec le danseur, com\u00e9dien et performeur Louis Gillard qui r\u00e9jouira les curieux gourmands.<\/p>\n<p>Y <strong>aller<\/strong><\/p>\n<p><strong>15 mardis sur la saison de 12h \u00e0 13h30<\/strong><br \/>Petite sc\u00e8ne du TJP, 1 rue du Pont Saint-Martin<br \/>Entr\u00e9e libre dans la limite des places disponibles<br \/>Programme : <a href=\"https:\/\/tjp-strasbourg.com\/midis-vivants\/\" rel=\"nofollow noopener\" target=\"_blank\">tjp-strasbourg.com\/midis-vivants<\/a><\/p>\n<p><strong>Se\u00f1ora Tentaci\u00f3n<\/strong><\/p>\n<p>Une concierge et une femme de m\u00e9nage vivent un amour secret \u00e0 l\u2019ombre d\u2019une jungle foisonnante qu\u2019arrose la premi\u00e8re. Le texte de la f\u00e9ministe Marie Dilasser met en lumi\u00e8re la passion invisible de deux femmes sexag\u00e9naires. Mis en sc\u00e8ne par les danseuses et chor\u00e9graphes Roser Montll\u00f3 Guberna et Brigitte Seth \u2013 habitu\u00e9es des plateaux de P\u00f4le Sud \u2013, Se\u00f1ora Tentaci\u00f3n rend hommage \u00e0 toutes celles et ceux qui, de g\u00e9n\u00e9ration en g\u00e9n\u00e9ration, ont d\u00fb taire et dissimuler leur homosexualit\u00e9. Ces femmes touchantes, par leurs mots et leur gestuelle, d\u00e9fendent le droit de chacun \u00e0 vivre ses d\u00e9sirs librement.<\/p>\n<p>Le 14 novembre, un atelier autour de ce spectacle est propos\u00e9 aux femmes de plus de 60 ans. Les deux chor\u00e9graphes animeront ce moment cr\u00e9atif entre danse et th\u00e9\u00e2tre, autour du th\u00e8me du secret, du non-dit. <\/p>\n<p><img loading=\"lazy\" decoding=\"async\" width=\"792\" height=\"1187\" src=\"https:\/\/www.europesays.com\/fr\/wp-content\/uploads\/2025\/10\/pole-sud-brigitte-seth-et-roser-montlo-guberna-senora-tentacion-02-792x1187.jpg\" alt=\"\" class=\"wp-image-364834\" style=\"width:550px;height:auto\"  \/> Brigitte Seth et Roser Montll\u00f3 Guberna, Se\u00f1ora tentaci\u00f3n. Photo\u00a0: Christophe Raynaud de Lage<\/p>\n<p>Y <strong>aller<\/strong><\/p>\n<p><strong>Se\u00f1ora Tentaci\u00f3n<\/strong><br \/>Jeudi 13 et vendredi 14 novembre \u00e0 20h30<br \/>P\u00f4le Sud, 1 rue de Bourgogne<br \/>Tarifs : 6\u20ac \u00e0 26\u20ac<\/p>\n<p><strong>Conf\u00e9rence avec Brigitte Seth &amp; Roser Montll\u00f3 Guberna<\/strong><br \/>Vendredi 7 novembre, 18h30 \u00e0 20h<br \/>Lieu \u00e0 confirmer \/ Entr\u00e9e libre<br \/>En partenariat avec l\u2019Universit\u00e9 de Strasbourg<\/p>\n<p><strong>Atelier de pratique artistique<\/strong><br \/>Vendredi 14 novembre, 14h \u00e0 16h, P\u00f4le Sud<br \/>Pour des femmes de + 60 ans, sans pr\u00e9requis<br \/>Tarifs : 12\u20ac \u00e0 20\u20ac<br \/>Inscription : <a href=\"https:\/\/billetterie.pole-sud.fr\" rel=\"nofollow noopener\" target=\"_blank\">billetterie.pole-sud.fr<\/a><\/p>\n<p><strong>The Brotherhood<\/strong><\/p>\n<p>L\u2019autrice et metteuse en sc\u00e8ne br\u00e9silienne Carolina Bianchi revient au Maillon avec la suite de son triptyque Cadela For\u00e7a consacr\u00e9 aux violences sexuelles et \u00e0 leur repr\u00e9sentation dans les arts. Celles et ceux qui ont vu La Mari\u00e9e et Bonne nuit Cendrillon la saison derni\u00e8re se souviennent de la performeuse tombant inconsciente apr\u00e8s avoir consomm\u00e9 la drogue du violeur, sur sc\u00e8ne. Cette fois, elle se penche sur les fraternit\u00e9s masculines : leurs origines, leurs codes, leurs cons\u00e9quences. Elle interroge la perp\u00e9tuation du viol et des violences sexuelles comme faisant partie int\u00e9grante de leur vocabulaire. <\/p>\n<p>Dans le premier acte de ce long spectacle (3h40 avec entracte), Carolina Bianchi interviewe Klaus Haas, metteur en sc\u00e8ne imaginaire de renomm\u00e9e mondiale. Dans le deuxi\u00e8me acte, huit hommes occupent la sc\u00e8ne tandis que Carolina Bianchi est rel\u00e9gu\u00e9e en arri\u00e8re-plan, illustrant l\u2019annihilation des femmes par les hommes, y compris dans la culture. \u00c7a d\u00e9range, \u00e7a questionne, c\u2019est le but.<\/p>\n<\/p>\n<p>Y <strong>aller<\/strong><\/p>\n<p><strong>Du 13 au 15 novembre \u00e0 19h<\/strong><br \/>Le Maillon, 1 boulevard de Dresde<br \/>Tarifs : 6\u20ac \u00e0 26\u20ac<br \/>Infos et r\u00e9servation : <a href=\"https:\/\/maillon.eu\/spectacle\/979.the-brotherhood-trilogie-cadela-forca-chapitre-ii--carolina-bianchi-y-cara-de-cavalo\" rel=\"nofollow noopener\" target=\"_blank\">maillon.eu<\/a><\/p>\n<p><strong>Schilick on carnet<\/strong><\/p>\n<p>Le salon du livre jeunesse \u2013 dont on adore toujours autant le nom \u2013 est de retour ce mois-ci ! Il propose pour cette \u00e9dition un focus sur six maisons d\u2019\u00e9dition ind\u00e9pendantes. On y d\u00e9couvrira des livres engag\u00e9s, produits de mani\u00e8re \u00e9coresponsable, multiculturels ou encore bilingues. Comme chaque ann\u00e9e, une douzaine d\u2019illustrateurs et d\u2019illustratrices seront pr\u00e9sents pour d\u00e9dicacer leurs ouvrages. Au menu : spectacles, lectures orales et lectures sign\u00e9es en langue des signes fran\u00e7aise (LSF), ateliers pour tout \u00e2ge et coin restauration durant tout le week-end.<\/p>\n<p><img loading=\"lazy\" decoding=\"async\" width=\"792\" height=\"990\" src=\"https:\/\/www.europesays.com\/fr\/wp-content\/uploads\/2025\/10\/schilik-on-carnet-792x990.jpg\" alt=\"\" class=\"wp-image-364826\" style=\"width:626px;height:auto\"  \/><\/p>\n<p>Y <strong>aller<\/strong><\/p>\n<p><strong>Vendredi 14 novembre : 17h \u00e0 19h + inauguration \u00e0 19h<\/strong><br \/><strong>Samedi 15 novembre : 10h \u00e0 18h<\/strong><br \/><strong>Dimanche 16 novembre : 10h \u00e0 17h<\/strong><br \/>La Briqueterie, avenue de la 2e Division Blind\u00e9e, Schiltigheim<br \/>Entr\u00e9e libre<\/p>\n","protected":false},"excerpt":{"rendered":"Jazzdor qui souffle ses 40 bougies, des femmes qui s\u2019aiment loin des regards, une trilogie choc sur les&hellip;\n","protected":false},"author":2,"featured_media":490862,"comment_status":"","ping_status":"","sticky":false,"template":"","format":"standard","meta":{"footnotes":""},"categories":[2820],"tags":[1111,11,3734,6211,251,1777,674,849,1011,27,775,7107,12,25,640],"class_list":{"0":"post-490861","1":"post","2":"type-post","3":"status-publish","4":"format-standard","5":"has-post-thumbnail","7":"category-strasbourg","8":"tag-actu","9":"tag-actualites","10":"tag-art","11":"tag-conference","12":"tag-culture","13":"tag-eu","14":"tag-europe","15":"tag-festival","16":"tag-fr","17":"tag-france","18":"tag-grand-est","19":"tag-musees","20":"tag-news","21":"tag-republique-francaise","22":"tag-strasbourg"},"share_on_mastodon":{"url":"https:\/\/pubeurope.com\/@fr\/115439756120960465","error":""},"_links":{"self":[{"href":"https:\/\/www.europesays.com\/fr\/wp-json\/wp\/v2\/posts\/490861","targetHints":{"allow":["GET"]}}],"collection":[{"href":"https:\/\/www.europesays.com\/fr\/wp-json\/wp\/v2\/posts"}],"about":[{"href":"https:\/\/www.europesays.com\/fr\/wp-json\/wp\/v2\/types\/post"}],"author":[{"embeddable":true,"href":"https:\/\/www.europesays.com\/fr\/wp-json\/wp\/v2\/users\/2"}],"replies":[{"embeddable":true,"href":"https:\/\/www.europesays.com\/fr\/wp-json\/wp\/v2\/comments?post=490861"}],"version-history":[{"count":0,"href":"https:\/\/www.europesays.com\/fr\/wp-json\/wp\/v2\/posts\/490861\/revisions"}],"wp:featuredmedia":[{"embeddable":true,"href":"https:\/\/www.europesays.com\/fr\/wp-json\/wp\/v2\/media\/490862"}],"wp:attachment":[{"href":"https:\/\/www.europesays.com\/fr\/wp-json\/wp\/v2\/media?parent=490861"}],"wp:term":[{"taxonomy":"category","embeddable":true,"href":"https:\/\/www.europesays.com\/fr\/wp-json\/wp\/v2\/categories?post=490861"},{"taxonomy":"post_tag","embeddable":true,"href":"https:\/\/www.europesays.com\/fr\/wp-json\/wp\/v2\/tags?post=490861"}],"curies":[{"name":"wp","href":"https:\/\/api.w.org\/{rel}","templated":true}]}}