{"id":490863,"date":"2025-10-26T09:27:13","date_gmt":"2025-10-26T09:27:13","guid":{"rendered":"https:\/\/www.europesays.com\/fr\/490863\/"},"modified":"2025-10-26T09:27:13","modified_gmt":"2025-10-26T09:27:13","slug":"strasbourg-avant-match-horaire-diffusion-tv","status":"publish","type":"post","link":"https:\/\/www.europesays.com\/fr\/490863\/","title":{"rendered":"Strasbourg : avant-match, horaire, diffusion TV"},"content":{"rendered":"<p>                            <img width=\"770\" height=\"433\" src=\"https:\/\/www.europesays.com\/fr\/wp-content\/uploads\/2025\/10\/AFP__20240830__36F68WQ__v1__HighRes__FblFraLigue1LyonStrasbourg-770x433.jpg\" class=\"attachment-article size-article wp-post-image\" alt=\"Abner lors d'OL - Strasbourg\" decoding=\"async\" fetchpriority=\"high\"  \/><\/p>\n<p>Abner lors d\u2019OL \u2013 Strasbourg (Photo by Thibaud MORITZ \/ AFP)<\/p>\n<p>Avant-match, horaire et diffusion TV, retrouvez les informations pratiques avant l&rsquo;affiche de la neuvi\u00e8me journ\u00e9e entre l&rsquo;OL et Strasbourg.<\/p>\n<p>Avant-match<\/p>\n<p>Un choc pour mettre fin \u00e0 la mauvaise s\u00e9rie en Ligue 1. Si l<strong>&lsquo;OL <\/strong>a enray\u00e9 sa dynamique n\u00e9gative gr\u00e2ce \u00e0 la Ligue Europa jeudi, la formation lyonnaise ne veut pas encha\u00eener une troisi\u00e8me d\u00e9faite de suite en championnat. Cela plongerait le club dans une certaine crise, m\u00eame si rien ne sera pli\u00e9 pour autant. Cependant, ce serait un joli envoy\u00e9 que de prendre le meilleur sur Strasbourg, \u00e9quipe parmi les plus attractives de la la Ligue 1. La mission n&rsquo;est pas impossible, mais ne sera pas ais\u00e9e pour autant. Les Alsaciens produisent un jeu s\u00e9duisant et comptent sur la forme de leur buteur Joaquin\u00a0<strong>Panichelli<\/strong>\u00a0pour prendre quatre points d&rsquo;avance sur leur adversaire du soir.<\/p>\n<p>Pour la venue du RCSA, Paulo <strong>Fonseca<\/strong> peut compter sur un effectif au complet. N\u00e9anmoins, la case des joueurs offensifs est encore une fois assez vide et il va donc encore falloir ruser pour contrarier cette formation strasbourgeoise. Absents en Ligue Europa, Hans <strong>Hateboer<\/strong> et Rachid <strong>Ghezzal<\/strong> r\u00e9int\u00e8grent le groupe de l&rsquo;OL.<\/p>\n<p>\u00c0 quelle heure se joue OL &#8211; Strasbourg ?<\/p>\n<p>La plage de repos n&rsquo;a pas \u00e9t\u00e9 tr\u00e8s longue. Ayant jou\u00e9 jeudi soir, tout comme <strong>Strasbourg<\/strong>, l&rsquo;<strong>OL<\/strong>\u00a0n&rsquo;a eu qu&rsquo;une s\u00e9ance collective pour pr\u00e9parer cette rencontre de la 9e journ\u00e9e. Mais, avec un coup d&rsquo;envoi fix\u00e9 \u00e0 20h45, la rencontre de ce dimanche a quand m\u00eame permis d&rsquo;avoir quelques heures de repos suppl\u00e9mentaires que si le match avait eu lieu en cours d&rsquo;apr\u00e8s-midi. C&rsquo;est donc pour la cl\u00f4ture de ce nouveau week-end de Ligue 1 qu&rsquo;Eric\u00a0<strong><a href=\"https:\/\/www.olympique-et-lyonnais.com\/ol-strasbourg-eric-wattellier-au-sifflet,328983.html\" target=\"_blank\" rel=\"noopener\">Wattellier<\/a><\/strong>\u00a0donnera le coup d&rsquo;envoi \u00e0 20h45.<\/p>\n<p>Sur quelle cha\u00eene voir OL &#8211; Strasbourg ?<\/p>\n<p>Match du dimanche soir \u00e9quivaut ainsi \u00e0 une retransmission sur la plateforme Ligue 1+. \u00c0 cette occasion, Xavier\u00a0<strong>Domergue<\/strong>\u00a0et Beno\u00eet\u00a0<strong>Cheyrou<\/strong>\u00a0assureront les commentaires. Marina\u00a0<strong>Lorenzo<\/strong>\u00a0et Guillaume\u00a0<strong>Hoarau<\/strong>\u00a0seront eux en bord de pelouse au Parc OL.<\/p>\n","protected":false},"excerpt":{"rendered":"Abner lors d\u2019OL \u2013 Strasbourg (Photo by Thibaud MORITZ \/ AFP) Avant-match, horaire et diffusion TV, retrouvez les&hellip;\n","protected":false},"author":2,"featured_media":490864,"comment_status":"","ping_status":"","sticky":false,"template":"","format":"standard","meta":{"footnotes":""},"categories":[2820],"tags":[1111,11,1777,674,1011,27,775,66,12,241,978,25,640],"class_list":{"0":"post-490863","1":"post","2":"type-post","3":"status-publish","4":"format-standard","5":"has-post-thumbnail","7":"category-strasbourg","8":"tag-actu","9":"tag-actualites","10":"tag-eu","11":"tag-europe","12":"tag-fr","13":"tag-france","14":"tag-grand-est","15":"tag-ligue-1","16":"tag-news","17":"tag-ol","18":"tag-olympique-lyonnais","19":"tag-republique-francaise","20":"tag-strasbourg"},"share_on_mastodon":{"url":"https:\/\/pubeurope.com\/@fr\/115439759967080658","error":""},"_links":{"self":[{"href":"https:\/\/www.europesays.com\/fr\/wp-json\/wp\/v2\/posts\/490863","targetHints":{"allow":["GET"]}}],"collection":[{"href":"https:\/\/www.europesays.com\/fr\/wp-json\/wp\/v2\/posts"}],"about":[{"href":"https:\/\/www.europesays.com\/fr\/wp-json\/wp\/v2\/types\/post"}],"author":[{"embeddable":true,"href":"https:\/\/www.europesays.com\/fr\/wp-json\/wp\/v2\/users\/2"}],"replies":[{"embeddable":true,"href":"https:\/\/www.europesays.com\/fr\/wp-json\/wp\/v2\/comments?post=490863"}],"version-history":[{"count":0,"href":"https:\/\/www.europesays.com\/fr\/wp-json\/wp\/v2\/posts\/490863\/revisions"}],"wp:featuredmedia":[{"embeddable":true,"href":"https:\/\/www.europesays.com\/fr\/wp-json\/wp\/v2\/media\/490864"}],"wp:attachment":[{"href":"https:\/\/www.europesays.com\/fr\/wp-json\/wp\/v2\/media?parent=490863"}],"wp:term":[{"taxonomy":"category","embeddable":true,"href":"https:\/\/www.europesays.com\/fr\/wp-json\/wp\/v2\/categories?post=490863"},{"taxonomy":"post_tag","embeddable":true,"href":"https:\/\/www.europesays.com\/fr\/wp-json\/wp\/v2\/tags?post=490863"}],"curies":[{"name":"wp","href":"https:\/\/api.w.org\/{rel}","templated":true}]}}