{"id":490867,"date":"2025-10-26T09:29:19","date_gmt":"2025-10-26T09:29:19","guid":{"rendered":"https:\/\/www.europesays.com\/fr\/490867\/"},"modified":"2025-10-26T09:29:19","modified_gmt":"2025-10-26T09:29:19","slug":"promenade-du-paillon-a-nice-ca-valait-le-coup-tous-ces-travaux-ce-que-pensent-les-nicois-de-lextension","status":"publish","type":"post","link":"https:\/\/www.europesays.com\/fr\/490867\/","title":{"rendered":"Promenade du Paillon \u00e0 Nice. \u00ab\u00a0Ca valait le coup tous ces travaux\u00a0\u00bb, ce que pensent les Ni\u00e7ois de l&rsquo;extension"},"content":{"rendered":"<p>            Par<br \/>\n        <strong><br \/>\n            <a href=\"https:\/\/actu.fr\/auteur\/ugo-maillard\" title=\"Consulter tous les articles de Ugo Maillard\" target=\"_blank\" rel=\"noopener\">Ugo Maillard<\/a><br \/>\n        <\/strong><\/p>\n<p>        Publi\u00e9 le<\/p>\n<p>            26 oct. 2025 \u00e0 9h22        <\/p>\n<p>L\u2019accueil semble \u00eatre \u00e0 la hauteur des attentes. Le samedi 18\u00a0octobre 2025, la Ville de Nice (Alpes-Maritimes) a d\u00e9voil\u00e9 la <a href=\"https:\/\/actu.fr\/provence-alpes-cote-d-azur\/nice_06088\/nice-la-promenade-du-paillon-ouvre-enfin-tout-ce-que-l-on-sait-sur-cette-foret-urbaine_63307864.html\" target=\"_blank\" rel=\"noopener\">seconde partie de la promenade du Paillon<\/a>. Une premi\u00e8re journ\u00e9e marqu\u00e9e par la venue de <strong>35\u2009000\u00a0personnes<\/strong>. Ce site qui s\u2019\u00e9tend sur huit hectares et qui accueille environ<strong> 2\u2009500 arbres<\/strong> aura co\u00fbt\u00e9 75\u00a0millions d\u2019euros. Un projet ambitieux, ardemment d\u00e9fendu par les \u00e9quipes de Christian Estrosi et qui \u00e9tait tr\u00e8s attendu par les habitants de Nice.<\/p>\n<p class=\" wall-content\">La r\u00e9daction d\u2019<a href=\"https:\/\/actu.fr\/nice\/\" target=\"_blank\" rel=\"noopener\">actu Nice<\/a> est all\u00e9e recueillir l\u2019avis des Ni\u00e7ois et des touristes sur cette seconde partie de la promenade du Paillon. Voici\u00a0ce qu\u2019en pensent les personnes rencontr\u00e9es sur place, le mercredi 22\u00a0octobre 2025.<\/p>\n<p>\u00ab\u2009On reviendra\u2009\u00bb<\/p>\n<p class=\" wall-content\">\u00ab\u2009C\u2019est bien pour les enfants, ils peuvent courir partout\u2026 j\u2019esp\u00e8re quand m\u00eame qu\u2019il y aura des gardiens.\u2009\u00bb En ce mercredi 22\u00a0octobre 2025, une foule impressionnante s\u2019\u00e9tait donn\u00e9 rendez-vous dans les all\u00e9es de la nouvelle promenade du Paillon.\u00a0Pour beaucoup, cette balade sous un soleil r\u00e9confortant \u00e9tait l\u2019occasion de <strong>d\u00e9couvrir et de juger ce projet<\/strong> municipal, inaugur\u00e9 en grande pompe le samedi pr\u00e9c\u00e9dent.<\/p>\n<p>    <img   decoding=\"async\" loading=\"lazy\" src=\"https:\/\/www.europesays.com\/fr\/wp-content\/uploads\/2025\/10\/nice-promenade-paillon-960x640.png\" alt=\"Les Ni\u00e7ois \u00e9taient tr\u00e8s nombreux dans les all\u00e9es de la nouvelle promenade du Paillon, ce mercredi 22 octobre 2025.\" width=\"960\" height=\"640\"\/><br \/>\n    Les Ni\u00e7ois \u00e9taient tr\u00e8s nombreux dans les all\u00e9es de la nouvelle promenade du Paillon, ce mercredi 22\u00a0octobre 2025. (\u00a9Ugo Maillard \/ actu Nice)<\/p>\n<p class=\" wall-content\">Annie et Marie-Th\u00e9r\u00e8se sont venues d\u00e9couvrir ce parc et le moins que l\u2019on puisse dire, c\u2019est qu\u2019elles ne sont pas d\u00e9\u00e7ues\u2009: \u00ab\u2009On voit plein de choses pour les enfants, les familles. C\u2019est vraiment r\u00e9ussi.\u2009\u00bb Marie-Th\u00e9r\u00e8se, venue de son quartier de La\u00a0Trinit\u00e9 en fauteuil, <strong>salue l\u2019accessibilit\u00e9<\/strong> de la promenade des Paillons et le promet, \u00ab\u2009on reviendra, c\u2019est certain\u2009\u00bb.<\/p>\n<blockquote class=\"ac-article-quote wall-content\">\n<p>Il y a beaucoup de places pour s&rsquo;asseoir. C&rsquo;est super.<\/p>\n<p>    <strong>Annie<\/strong>\n            <\/p><\/blockquote>\n<p>Les familles sont ravies<\/p>\n<p class=\" wall-content\">En ce mercredi de vacances scolaires, le nouveau site est particuli\u00e8rement pris\u00e9 par les familles ni\u00e7oises. Et on les comprend\u2009: les enfants peuvent profiter de jeux, de tyroliennes, de parcours dans les arbres et m\u00eame d\u2019un potager.<\/p>\n<p>Votre r\u00e9gion, votre actu !<\/p>\n<p>Recevez chaque jour les infos qui comptent pour vous.<\/p>\n<p>\t<a href=\"https:\/\/actu.fr\/newsletter\" class=\"ac-btn ac-btn--corner ac-btn--medium ac-btn--blue800\" target=\"_blank\" rel=\"noopener\">S&rsquo;incrire<\/a><\/p>\n<p class=\" wall-content\">\u00ab\u2009C\u2019est beau et mieux que le parking d\u2019avant\u2009\u00bb, sourit Oussama. Ce papa de 30 ans est venu avec son fils de cinq ans pour d\u00e9couvrir la promenade du Paillon. \u00ab\u2009Il y a beaucoup de monde, mais on ne le ressent pas. Pour mon petit, c\u2019est apaisant et pour moi aussi. Finalement, \u00e7a valait le coup tous ces travaux avec toute cette poussi\u00e8re\u2009\u00bb, rigole le livreur qui vit dans le quartier Pasteur.<\/p>\n<p>    <img   decoding=\"async\" loading=\"lazy\" src=\"https:\/\/www.europesays.com\/fr\/wp-content\/uploads\/2025\/10\/enfant-promenade-paillon-960x640.png\" alt=\"De nombreux jeux pour enfants sont disponibles dans le parc.\" width=\"960\" height=\"640\"\/><br \/>\n    De nombreux jeux pour enfants sont disponibles dans le parc. (\u00a9Ugo Maillard \/ actu Nice)<\/p>\n<p class=\" wall-content\">Le sourire est \u00e9galement pr\u00e9sent du c\u00f4t\u00e9 du potager. Avec ses deux fils, Barbara profite de la promenade du Paillon\u2009: \u00ab\u2009Je vis \u00e0 Metz, mais je viens r\u00e9guli\u00e8rement \u00e0 Nice. C\u2019est vraiment super ce qui a \u00e9t\u00e9 fait\u2009\u00bb. \u00ab\u2009Oui, super et le jeu est trop sympa\u2009\u00bb, rench\u00e9rit l\u2019un de ses fils en faisait r\u00e9f\u00e9rence au<strong> jeu de piste digital<\/strong> mis en place par les services de la Ville.<\/p>\n<p>De rares critiques<\/p>\n<p class=\" wall-content\">Dans ce concert d\u2019\u00e9loges, certains Ni\u00e7ois \u00e9mettent tout de m\u00eame des critiques. C\u2019est le cas de Christophe venu lire un livre. \u00ab\u2009C\u2019est tr\u00e8s bruyant avec les routes \u00e0 proximit\u00e9, je trouve \u00e7a dommage\u2009\u00bb, d\u00e9plore l\u2019homme d\u2019une quarantaine d\u2019ann\u00e9es qui fait r\u00e9f\u00e9rence au boulevard Risso et \u00e0 l\u2019avenue Gallieni.<\/p>\n<p>    <img   decoding=\"async\" loading=\"lazy\" src=\"https:\/\/www.europesays.com\/fr\/wp-content\/uploads\/2025\/10\/promenade-paillon-lecteurs-960x640.png\" alt=\"Venu bouquiner, Christophe d\u00e9plore le bruit g\u00e9n\u00e9r\u00e9 par les axes routiers longeant la promenade du Paillon.\" width=\"960\" height=\"640\"\/><br \/>\n    Venu bouquiner, Christophe d\u00e9plore le bruit g\u00e9n\u00e9r\u00e9 par les axes routiers longeant la promenade du Paillon. (\u00a9Ugo Maillard \/ actu Nice)<\/p>\n<p class=\" wall-content\">Le Ni\u00e7ois qui indique habiter dans le quartier souligne \u00e9galement \u00ab\u2009le manque d\u2019ombre\u2009\u00bb, qui pourrait poser un probl\u00e8me en \u00e9t\u00e9.<\/p>\n<p class=\" wall-content\">Personnalisez votre actualit\u00e9 en ajoutant vos villes et m\u00e9dias en favori avec <a href=\"https:\/\/moncompte.actu.fr\" title=\"D\u00e9couvez Mon Actu\" rel=\"nofollow noopener\" data-trk=\"{&quot;cta&quot;:{&quot;action&quot;:&quot;https:\\\/\\\/moncompte.actu.fr&quot;,&quot;category&quot;:&quot;mon compte&quot;,&quot;from&quot;:&quot;article footer&quot;,&quot;name&quot;:&quot;Mon actu&quot;,&quot;type&quot;:&quot;cta&quot;}}\" target=\"_blank\">Mon Actu<\/a>.<\/p>\n","protected":false},"excerpt":{"rendered":"Par Ugo Maillard Publi\u00e9 le 26 oct. 2025 \u00e0 9h22 L\u2019accueil semble \u00eatre \u00e0 la hauteur des attentes.&hellip;\n","protected":false},"author":2,"featured_media":490868,"comment_status":"","ping_status":"","sticky":false,"template":"","format":"standard","meta":{"footnotes":""},"categories":[2819],"tags":[1111,11,2397,1777,674,1011,27,1305,12,2401,882,25],"class_list":{"0":"post-490867","1":"post","2":"type-post","3":"status-publish","4":"format-standard","5":"has-post-thumbnail","7":"category-nice","8":"tag-actu","9":"tag-actualites","10":"tag-christian-estrosi","11":"tag-eu","12":"tag-europe","13":"tag-fr","14":"tag-france","15":"tag-lifestyle","16":"tag-news","17":"tag-nice","18":"tag-provence-alpes-cote-dazur","19":"tag-republique-francaise"},"share_on_mastodon":{"url":"https:\/\/pubeurope.com\/@fr\/115439767995085792","error":""},"_links":{"self":[{"href":"https:\/\/www.europesays.com\/fr\/wp-json\/wp\/v2\/posts\/490867","targetHints":{"allow":["GET"]}}],"collection":[{"href":"https:\/\/www.europesays.com\/fr\/wp-json\/wp\/v2\/posts"}],"about":[{"href":"https:\/\/www.europesays.com\/fr\/wp-json\/wp\/v2\/types\/post"}],"author":[{"embeddable":true,"href":"https:\/\/www.europesays.com\/fr\/wp-json\/wp\/v2\/users\/2"}],"replies":[{"embeddable":true,"href":"https:\/\/www.europesays.com\/fr\/wp-json\/wp\/v2\/comments?post=490867"}],"version-history":[{"count":0,"href":"https:\/\/www.europesays.com\/fr\/wp-json\/wp\/v2\/posts\/490867\/revisions"}],"wp:featuredmedia":[{"embeddable":true,"href":"https:\/\/www.europesays.com\/fr\/wp-json\/wp\/v2\/media\/490868"}],"wp:attachment":[{"href":"https:\/\/www.europesays.com\/fr\/wp-json\/wp\/v2\/media?parent=490867"}],"wp:term":[{"taxonomy":"category","embeddable":true,"href":"https:\/\/www.europesays.com\/fr\/wp-json\/wp\/v2\/categories?post=490867"},{"taxonomy":"post_tag","embeddable":true,"href":"https:\/\/www.europesays.com\/fr\/wp-json\/wp\/v2\/tags?post=490867"}],"curies":[{"name":"wp","href":"https:\/\/api.w.org\/{rel}","templated":true}]}}