{"id":490894,"date":"2025-10-26T09:46:26","date_gmt":"2025-10-26T09:46:26","guid":{"rendered":"https:\/\/www.europesays.com\/fr\/490894\/"},"modified":"2025-10-26T09:46:26","modified_gmt":"2025-10-26T09:46:26","slug":"katy-perry-et-justin-trudeau-officialisent-la-chanteuse-et-lex-premier-ministre-canadien-saffichent-main-dans-la-main-a-paris","status":"publish","type":"post","link":"https:\/\/www.europesays.com\/fr\/490894\/","title":{"rendered":"Katy Perry et Justin Trudeau officialisent, la chanteuse et l\u2019ex-Premier ministre canadien s&rsquo;affichent main dans la main \u00e0 Paris !"},"content":{"rendered":"<p>Ce samedi 25 octobre 2025, Katy Perry et Justin Trudeau se sont montr\u00e9s main dans la main \u00e0 Paris, confirmant ainsi l\u2019histoire d\u2019amour naissante entre la pop-star et l\u2019ex-Premier ministre canadien.<\/p>\n<p>Apr\u00e8s des semaines de rumeurs et de supputations, c\u2019est officiel. Katy Perry et Justin Trudeau sont apparus main dans la main, ce samedi 25 octobre, dans les rues de Paris. La chanteuse am\u00e9ricaine et l\u2019ancien Premier ministre canadien sont donc, pour s\u00fbr, en couple. Les fans fran\u00e7ais ont pu l\u2019observer par eux-m\u00eames alors qu\u2019ils attendaient devant l\u2019h\u00f4tel de la star, qui s\u2019est produite \u00e0 l\u2019Accor Arena le vendredi 24 octobre \u2013 et qui reviendra pour deux nouvelles dates les 4 et 5 novembre prochain. <a href=\"https:\/\/www.programme-tv.net\/news\/people\/326779-katy-perry-lionel-richie-le-prince-george-les-stars-nombreuses-sur-scene-et-dans-le-public-pour-le-concert-du-couronnement-de-charles-iii-photos\/\" data-api-deeplink=\"teleloisirs:\/\/news\/326779\" rel=\"nofollow noopener\" target=\"_blank\">Katy Perry<\/a> f\u00eatait ses 41 ans ce samedi. Elle en a donc profit\u00e9 pour sortir en amoureux. Sur une vid\u00e9o relay\u00e9e sur les r\u00e9seaux sociaux du m\u00e9dia am\u00e9ricain TMZ, on voit Katy Perry, v\u00eatue d\u2019une longue robe rouge, sortir de son h\u00f4tel en tenant la main de <a href=\"https:\/\/www.programme-tv.net\/news\/people\/310074-justin-trudeau-sa-folle-video-de-karaoke-en-train-de-chanter-queen-quelques-heures-avant-les-funerailles-delizabeth-ii\/\" data-api-deeplink=\"teleloisirs:\/\/news\/310074\" rel=\"nofollow noopener\" target=\"_blank\">Justin Trudeau <\/a>puis entrer dans une voiture, alors que les fans lui souhaitent un joyeux anniversaire.<\/p>\n<p>                        Les rumeurs de relation entre Katy Perry et Justin Trudeau ont commenc\u00e9 en juillet 2025<\/p>\n<p>Les premiers indices d\u2019une relation entre Katy Perry et Justin Trudeau ont \u00e9merg\u00e9 cet \u00e9t\u00e9. Fin juillet, la star et l\u2019ex-chef d\u2019\u00c9tat \u00e9taient vus en train de d\u00eener \u00e0 Montr\u00e9al. Quelques jours plus tard, Justin Trudeau assistait \u00e0 l\u2019un des concerts de Katy Perry, alors en tourn\u00e9e internationale. Une vid\u00e9o o\u00f9 on le voit chanter \u00e0 tue-t\u00eate sur le titre Firework a fait le tour du monde. Puis, pendant plusieurs mois, les tourtereaux ont sembl\u00e9 \u00eatre plus discrets. Jusqu\u2019\u00e0 ce jour d\u2019octobre o\u00f9 des paparazzis les ont surpris en train de s\u2019embrasser sur un yacht \u00e0 Santa Barbara. L\u2019officialisation n\u2019\u00e9tait donc qu\u2019une question de jours et c\u2019est \u00e0 Paris que les amoureux ont d\u00e9cid\u00e9 de la faire.<\/p>\n<p>            Avec qui Katy Perry et Justin Trudeau partageaient-ils leur vie avant d\u2019\u00eatre en couple ?<\/p>\n<p>Avant d\u2019\u00eatre ensemble, Katy Perry et Justin Trudeau ont tous les deux eu d\u2019autres partenaires. L\u2019ex-Premier ministre canadien a \u00e9t\u00e9 mari\u00e9 pendant 18 ans \u00e0 l\u2019ancienne pr\u00e9sentatrice de t\u00e9l\u00e9vision Sophie Gr\u00e9goire. Ils ont eu trois enfants ensemble et <a href=\"https:\/\/www.programme-tv.net\/news\/people\/333112-de-nombreuses-conversations-difficiles-justin-trudeau-et-sophie-gregoire-se-separent-apres-18-ans-de-mariage\/\" data-api-deeplink=\"teleloisirs:\/\/news\/333112\" rel=\"nofollow noopener\" target=\"_blank\">se sont s\u00e9par\u00e9s en ao\u00fbt 2023<\/a>. Katy Perry, elle, a \u00e9t\u00e9 mari\u00e9e \u00e0 l\u2019acteur <a href=\"https:\/\/www.programme-tv.net\/biographie\/141948-brand-russell\/\" data-link-people=\"a76c3040-c3dd-4614-be8b-cb0bcbac3eb7\" rel=\"nofollow noopener\" target=\"_blank\">Russell Brand<\/a> entre 2010 et 2012. En 2018, elle a officialis\u00e9 sa <a href=\"https:\/\/www.programme-tv.net\/news\/people\/256913-katy-perry-revele-avoir-pense-au-suicide-quand-orlando-bloom-a-voulu-la-quitter\/\" data-api-deeplink=\"teleloisirs:\/\/news\/256913\" rel=\"nofollow noopener\" target=\"_blank\">relation avec Orlando Bloom<\/a>. Ils ont eu une fille, Daisy, <a href=\"https:\/\/www.programme-tv.net\/news\/musique\/259450-katy-perry-et-orlando-bloom-sont-parents-decouvrez-le-prenom-de-leur-petite-fille-photo\/\" data-api-deeplink=\"teleloisirs:\/\/news\/259450\" rel=\"nofollow noopener\" target=\"_blank\">n\u00e9e en 2020<\/a>. Ils se sont s\u00e9par\u00e9s en juin 2025.<\/p>\n<p><b>La vid\u00e9o de Katy Perry et Justin Trudeau main dans la main \u00e0 Paris est \u00e0 d\u00e9couvrir <\/b><a href=\"https:\/\/x.com\/TMZ\/status\/1982289236754903377\" rel=\"nofollow\"><b>en cliquant ICI<\/b><\/a><\/p>\n<p>Article \u00e9crit en collaboration avec 6M\u00e9dias<\/p>\n","protected":false},"excerpt":{"rendered":"Ce samedi 25 octobre 2025, Katy Perry et Justin Trudeau se sont montr\u00e9s main dans la main \u00e0&hellip;\n","protected":false},"author":2,"featured_media":490895,"comment_status":"","ping_status":"","sticky":false,"template":"","format":"standard","meta":{"footnotes":""},"categories":[1888],"tags":[1111,1928,11,1927,4548,244,1193,1777,674,1011,27,61355,15906,8553,873,12,1926,33392,626,1925,973,3363,25,61356],"class_list":{"0":"post-490894","1":"post","2":"type-post","3":"status-publish","4":"format-standard","5":"has-post-thumbnail","7":"category-paris","8":"tag-actu","9":"tag-actu-paris","10":"tag-actualites","11":"tag-actualites-paris","12":"tag-channel_tl-story","13":"tag-commentaire","14":"tag-couple","15":"tag-eu","16":"tag-europe","17":"tag-fr","18":"tag-france","19":"tag-guid_6008322687001","20":"tag-justin-trudeau","21":"tag-katy-perry","22":"tag-musique","23":"tag-news","24":"tag-news-paris","25":"tag-orlando-bloom","26":"tag-paris","27":"tag-paris-news","28":"tag-people","29":"tag-premier-ministre","30":"tag-republique-francaise","31":"tag-uuid_d37446a9-1d83-4a20-a27f-e9090e132f26"},"share_on_mastodon":{"url":"https:\/\/pubeurope.com\/@fr\/115439834711991242","error":""},"_links":{"self":[{"href":"https:\/\/www.europesays.com\/fr\/wp-json\/wp\/v2\/posts\/490894","targetHints":{"allow":["GET"]}}],"collection":[{"href":"https:\/\/www.europesays.com\/fr\/wp-json\/wp\/v2\/posts"}],"about":[{"href":"https:\/\/www.europesays.com\/fr\/wp-json\/wp\/v2\/types\/post"}],"author":[{"embeddable":true,"href":"https:\/\/www.europesays.com\/fr\/wp-json\/wp\/v2\/users\/2"}],"replies":[{"embeddable":true,"href":"https:\/\/www.europesays.com\/fr\/wp-json\/wp\/v2\/comments?post=490894"}],"version-history":[{"count":0,"href":"https:\/\/www.europesays.com\/fr\/wp-json\/wp\/v2\/posts\/490894\/revisions"}],"wp:featuredmedia":[{"embeddable":true,"href":"https:\/\/www.europesays.com\/fr\/wp-json\/wp\/v2\/media\/490895"}],"wp:attachment":[{"href":"https:\/\/www.europesays.com\/fr\/wp-json\/wp\/v2\/media?parent=490894"}],"wp:term":[{"taxonomy":"category","embeddable":true,"href":"https:\/\/www.europesays.com\/fr\/wp-json\/wp\/v2\/categories?post=490894"},{"taxonomy":"post_tag","embeddable":true,"href":"https:\/\/www.europesays.com\/fr\/wp-json\/wp\/v2\/tags?post=490894"}],"curies":[{"name":"wp","href":"https:\/\/api.w.org\/{rel}","templated":true}]}}