{"id":490908,"date":"2025-10-26T09:53:23","date_gmt":"2025-10-26T09:53:23","guid":{"rendered":"https:\/\/www.europesays.com\/fr\/490908\/"},"modified":"2025-10-26T09:53:23","modified_gmt":"2025-10-26T09:53:23","slug":"des-centaines-de-marches-de-noel-annulees-en-allemagne-pas-si-vite-2","status":"publish","type":"post","link":"https:\/\/www.europesays.com\/fr\/490908\/","title":{"rendered":"Des centaines de march\u00e9s de No\u00ebl annul\u00e9es en Allemagne ? Pas si vite"},"content":{"rendered":"<p class=\"mb-4 text-lg md:leading-8 break-words\"><strong>FAKE OFF &#8211; Ces derniers jours, une rumeur affirmait que des \u00ab\u00a0march\u00e9s de No\u00ebl\u00a0\u00bb ont \u00e9t\u00e9 annul\u00e9s outre-Rhin par \u00ab\u00a0crainte d\u2019attentats terroristes\u00a0\u00bb. C\u2019est une fake news<\/strong><\/p>\n<p class=\"mb-4 text-lg md:leading-8 break-words\">En <a href=\"https:\/\/www.20minutes.fr\/dossier\/allemagne?at_medium=RSS%20feed&amp;at_campaign=ynews&amp;utm_source=yahoo&amp;utm_medium=rss&amp;utm_campaign=news_feed&amp;utm_content=in_article_link\" rel=\"nofollow noopener\" target=\"_blank\" data-ylk=\"slk:Allemagne;elm:context_link;itc:0;sec:content-canvas\" class=\"link \">Allemagne<\/a>, certains march\u00e9s de No\u00ebl, v\u00e9ritable <a href=\"https:\/\/www.20minutes.fr\/dossier\/tradition?at_medium=RSS%20feed&amp;at_campaign=ynews&amp;utm_source=yahoo&amp;utm_medium=rss&amp;utm_campaign=news_feed&amp;utm_content=in_article_link\" rel=\"nofollow noopener\" target=\"_blank\" data-ylk=\"slk:tradition;elm:context_link;itc:0;sec:content-canvas\" class=\"link \">tradition <\/a>dans le pays, n\u2019auraient pas lieu cette ann\u00e9e\u00a0? C\u2019est ce qu\u2019a affirm\u00e9 l\u2019internaute \u00ab\u00a0Charret Christophe\u00a0\u00bb, dans un post sur X publi\u00e9 le 21\u00a0octobre, vu des milliers de fois. Il y \u00e9crit, en majuscules\u00a0: \u00ab\u00a0des centaines de march\u00e9s de No\u00ebl en Allemagne annul\u00e9s\u00a0\u00bb.<\/p>\n<p class=\"mb-4 text-lg md:leading-8 break-words\">La raison avanc\u00e9e par l\u2019internaute, citant \u00ab\u00a0des rapports de Dunapress\u00a0\u00bb\u00a0: la \u00ab\u00a0crainte d\u2019attentats terroristes\u00a0\u00bb. \u00ab\u00a0Pauvre Allemagne\u00a0\u00bb, \u00ab\u00a0c\u2019est un grand n\u2019importe quoi\u00a0\u00bb, peut-on lire dans les commentaires. \u00ab\u00a0Petit \u00e0 petit ils annulent et font dispara\u00eetre nos traditions\u00a0\u00bb, s\u2019indigne de son c\u00f4t\u00e9 \u00ab\u00a0Mai Lou\u00a0\u00bb.<\/p>\n<p>FAKE OFF<\/p>\n<p class=\"mb-4 text-lg md:leading-8 break-words\">Sur les <a href=\"https:\/\/www.20minutes.fr\/dossier\/reseaux_sociaux?at_medium=RSS%20feed&amp;at_campaign=ynews&amp;utm_source=yahoo&amp;utm_medium=rss&amp;utm_campaign=news_feed&amp;utm_content=in_article_link\" rel=\"nofollow noopener\" target=\"_blank\" data-ylk=\"slk:r\u00e9seaux sociaux;elm:context_link;itc:0;sec:content-canvas\" class=\"link \">r\u00e9seaux sociaux<\/a>, on retrouve \u00e9galement cette affirmation dans des posts r\u00e9dig\u00e9s en anglais et en espagnol. Dans la plupart de ces publications, la m\u00eame source est cit\u00e9e\u00a0: \u00ab\u00a0Dunapress\u00a0\u00bb. Un <a href=\"https:\/\/www.20minutes.fr\/dossier\/site?at_medium=RSS%20feed&amp;at_campaign=ynews&amp;utm_source=yahoo&amp;utm_medium=rss&amp;utm_campaign=news_feed&amp;utm_content=in_article_link\" rel=\"nofollow noopener\" target=\"_blank\" data-ylk=\"slk:site;elm:context_link;itc:0;sec:content-canvas\" class=\"link \">site<\/a> anglophone bas\u00e9 en Norv\u00e8ge, qui a publi\u00e9 mi-octobre, un article intitul\u00e9 \u00ab\u00a0Germany Cancels Christmas Markets 2025\u00a0\u00bb. Le texte \u00e9voque \u00ab\u00a0une vague d\u2019annulations\u00a0\u00bb de <a href=\"https:\/\/www.20minutes.fr\/dossier\/marche_de_noel?at_medium=RSS%20feed&amp;at_campaign=ynews&amp;utm_source=yahoo&amp;utm_medium=rss&amp;utm_campaign=news_feed&amp;utm_content=in_article_link\" rel=\"nofollow noopener\" target=\"_blank\" data-ylk=\"slk:march\u00e9s de No\u00ebl;elm:context_link;itc:0;sec:content-canvas\" class=\"link \">march\u00e9s de No\u00ebl<\/a>, li\u00e9s \u00e0 la \u00ab\u00a0flamb\u00e9e des co\u00fbts de s\u00e9curit\u00e9\u00a0\u00bb pour appliquer les mesures mises en place apr\u00e8s <a href=\"https:\/\/www.20minutes.fr\/monde\/allemagne\/4131339-20241230-attaque-marche-noel-magdebourg-autorites-allemandes-expliquent?at_medium=RSS%20feed&amp;at_campaign=ynews&amp;utm_source=yahoo&amp;utm_medium=rss&amp;utm_campaign=news_feed&amp;utm_content=in_article_link\" rel=\"nofollow noopener\" target=\"_blank\" data-ylk=\"slk:l\u2019attaque du march\u00e9 de Magdebourg, l\u2019ann\u00e9e derni\u00e8re;elm:context_link;itc:0;sec:content-canvas\" class=\"link \">l\u2019attaque du march\u00e9 de Magdebourg, l\u2019ann\u00e9e derni\u00e8re<\/a>. Aucune source officielle n\u2019est toutefois cit\u00e9e.<\/p>\n<p class=\"mb-4 text-lg md:leading-8 break-words\">Plus t\u00f4t dans le mois, le 4\u00a0octobre, le quotidien allemand Bild avait publi\u00e9 un article sur ce que repr\u00e9sente \u00ab\u00a0l\u2019explosion des co\u00fbts\u00a0\u00bb en mati\u00e8re de s\u00e9curit\u00e9 pour les organisateurs priv\u00e9s des march\u00e9s de No\u00ebl. Pour nombre d\u2019entre eux, ce serait d\u00e9sormais une \u00ab\u00a0question de survie\u00a0\u00bb(&#8230;)<\/p>\n<p class=\"mb-4 text-lg md:leading-8 break-words\"><a href=\"https:\/\/www.20minutes.fr\/societe\/4181052-20251025-centaines-marches-noel-annulees-allemagne-si-vite?at_medium=RSS%20feed&amp;at_campaign=ynews&amp;utm_source=yahoo&amp;utm_medium=rss&amp;utm_campaign=news_feed&amp;utm_content=read_more_link&quot;\" rel=\"nofollow noopener\" target=\"_blank\" data-ylk=\"slk:Lire la suite sur 20minutes;elm:context_link;itc:0;sec:content-canvas\" class=\"link \">Lire la suite sur 20minutes<\/a><\/p>\n<p>\u00c0 lire aussi :<br \/><a href=\"https:\/\/www.20minutes.fr\/societe\/4177676-20251007-seine-saint-denis-premieres-infos-sujet-marches-noel-2025?at_medium=RSS%20feed&amp;at_campaign=ynews&amp;utm_source=yahoo&amp;utm_medium=rss&amp;utm_campaign=news_feed&amp;utm_content=related_content_link\" rel=\"nofollow noopener\" target=\"_blank\" data-ylk=\"slk:Seine-Saint-Denis\u00a0: Les premi\u00e8res infos au sujet des march\u00e9s de No\u00ebl 2025;elm:context_link;itc:0;sec:content-canvas\" class=\"link \">Seine-Saint-Denis\u00a0: Les premi\u00e8res infos au sujet des march\u00e9s de No\u00ebl 2025<\/a><br \/><a href=\"https:\/\/www.20minutes.fr\/arts-stars\/television\/4177812-20251012-pourquoi-telefilms-noel-arrivent-aussi-tot-annee?at_medium=RSS%20feed&amp;at_campaign=ynews&amp;utm_source=yahoo&amp;utm_medium=rss&amp;utm_campaign=news_feed&amp;utm_content=related_content_link\" rel=\"nofollow noopener\" target=\"_blank\" data-ylk=\"slk:Pourquoi les t\u00e9l\u00e9films de No\u00ebl arrivent-ils aussi t\u00f4t dans l\u2019ann\u00e9e\u00a0?;elm:context_link;itc:0;sec:content-canvas\" class=\"link \">Pourquoi les t\u00e9l\u00e9films de No\u00ebl arrivent-ils aussi t\u00f4t dans l\u2019ann\u00e9e\u00a0?<\/a><\/p>\n","protected":false},"excerpt":{"rendered":"FAKE OFF &#8211; Ces derniers jours, une rumeur affirmait que des \u00ab\u00a0march\u00e9s de No\u00ebl\u00a0\u00bb ont \u00e9t\u00e9 annul\u00e9s outre-Rhin&hellip;\n","protected":false},"author":2,"featured_media":490909,"comment_status":"","ping_status":"","sticky":false,"template":"","format":"standard","meta":{"footnotes":""},"categories":[1587],"tags":[11,672,1804,61358,1805,1803,1777,674,1801,12,15830,61359,1802],"class_list":{"0":"post-490908","1":"post","2":"type-post","3":"status-publish","4":"format-standard","5":"has-post-thumbnail","7":"category-allemagne","8":"tag-actualites","9":"tag-allemagne","10":"tag-bundesrepublik-deutschland","11":"tag-charret-christophe","12":"tag-de","13":"tag-deutschland","14":"tag-eu","15":"tag-europe","16":"tag-germany","17":"tag-news","18":"tag-noel","19":"tag-question-de-survie","20":"tag-republique-federale-dallemagne"},"share_on_mastodon":{"url":"https:\/\/pubeurope.com\/@fr\/115439862032286205","error":""},"_links":{"self":[{"href":"https:\/\/www.europesays.com\/fr\/wp-json\/wp\/v2\/posts\/490908","targetHints":{"allow":["GET"]}}],"collection":[{"href":"https:\/\/www.europesays.com\/fr\/wp-json\/wp\/v2\/posts"}],"about":[{"href":"https:\/\/www.europesays.com\/fr\/wp-json\/wp\/v2\/types\/post"}],"author":[{"embeddable":true,"href":"https:\/\/www.europesays.com\/fr\/wp-json\/wp\/v2\/users\/2"}],"replies":[{"embeddable":true,"href":"https:\/\/www.europesays.com\/fr\/wp-json\/wp\/v2\/comments?post=490908"}],"version-history":[{"count":0,"href":"https:\/\/www.europesays.com\/fr\/wp-json\/wp\/v2\/posts\/490908\/revisions"}],"wp:featuredmedia":[{"embeddable":true,"href":"https:\/\/www.europesays.com\/fr\/wp-json\/wp\/v2\/media\/490909"}],"wp:attachment":[{"href":"https:\/\/www.europesays.com\/fr\/wp-json\/wp\/v2\/media?parent=490908"}],"wp:term":[{"taxonomy":"category","embeddable":true,"href":"https:\/\/www.europesays.com\/fr\/wp-json\/wp\/v2\/categories?post=490908"},{"taxonomy":"post_tag","embeddable":true,"href":"https:\/\/www.europesays.com\/fr\/wp-json\/wp\/v2\/tags?post=490908"}],"curies":[{"name":"wp","href":"https:\/\/api.w.org\/{rel}","templated":true}]}}