{"id":490925,"date":"2025-10-26T10:06:37","date_gmt":"2025-10-26T10:06:37","guid":{"rendered":"https:\/\/www.europesays.com\/fr\/490925\/"},"modified":"2025-10-26T10:06:37","modified_gmt":"2025-10-26T10:06:37","slug":"cc-coupe-de-france-albi-u17-garcons-enzo-conan-1er-actualite","status":"publish","type":"post","link":"https:\/\/www.europesays.com\/fr\/490925\/","title":{"rendered":"CC &#8211; Coupe de France &#8211; Albi &#8211; U17 Gar\u00e7ons : Enzo Conan 1er &#8211; Actualit\u00e9"},"content":{"rendered":"<p>                                                                    <img decoding=\"async\" src=\"https:\/\/www.europesays.com\/fr\/wp-content\/uploads\/2025\/10\/68fde16c0a5ba.jpg\" height=\"auto\" loading=\"lazy\"\/><br \/>\n                                                                    Cr\u00e9dit photo Fabien Lenfant &#8211; DirectVelo<\/p>\n<p class=\"images-caption\">Cr\u00e9dit photo Fabien Lenfant &#8211; DirectVelo<\/p>\n<p class=\"metadata\">\n            Par<br \/>\n        <strong class=\"text-black\">    <a href=\"https:\/\/www.directvelo.com\/auteur\/2\/nicolas-gachet\" class=\"hover-underline\" rel=\"author noopener\" target=\"_blank\">NICOLAS GACHET<\/a><br \/>\n<\/strong><br \/>\n                    <br \/>Le<br \/>\n    26 octobre 2025, 09:35<\/p>\n<p style=\"text-align: justify;\">Enzo Conan (VS Sca\u00ebr) a remport\u00e9, ce dimanche, \u00e0 Albi (Tarn), la premi\u00e8re manche de la Coupe de France U17 Gar\u00e7ons de cyclo-cross. Il a devanc\u00e9 Maxime Brisson (Club Multisport de Mutigny). Jules Griesbaecher (VC Eckwersheim) compl\u00e8te le podium.<\/p>\n<p><strong>Classement non-officiel :<\/strong><br \/>1. CONAN Enzo VS SCAEROIS 31:02<br \/>2. BRISSON Maxime CLUB MULTISPORT DE MUTIGNY +0:03<br \/>3. GRIESBAECHER Jules VC ECKWERSHEIM +0:13<br \/>4. DAVOUST Tylio CA EVRON +0:35<br \/>5. FROGER Aodren BRETTE SPORTIF +0:50<br \/>6. BRIAND Come OC CYCL.CESSONNAIS +01:01<br \/>7. ZUGER MILAZZO Ilan VELO CLUB LODEVOIS +01:06<br \/>8. VANAELST Maxime VELO SILEX +01:11<br \/>9. BOUILLET Justin JURA CYCLISME PAYS DU REVERMONT +01:11<br \/>10. COLIN Theo VS QUIMPEROIS +01:24<br \/>11. BALBOUS Nathanael VS QUIMPEROIS +01:35<br \/>12. LE BERRE Jules US ST PIERRE DES CORPS +01:36<br \/>13. BAUD Maxime V.C. CLUSES SCIONZIER +01:38<br \/>14. ROGIER Raphael BIKEENERGY SCHOOL +01:41<br \/>15. BOUTELOUP Victor GUIDON PROVINOIS +01:54<br \/>16. LEDOUX Louis EC CHATEAU THIERRY +01:55<br \/>17. CALVEZ Robin VS QUIMPEROIS +01:59<br \/>18. DIEUDONNE L\u00e9o MS MANDELIEU +02:07<br \/>19. PRETET Hugo AMICALE CYCLISTE BISONTINE +02:11<br \/>20. LETOUZE Kimmy VC SAINT LO PONT HEBERT +02:13<br \/>21. BOUSSIOUX Ma\u00ebl GSC BLAGNAC VELO SPORT 31 +02:19<br \/>22. FELIX Valentin CORBAS LYON METROPOLE +02:24<br \/>23. DESSERRE L\u00e9opold OC GIF VTT +02:27<br \/>24. ARCHAMBAUD Alexis VC CHALLANDAIS +02:29<br \/>25. AUGENDRE COURTOIS Ilan EC BOURBONNIEN +02:36<br \/>26. JEANJEAN No\u00e9 V.C. VILLEFRANCHE BEAUJOLAIS +02:38<br \/>27. PTAK Morgan TEAM CYCLISTE LINAS MONTLHERY +02:40<br \/>28. FERNANDEZ L\u00e9o TEAM FACTORY 80 +02:41<br \/>29. GENTER Vivien VC COMMUNAUTAIRE HETTANGE +02:47<br \/>30. MAIRE F\u00e9lix VC MORTEAU MONTBENOIT +02:47<br \/>31. CHABERT Leo LE ROC DE LA LEGUE +02:52<br \/>32. USSEGLIO Tom EC CHATEAU THIERRY +02:55<br \/>33. BENTZINGER Mathieu VC STE CROIX EN PLAINE +03:00<br \/>34. ANNEZO Justin VELOCE VANNETAIS CYCLISME +03:15<br \/>35. CODABEY Aaron AS TOURLAVILLE CYCLISME +03:23<br \/>36. SABOURIN Baptiste US ST PIERRE DES CORPS +03:24<br \/>37. AGUIRRE LAVIN Cl\u00e9ment LAVAL CYCLISME 53 +03:24<br \/>38. GROSJEAN Marcel REMIREMONT VTT +03:35<br \/>39. KERISIT Nolan VS SCAEROIS +03:37<br \/>40. LOMBARDOT Mae AMICALE CYCLISTE BISONTINE +03:42<br \/>41. GIRARD Lou OC LOCMINE +03:44<br \/>42. LALLOUET Arthur EC AMBAZAC +03:46<br \/>43. AUCLAIR Milo COURS LA VILLE CYCLISME +03:51<br \/>44. VERGER Nathanael DURTAL VELO SPORT +03:52<br \/>45. MARC Esteban ALL BIKES +03:52<br \/>46. KIRSCH Th\u00e9o AMICALE CYCLISTE BISONTINE +04:01<br \/>47. BOUCHER Tibere ESC CHAMPAGNE +04:03<br \/>48. LAOUENAN Robin VS SCAEROIS +04:08<br \/>49. NOEL Marius A. SOISY ENGHIEN LA BARRE +04:09<br \/>50. CHAVANEL Hugo AC CHATELLERAUDAIS +04:14<br \/>51. GARDELLI Ilo\u00e9 CORBAS LYON METROPOLE +04:22<br \/>52. ENGOULVENT Lenny VS CLISSONNAIS +04:31<br \/>53. SCHWINDLING Ethan VELO CLUB COURNON D&rsquo;AUVERGNE +04:32<br \/>54. CHAUVIRE Noah CA EVRON +04:35<br \/>55. DESGROUSILLIERS Jacques EC CHATEAU THIERRY +04:37<br \/>56. PAGET Milo JURA CYCLISME PAYS DU REVERMONT +04:39<br \/>57. BOURBIGOT Tom CC ERGUE GABERIC +04:42<br \/>58. CHAMPENOIS T\u00e9o JURA CYCLISME PAYS DU REVERMONT +04:44<br \/>59. NOEL Gianni AS LA STEIGEOISE +04:49<br \/>60. BEAUGILLET Eliott VC CONTROIS +04:49<br \/>61. BERHAULT Evan VC SAINT HILAIRE +05:06<br \/>62. CAMPAGNARI Th\u00e9o TARBES CYCLISTE COMPETITION +05:09<br \/>63. THOMAS Robin CORBAS LYON METROPOLE +05:10<br \/>64. LE BARH Kylann VS SCAEROIS +05:13<br \/>65. BONNET SCHNEIDER Maxime VC LE THOR GADAGNE +05:17<br \/>66. BERTRAND Yvann VC SEBASTIENNAIS +05:28<br \/>67. DUPONT Axel MS MANDELIEU +05:32<br \/>68. ORTEGA MARTIN Clement VELOCE VANNETAIS CYCLISME +05:32<br \/>69. KASZUBA Dorian CC MARMANDAIS +05:33<br \/>70. SIRE CLERC Gatien AMICALE CYCLISTE BISONTINE +05:40<br \/>71. ANTUNES Hugo CREUSOT CYCLISME +05:46<br \/>72. GNILKA Jann ST JUERY OLYMPIQUE +05:47<br \/>73. LECOT Sacha BIKEENERGY SCHOOL +05:47<br \/>74. AUBIER Ga\u00ebtan TARBES CYCLISTE COMPETITION +05:57<br \/>75. HARING Lenz CC ETUPES LE DOUBS PAYS DE MONTBELIARD +06:00<br \/>76. BOURGEON Milan US VERN CYCLISME +06:05<br \/>77. ROUSSEL Nathan VC FERTE MACE +06:05<br \/>78. DUPUIS Noam AS ROMILLE CYCLISME +06:05<br \/>79. CASTERA Julien VC NAYAIS +06:08<br \/>80. BONNAUD MORLEVAT Antoine VELO CLUB DU VELAY +06:09<br \/>81. TR\u00c9MELO L\u00e9opold VELOCE VANNETAIS CYCLISME +06:12<br \/>82. ETESSE Jean CYCLISME LANGUEUX TREGUEUX +06:14<br \/>83. LESIOURD Noa LAVAL CYCLISME 53 +06:16<br \/>84. BRUNO Nathan BRIOUZE CYCLISME COMPETITION +06:17<br \/>85. EL BENNANI Elias CC CASTELBRIANTAIS +06:17<br \/>86. BURDET Kenny LA MOTTE SERVOLEX CYCLISM +06:19<br \/>87. VALAT Malone PARIS CYCLISTE OLYMPIQUE +06:19<br \/>88. PESCE Sebastien VC MOYENNE DURANCE +06:23<br \/>89. CRON Tom US ST PIERRE DES CORPS +06:28<br \/>90. OMPRARET Gabin UC LAVEDAN +06:32<br \/>91. HUBY Pierre CC UZELAIS +06:32<br \/>92. LANCHON BREUIL Johan UC DARNETAL +06:33<br \/>93. DROBNJAK Nahel ESM GONFREVILLE L&rsquo;ORCHER +06:33<br \/>94. KURNIKOWSKI Nolan LAGNY PONTCARRE CYC. +06:36<br \/>95. CLEMENTE Raphael AC COSNAC +06:39<br \/>96. INGELAERE Octave BAILLEUL VELO CLUB +06:41<br \/>97. BURGY Axel VELO CLUB DOLOIS +06:49<br \/>98. DELOIRE Nathan COURS LA VILLE CYCLISME +06:50<br \/>99. MILESI Luca U.C. ALBENASSIENNE +06:50<br \/>100. FASQUELLE Romain V.C. ROANNAIS +06:51<br \/>101. ROBIC Armand VC LA POMME MARSEILLE +06:53<br \/>102. LOUIS Iban CC MAINSAT EVAUX +06:54<br \/>103. VASSAL Esteban UV MAZAMET +06:55<br \/>104. BOUSSEAU Jules MOGETTE CYCLING +06:55<br \/>105. GALZAGORI Malo COMMINGES BIKE +06:57<br \/>106. DROUET Antoine UC MONTGESNOISE +07:01<br \/>107. PICAUD Marius V.C. ST QUENTIN FALLAVIER +07:05<br \/>108. FILLY Quentin VC LA POMME MARSEILLE +07:13<br \/>109. DUVIVIER Yanis VELO CLUB APT +07:22<br \/>110. BERGERON Tom TEAM EVASION NATURE +07:24<br \/>111. MAHE Gabriel US PONTCHATELAINE +07:24<br \/>112. FOURNEL Nino E.C. ST ETIENNE &#8211; LOIRE +07:25<br \/>113. GAUTHIER Nolan ORLEANS LOIRET CYCLISME +07:28<br \/>114. MONGREVILLE Pierre UC DARNETAL +07:30<br \/>115. SIEBOLD Eliott VC WITTENHEIM +07:30<br \/>116. MATHIS Ethan UNION SPORTIVE COLOMIERS CYCLISME +07:33<br \/>117. SOULAINE Adrien AAJ BLOIS CYCLISME +07:38<br \/>118. CHAUVEL Nathan VC SAINT HILAIRE +07:47<br \/>119. HOAREAU Lenny V.C. VILLEFRANCHE BEAUJOLAIS +08:00<br \/>120. CHOUQUARD Eden VC SEBASTIENNAIS +08:01<br \/>121. THIERY C\u00e9lian TEAM EVASION NATURE +08:12<br \/>122. DECROMBECQUE Tom TEAM FACTORY 80 +08:20<br \/>123. CHAUCHIS Eliot SCO CYCLISME ANGERS +08:55<br \/>124. GABASTON Mateo STADE MONTOIS CYCLISME +09:19<br \/>125. DE RIEMAECKER Tom EC WAMBRECHIES MARQUETTE LILLE +09:26<br \/>126. DUMONT NEVORET R\u00e9mi E.C. BOURG EN BRESSE +09:30<br \/>127. ANGIER Pierre VC CONTROIS +09:30<br \/>128. QUENISSET Hugo CC DU VALOIS +09:48<br \/>129. DEVOS Louis FLANDRE ELITE CYCLISME +09:58<br \/>130. BOTTONE Amad\u00e9o AS CORBEIL ESSONNES +10:01<br \/>131. JONCOUR LOUVEAU Gr\u00e9goire PAU VELO 64 +10:15<br \/>132. MIALHE Emilien VSLL CASTRES +10:55<br \/>133. DEGEORGES Simon S.C. BOURG LES VALENCE +11:33<br \/>134. LAMARGOT Aaron UC CONDAT + 2 tours<br \/>135. SARROCHE L\u00e9o ST JUERY OLYMPIQUE + 2 tours<\/p>\n<p><strong>Abandons :<\/strong><br \/>VICHARD Jules GUIDON BLETTERANOIS<br \/>DUPONT Hugo AC ORANGE<br \/>VEYRAC Robin VELO CLUB RODEZ<\/p>\n<p>Plus d&rsquo;informations \u00e0 venir.<\/p>\n<p>            En savoir plus : coureurs et \u00e9quipes associ\u00e9s<\/p>\n<p>                Coureurs<\/p>\n<p>                    <img decoding=\"async\" src=\"https:\/\/www.europesays.com\/fr\/wp-content\/uploads\/2025\/10\/6742e5c5121ee.JPG\" height=\"auto\" loading=\"lazy\"\/><\/p>\n<p>                            Portrait de Enzo CONAN<\/p>\n<p>                \u00c9quipes<\/p>\n","protected":false},"excerpt":{"rendered":"Cr\u00e9dit photo Fabien Lenfant &#8211; DirectVelo Cr\u00e9dit photo Fabien Lenfant &#8211; DirectVelo Par NICOLAS GACHET Le 26 octobre&hellip;\n","protected":false},"author":2,"featured_media":490926,"comment_status":"","ping_status":"","sticky":false,"template":"","format":"standard","meta":{"footnotes":""},"categories":[1411],"tags":[834,828,836,829,837,827,83,826,824,823,1154,207,814,817,815,816,822,821,832,211,839,1011,27,820,818,819,835,831,830,833,838,60,212,208,825],"class_list":{"0":"post-490925","1":"post","2":"type-post","3":"status-publish","4":"format-standard","5":"has-post-thumbnail","7":"category-cyclisme","8":"tag-attaque","9":"tag-belgique","10":"tag-braquet","11":"tag-bretagne","12":"tag-chute","13":"tag-competition","14":"tag-coupe-de-france","15":"tag-coureur","16":"tag-course-cyclisme","17":"tag-course-cycliste","18":"tag-cycling","19":"tag-cyclisme","20":"tag-direct","21":"tag-direct-velo","22":"tag-directvelo","23":"tag-directvelo-com","24":"tag-epreuve","25":"tag-epreuve-cycliste","26":"tag-federation-francaise-de-cyclisme","27":"tag-ffc","28":"tag-flandres","29":"tag-fr","30":"tag-france","31":"tag-live","32":"tag-live-course","33":"tag-live-epreuve","34":"tag-peloton","35":"tag-radio-peloton","36":"tag-radio-tour","37":"tag-ravitaillement","38":"tag-relance","39":"tag-sports","40":"tag-uci","41":"tag-velo","42":"tag-velos"},"share_on_mastodon":{"url":"https:\/\/pubeurope.com\/@fr\/115439913728329336","error":""},"_links":{"self":[{"href":"https:\/\/www.europesays.com\/fr\/wp-json\/wp\/v2\/posts\/490925","targetHints":{"allow":["GET"]}}],"collection":[{"href":"https:\/\/www.europesays.com\/fr\/wp-json\/wp\/v2\/posts"}],"about":[{"href":"https:\/\/www.europesays.com\/fr\/wp-json\/wp\/v2\/types\/post"}],"author":[{"embeddable":true,"href":"https:\/\/www.europesays.com\/fr\/wp-json\/wp\/v2\/users\/2"}],"replies":[{"embeddable":true,"href":"https:\/\/www.europesays.com\/fr\/wp-json\/wp\/v2\/comments?post=490925"}],"version-history":[{"count":0,"href":"https:\/\/www.europesays.com\/fr\/wp-json\/wp\/v2\/posts\/490925\/revisions"}],"wp:featuredmedia":[{"embeddable":true,"href":"https:\/\/www.europesays.com\/fr\/wp-json\/wp\/v2\/media\/490926"}],"wp:attachment":[{"href":"https:\/\/www.europesays.com\/fr\/wp-json\/wp\/v2\/media?parent=490925"}],"wp:term":[{"taxonomy":"category","embeddable":true,"href":"https:\/\/www.europesays.com\/fr\/wp-json\/wp\/v2\/categories?post=490925"},{"taxonomy":"post_tag","embeddable":true,"href":"https:\/\/www.europesays.com\/fr\/wp-json\/wp\/v2\/tags?post=490925"}],"curies":[{"name":"wp","href":"https:\/\/api.w.org\/{rel}","templated":true}]}}