{"id":490927,"date":"2025-10-26T10:08:13","date_gmt":"2025-10-26T10:08:13","guid":{"rendered":"https:\/\/www.europesays.com\/fr\/490927\/"},"modified":"2025-10-26T10:08:13","modified_gmt":"2025-10-26T10:08:13","slug":"girondins-steve-shamal-decisif-et-confiant-apres-la-victoire-face-a-boulazac","status":"publish","type":"post","link":"https:\/\/www.europesays.com\/fr\/490927\/","title":{"rendered":"Girondins : Steve Shamal d\u00e9cisif et confiant apr\u00e8s la victoire face \u00e0 Boulazac"},"content":{"rendered":"<p><img decoding=\"async\" src=\"https:\/\/www.europesays.com\/fr\/wp-content\/uploads\/2025\/10\/671_2a509d3f8b39a0a387289d5d8ce9bb1f.jpg\" alt=\"Girondins : Steve Shamal d\u00e9cisif et confiant apr\u00e8s la victoire face \u00e0 Boulazac\" class=\"img-responsive mt-3\"\/><\/p>\n<p class=\"text-center mb-3\" style=\"font-size: 14px\">\u00a9 Iconsport<\/p>\n<p><strong>Steve Shamal : \u201cC\u2019est bien pour la confiance, il faut continuer\u201d<\/strong><\/p>\n<p style=\"text-align: justify;\">Steve Shamal au micro de <a href=\"https:\/\/www.facebook.com\/reel\/798620483144223\" target=\"_blank\" rel=\"noopener nofollow\">Forever la radio<\/a> : \u00ab\u00a0J&rsquo;ai de bonnes stats depuis le d\u00e9but de la saison et je sais que je pourrais en avoir plus. C&rsquo;est bien pour la confiance, il faut continuer. C&rsquo;est dans la suite de nos derniers matchs. Je n&rsquo;ai pas de doute avec cette \u00e9quipe. Nous sommes sereins. On le voit sur nos derniers matchs. Il y a de bonnes connexions et on cr\u00e9er du jeu.<\/p>\n<p style=\"text-align: justify;\">Je ne pense pas \u00e0 la blessure lors de ces matchs. Ces rencontres de Coupe de France permettent de tenir un groupe et de donner du temps de jeu \u00e0 tous les joueurs. Il ne faut pas n\u00e9gliger cette coupe qui ne peut faire que du bien \u00e0 l&rsquo;\u00e9quipe.\u00a0\u00bb<\/p>\n<p><strong>\u201cAvec Driss, une vraie connexion s\u2019est cr\u00e9\u00e9e \u00e0 gauche\u201d<\/strong><\/p>\n<p style=\"text-align: justify;\">\u00ab\u00a0Depuis le d\u00e9but de la saison, des connexions se sont cr\u00e9\u00e9es avec Driss Trichard. On combine bien. Je peux \u00e9voluer \u00e0 gauche, dans l&rsquo;axe ou \u00e0 droite. J&rsquo;aime jouer partout et je m&rsquo;adapte m\u00eame si j&rsquo;ai une pr\u00e9f\u00e9rence \u00e0 gauche. On a deux c\u00f4t\u00e9s qui font mal \u00e0 l&rsquo;adversaire avec Royce Openda \u00e0 droite.<\/p>\n<p style=\"text-align: justify;\">Avec plusieurs joueurs on a une exp\u00e9rience du niveau professionnel, donc on essaye d&#8217;emmener les gens avec nous. J\u2019ai rarement \u00e9t\u00e9 dans un groupe aussi sain. Il faut continuer et ne pas s&rsquo;enflammer. Gardons les pieds sur terre et restons concentr\u00e9s sur notre football.\u00a0\u00bb<\/p>\n<p style=\"text-align: justify;\">\u00a0<\/p>\n<p style=\"text-align: justify;\">&gt;&gt; <strong><a href=\"https:\/\/www.webgirondins.com\/actualite-girondins-girondins-la-reaction-de-bruno-irles-apres-la-qualification-face-a-boulazac-en-coupe-de-france-130924\" target=\"_blank\" rel=\"noopener nofollow\">Girondins : La r\u00e9action de Bruno Irl\u00e8s apr\u00e8s la qualification face \u00e0 Boulazac en Coupe de France<\/a><\/strong><\/p>\n<p style=\"text-align: justify;\"><strong><br \/><\/strong>Notre podcast court sur l&rsquo;actu des Girondins :<\/p>\n<p>\u00a0<\/p>\n","protected":false},"excerpt":{"rendered":"\u00a9 Iconsport Steve Shamal : \u201cC\u2019est bien pour la confiance, il faut continuer\u201d Steve Shamal au micro de&hellip;\n","protected":false},"author":2,"featured_media":490928,"comment_status":"","ping_status":"","sticky":false,"template":"","format":"standard","meta":{"footnotes":""},"categories":[1410],"tags":[150,3355,6041,1997,58953,43117,8845,615,7685,33898,2823,63,4988,1011,27,1987,7826,5242,37112,60,37111,6006,933,1264],"class_list":{"0":"post-490927","1":"post","2":"type-post","3":"status-publish","4":"format-standard","5":"has-post-thumbnail","7":"category-football","8":"tag-apres","9":"tag-auteur","10":"tag-belle","11":"tag-bordeaux","12":"tag-boulazac","13":"tag-confiant","14":"tag-confirme","15":"tag-coupe","16":"tag-decisif","17":"tag-decisive","18":"tag-face","19":"tag-football","20":"tag-forme","21":"tag-fr","22":"tag-france","23":"tag-girondins","24":"tag-lors","25":"tag-passe","26":"tag-shamal","27":"tag-sports","28":"tag-steve","29":"tag-succes","30":"tag-tres","31":"tag-victoire"},"share_on_mastodon":{"url":"https:\/\/pubeurope.com\/@fr\/115439921724884822","error":""},"_links":{"self":[{"href":"https:\/\/www.europesays.com\/fr\/wp-json\/wp\/v2\/posts\/490927","targetHints":{"allow":["GET"]}}],"collection":[{"href":"https:\/\/www.europesays.com\/fr\/wp-json\/wp\/v2\/posts"}],"about":[{"href":"https:\/\/www.europesays.com\/fr\/wp-json\/wp\/v2\/types\/post"}],"author":[{"embeddable":true,"href":"https:\/\/www.europesays.com\/fr\/wp-json\/wp\/v2\/users\/2"}],"replies":[{"embeddable":true,"href":"https:\/\/www.europesays.com\/fr\/wp-json\/wp\/v2\/comments?post=490927"}],"version-history":[{"count":0,"href":"https:\/\/www.europesays.com\/fr\/wp-json\/wp\/v2\/posts\/490927\/revisions"}],"wp:featuredmedia":[{"embeddable":true,"href":"https:\/\/www.europesays.com\/fr\/wp-json\/wp\/v2\/media\/490928"}],"wp:attachment":[{"href":"https:\/\/www.europesays.com\/fr\/wp-json\/wp\/v2\/media?parent=490927"}],"wp:term":[{"taxonomy":"category","embeddable":true,"href":"https:\/\/www.europesays.com\/fr\/wp-json\/wp\/v2\/categories?post=490927"},{"taxonomy":"post_tag","embeddable":true,"href":"https:\/\/www.europesays.com\/fr\/wp-json\/wp\/v2\/tags?post=490927"}],"curies":[{"name":"wp","href":"https:\/\/api.w.org\/{rel}","templated":true}]}}