{"id":490933,"date":"2025-10-26T10:12:15","date_gmt":"2025-10-26T10:12:15","guid":{"rendered":"https:\/\/www.europesays.com\/fr\/490933\/"},"modified":"2025-10-26T10:12:15","modified_gmt":"2025-10-26T10:12:15","slug":"prime-avec-lelimination-de-mehdi-premier-candidat-a-quitter-cette-saison-le-chateau-la-star-ac-est-elle-parvenue-a-se-hisser-en-tete-des-audiences-sur-tf1","status":"publish","type":"post","link":"https:\/\/www.europesays.com\/fr\/490933\/","title":{"rendered":"Prime : Avec l&rsquo;\u00e9limination de Mehdi, premier candidat \u00e0 quitter cette saison le ch\u00e2teau, la Star Ac est-elle parvenue \u00e0 se hisser en t\u00eate des audiences sur TF1 ?"},"content":{"rendered":"<p>Avec l&rsquo;\u00e9limination de Mehdi, premier candidat \u00e0 quitter cette saison le ch\u00e2teau, la Star Ac est-elle parvenue \u00e0 se hisser en t\u00eate des audiences sur TF1 ?\u00a0Hier soir, Nikos Aliagas pr\u00e9sentait le deuxi\u00e8me prime de la \u00ab\u00a0Star Academy\u00a0\u00bb sur TF1 qui s&rsquo;est sold\u00e9 par le d\u00e9part du jeune homme.\u00a0\u00a0<\/p>\n<p>Mehdi, 20 ans, originaire d&rsquo;Avignon,\u00a0il \u00e9tait en classe pr\u00e9paratoire \u00e9conomique et commerciale \u00e0 Lyon avant d&rsquo;int\u00e9grer l&rsquo;\u00e9mission.\u00a0Mais sa passion pour la musique l&rsquo;a pouss\u00e9 \u00e0 mettre de c\u00f4t\u00e9 ses \u00e9tudes pour tenter sa chance \u00e0 la\u00a0Star Academy. Un choix audacieux qui montre sa d\u00e9termination \u00e0 se faire une place dans le monde de la musique.\u00a0<\/p>\n<p>En dehors de la musique, Mehdi est \u00e9galement passionn\u00e9 de natation.\u00a0En 2019, il a particip\u00e9 au Championnat D\u00e9partemental en grand bassin dans le Vaucluse, dans la cat\u00e9gorie 100 m\u00e8tres nage libre messieurs.<\/p>\n<p><strong>La semaine derni\u00e8re, pour son lancement, l&rsquo;\u00e9mission avait attir\u00e9 3.257.000 t\u00e9l\u00e9spectateurs.\u00a0<\/strong><\/p>\n<p><strong>.<\/strong><\/p>\n<p><strong><img loading=\"lazy\" decoding=\"async\" src=\"https:\/\/www.europesays.com\/fr\/wp-content\/uploads\/2025\/10\/mehdi-38ca7c-2a3f93-01x.jpg\" width=\"950\" height=\"534\"\/><\/strong><\/p>\n<p>\u00a0<\/p>\n<p>        Brigade du fleuve<br \/>\n        22 % de PDA\n        <\/p>\n<p>        4 017 000<\/p>\n<p>        Star Academy<br \/>\n        18.3 % de PDA\n        <\/p>\n<p>        3 421 000<\/p>\n<p>        100 % logique : la r\u00e9ponse est sous vos yeux<br \/>\n        17.8 % de PDA\n        <\/p>\n<p>        3 005 000<\/p>\n<p>        Matlock<br \/>\n        4.5 % de PDA\n        <\/p>\n<p>        855 000<\/p>\n<p>        Echapp\u00e9es belles<br \/>\n        3.7 % de PDA\n        <\/p>\n<p>        678 000<\/p>\n<p>        Columbo<br \/>\n        2.9 % de PDA\n        <\/p>\n<p>        523 000<\/p>\n<p>        La petite histoire de France<br \/>\n        2.5 % de PDA\n        <\/p>\n<p>        455 000<\/p>\n<p>        Les myst\u00e8res d&rsquo;Halloween<br \/>\n        2.3 % de PDA\n        <\/p>\n<p>        427 000<\/p>\n<p>        Les douze travaux d&rsquo;Ast\u00e9rix<br \/>\n        2.1 % de PDA\n        <\/p>\n<p>        384 000<\/p>\n<p>        Au coeur de l&rsquo;enqu\u00eate<br \/>\n        1.4 % de PDA\n        <\/p>\n<p>        254 000<\/p>\n<p>        Chroniques criminelles<br \/>\n        1.3 % de PDA\n        <\/p>\n<p>        230 000<\/p>\n<p>        Battlebots : le tournoi des champions<br \/>\n        1 % de PDA\n        <\/p>\n<p>        196 000<\/p>\n<p>        Jos\u00e9phine, ange gardien<br \/>\n        1.1 % de PDA\n        <\/p>\n<p>        193 000<\/p>\n<p>        Retour \u00e0 l&rsquo;instinct primaire<br \/>\n        1 % de PDA\n        <\/p>\n<p>        189 000<\/p>\n<p>        Big Bang Theory<br \/>\n        0.8 % de PDA\n        <\/p>\n<p>        144 000<\/p>\n<p>        La folie du camping-car : des vacances pas comme les autres<br \/>\n        0.6 % de PDA\n        <\/p>\n<p>        109 000<\/p>\n<p>  Le Top des parts de march\u00e9<\/p>\n","protected":false},"excerpt":{"rendered":"Avec l&rsquo;\u00e9limination de Mehdi, premier candidat \u00e0 quitter cette saison le ch\u00e2teau, la Star Ac est-elle parvenue \u00e0&hellip;\n","protected":false},"author":2,"featured_media":490934,"comment_status":"","ping_status":"","sticky":false,"template":"","format":"standard","meta":{"footnotes":""},"categories":[1356],"tags":[2367,58,59,1011,27,876,594,494,5095,252,199,1364],"class_list":{"0":"post-490933","1":"post","2":"type-post","3":"status-publish","4":"format-standard","5":"has-post-thumbnail","7":"category-television","8":"tag-audiences","9":"tag-divertissement","10":"tag-entertainment","11":"tag-fr","12":"tag-france","13":"tag-france-3","14":"tag-france-2","15":"tag-m6","16":"tag-star-academy","17":"tag-television","18":"tag-tf1","19":"tag-tv"},"share_on_mastodon":{"url":"https:\/\/pubeurope.com\/@fr\/115439937393598860","error":""},"_links":{"self":[{"href":"https:\/\/www.europesays.com\/fr\/wp-json\/wp\/v2\/posts\/490933","targetHints":{"allow":["GET"]}}],"collection":[{"href":"https:\/\/www.europesays.com\/fr\/wp-json\/wp\/v2\/posts"}],"about":[{"href":"https:\/\/www.europesays.com\/fr\/wp-json\/wp\/v2\/types\/post"}],"author":[{"embeddable":true,"href":"https:\/\/www.europesays.com\/fr\/wp-json\/wp\/v2\/users\/2"}],"replies":[{"embeddable":true,"href":"https:\/\/www.europesays.com\/fr\/wp-json\/wp\/v2\/comments?post=490933"}],"version-history":[{"count":0,"href":"https:\/\/www.europesays.com\/fr\/wp-json\/wp\/v2\/posts\/490933\/revisions"}],"wp:featuredmedia":[{"embeddable":true,"href":"https:\/\/www.europesays.com\/fr\/wp-json\/wp\/v2\/media\/490934"}],"wp:attachment":[{"href":"https:\/\/www.europesays.com\/fr\/wp-json\/wp\/v2\/media?parent=490933"}],"wp:term":[{"taxonomy":"category","embeddable":true,"href":"https:\/\/www.europesays.com\/fr\/wp-json\/wp\/v2\/categories?post=490933"},{"taxonomy":"post_tag","embeddable":true,"href":"https:\/\/www.europesays.com\/fr\/wp-json\/wp\/v2\/tags?post=490933"}],"curies":[{"name":"wp","href":"https:\/\/api.w.org\/{rel}","templated":true}]}}