{"id":490937,"date":"2025-10-26T10:14:12","date_gmt":"2025-10-26T10:14:12","guid":{"rendered":"https:\/\/www.europesays.com\/fr\/490937\/"},"modified":"2025-10-26T10:14:12","modified_gmt":"2025-10-26T10:14:12","slug":"avec-kaamelott-deuxieme-volet-alexandre-astier-repousse-les-limites-de-son-univers","status":"publish","type":"post","link":"https:\/\/www.europesays.com\/fr\/490937\/","title":{"rendered":"Avec \u00ab\u00a0Kaamelott: deuxi\u00e8me volet\u00a0\u00bb, Alexandre Astier repousse les limites de son univers"},"content":{"rendered":"<p>La saga culte \u00ab\u00a0Kaamelott\u00a0\u00bb fait son retour au cin\u00e9ma avec un deuxi\u00e8me volet en deux parties, dont la premi\u00e8re est sortie mercredi dans les salles romandes. Un film \u00e9pique et ambitieux, selon son cr\u00e9ateur Alexandre Astier.<\/p>\n<p>Apr\u00e8s avoir chass\u00e9 du tr\u00f4ne son ennemi Lancelot, Arthur Pendragon, us\u00e9 par les affres du pouvoir et les luttes politiques, est poursuivi par la col\u00e8re des dieux. Il d\u00e9cide de r\u00e9unir ses chevaliers autour de la nouvelle Table ronde, pour les envoyer \u00e0 l&rsquo;aventure aux quatre coins du monde afin de prouver leur valeur.<\/p>\n<p>Il y a quatre ans, le premier volet de \u00ab\u00a0Kaamelott\u00a0\u00bb avait partag\u00e9 les fans. Ce deuxi\u00e8me volet se veut plus aventureux, promet son r\u00e9alisateur Alexandre Astier. Et celui qui incarne aussi le roi Arthur \u00e0 l&rsquo;\u00e9cran d&rsquo;ajouter: \u00ab\u00a0L&rsquo;histoire de &lsquo;Kaamelott&rsquo; se d\u00e9roule dans un monde m\u00e9di\u00e9val fantastique, dans lequel il se passe \u00e0 peu pr\u00e8s tout ce qui est possible de se passer\u00a0\u00bb.<\/p>\n<p> &gt;&gt; A voir, le sujet du 19h30 consacr\u00e9 \u00e0 la sortie du deuxi\u00e8me volet de \u00ab\u00a0Kaamelott\u00a0\u00bb\u00a0:   <img decoding=\"async\" class=\"embed-responsive-item\" loading=\"lazy\" src=\"https:\/\/www.europesays.com\/fr\/wp-content\/uploads\/2025\/10\/br3xzr-29035786.image\" alt=\"La saga Kaamelott continue avec un deuxi\u00e8me volet en salles\"\/>    La saga Kaamelott continue avec un deuxi\u00e8me volet en salles \/ 19h30 \/ 2 min. \/ mardi \u00e0 19:30 Tournage \u00e9puisant<\/p>\n<p>Le tournage des deux parties du film s&rsquo;est \u00e9tal\u00e9 sur huit mois \u00e0 diff\u00e9rents endroits, de l&rsquo;Islande \u00e0 Malte, en passant par la France et m\u00eame dans un sous-marin, pour un budget de 38 millions d&rsquo;euros.<\/p>\n<p>\u00ab\u00a0C&rsquo;\u00e9tait quand m\u00eame tr\u00e8s \u00e9prouvant, je ne sais pas si je referai un truc aussi long\u00a0\u00bb, confie Alexandre Astier qui, comme \u00e0 son habitude, s&rsquo;est occup\u00e9 du montage du film, de la bande originale et n&rsquo;a mis la touche finale \u00e0 cette premi\u00e8re partie qu&rsquo;une semaine avant sa sortie.<\/p>\n<p> &gt;&gt; A \u00e9couter, les avis mitig\u00e9s des critiques dans le d\u00e9bat cin\u00e9ma de Vertigo\u00a0:    Kaamelott\u2013Deuxi\u00e8me volet \u2013 partie 1 d\u02b9Alexandre Astier, avec Alexandre Astier, Anne Girouard, Jean \/ Vertigo \/ 5 min. \/ mercredi \u00e0 17:11 <\/p>\n<p>Au d\u00e9part con\u00e7u comme une s\u00e9rie, \u00ab\u00a0Kaamelott\u00a0\u00bb a d\u00e9but\u00e9 sur la cha\u00eene de t\u00e9l\u00e9vision fran\u00e7aise M6 avec des formats courts humoristiques de quelques minutes en 2005. Elle est depuis devenue une saga sans \u00e9quivalent dans le cin\u00e9ma fran\u00e7ais.<\/p>\n<p>Un casting prestigieux et familial<\/p>\n<p>Parmi la galerie des quelques septante personnages que compte le film, on trouve des noms prestigieux parmi lesquels Alain Chabat, Guillaume Gallienne, Audrey Fleurot et Clovis Cornillac, d\u00e9j\u00e0 pr\u00e9sents dans le premier volet, rejoints par les nouveaux venus Virginie Ledoyen et les humoristes Haroun et Thomas VDB.<\/p>\n<p>En revanche, l&rsquo;un des piliers de l&rsquo;histoire, Perceval, personnalit\u00e9 centrale de \u00ab\u00a0Kaamelott\u00a0\u00bb tr\u00e8s appr\u00e9ci\u00e9e des fans pour sa maladresse et sa na\u00efvet\u00e9, n&rsquo;est plus l\u00e0. L&rsquo;acteur Franck Pitiot a refus\u00e9 de rempiler.<\/p>\n<p>Alexandre Astier aime \u00e9galement travailler en famille puisque ses deux parents, Lionnel Astier et Jo\u00eblle S\u00e9villa, se retrouvent dans la saga, ainsi que quatre de leurs sept enfants. Dans le 19h30 du 21 octobre, le r\u00e9alisateur avoue d&rsquo;ailleurs s&rsquo;\u00eatre inspir\u00e9 de son quotidien familial pour le sc\u00e9nario: \u00ab\u00a0Une fois, mon fils s&rsquo;\u00e9tait engueul\u00e9 avec son fr\u00e8re.\u00a0Il s&rsquo;est point\u00e9 en disant &lsquo;Est-ce que dans &lsquo;Kaamelott&rsquo;, je peux tuer Ethan?&rsquo; Et je me suis dit &lsquo;\u00e7a c&rsquo;est pas b\u00eate, en fait'\u00a0\u00bb.<\/p>\n<p class=\"sources\">afp\/sc<\/p>\n<p class=\"article-footnote\">\u00ab\u00a0Kaamelott: deuxi\u00e8me Volet\u00a0\u00bb, de et avec Alexandre Astier, Anne Girouard, Thomas Cousseau, Lionnel Astier, Jo\u00eblle Sevilla, <br \/>Guillaume Gallienne, Virginie Ledoyen, Christian Clavier, Haroun, Audrey Fleurot, Alain Chabat, Clovis Cornillac. Dans les salles romandes depuis le 22 octobre 2025.<\/p>\n","protected":false},"excerpt":{"rendered":"La saga culte \u00ab\u00a0Kaamelott\u00a0\u00bb fait son retour au cin\u00e9ma avec un deuxi\u00e8me volet en deux parties, dont la&hellip;\n","protected":false},"author":2,"featured_media":490938,"comment_status":"","ping_status":"","sticky":false,"template":"","format":"standard","meta":{"footnotes":""},"categories":[1354],"tags":[14989,1693,650,58,59,2081,1346,1011,27,41019,1360,41557,8878],"class_list":{"0":"post-490937","1":"post","2":"type-post","3":"status-publish","4":"format-standard","5":"has-post-thumbnail","7":"category-films","8":"tag-alexandre-astier","9":"tag-arts-et-divertissement","10":"tag-cinema","11":"tag-divertissement","12":"tag-entertainment","13":"tag-film","14":"tag-films","15":"tag-fr","16":"tag-france","17":"tag-kaamelott","18":"tag-movies","19":"tag-roi-arthur","20":"tag-salle"},"share_on_mastodon":{"url":"https:\/\/pubeurope.com\/@fr\/115439945135087037","error":""},"_links":{"self":[{"href":"https:\/\/www.europesays.com\/fr\/wp-json\/wp\/v2\/posts\/490937","targetHints":{"allow":["GET"]}}],"collection":[{"href":"https:\/\/www.europesays.com\/fr\/wp-json\/wp\/v2\/posts"}],"about":[{"href":"https:\/\/www.europesays.com\/fr\/wp-json\/wp\/v2\/types\/post"}],"author":[{"embeddable":true,"href":"https:\/\/www.europesays.com\/fr\/wp-json\/wp\/v2\/users\/2"}],"replies":[{"embeddable":true,"href":"https:\/\/www.europesays.com\/fr\/wp-json\/wp\/v2\/comments?post=490937"}],"version-history":[{"count":0,"href":"https:\/\/www.europesays.com\/fr\/wp-json\/wp\/v2\/posts\/490937\/revisions"}],"wp:featuredmedia":[{"embeddable":true,"href":"https:\/\/www.europesays.com\/fr\/wp-json\/wp\/v2\/media\/490938"}],"wp:attachment":[{"href":"https:\/\/www.europesays.com\/fr\/wp-json\/wp\/v2\/media?parent=490937"}],"wp:term":[{"taxonomy":"category","embeddable":true,"href":"https:\/\/www.europesays.com\/fr\/wp-json\/wp\/v2\/categories?post=490937"},{"taxonomy":"post_tag","embeddable":true,"href":"https:\/\/www.europesays.com\/fr\/wp-json\/wp\/v2\/tags?post=490937"}],"curies":[{"name":"wp","href":"https:\/\/api.w.org\/{rel}","templated":true}]}}