{"id":490963,"date":"2025-10-26T10:32:10","date_gmt":"2025-10-26T10:32:10","guid":{"rendered":"https:\/\/www.europesays.com\/fr\/490963\/"},"modified":"2025-10-26T10:32:10","modified_gmt":"2025-10-26T10:32:10","slug":"camille-deleau-des-chansons-a-lehpad-aux-premiers-pas-sur-scene","status":"publish","type":"post","link":"https:\/\/www.europesays.com\/fr\/490963\/","title":{"rendered":"Camille Deleau, des chansons \u00e0 l&rsquo;Ehpad aux premiers pas sur sc\u00e8ne"},"content":{"rendered":"<p>            Par<br \/>\n        <strong><br \/>\n            <a href=\"https:\/\/actu.fr\/auteur\/le-journal-delbeuf\" title=\"Consulter tous les articles de R\u00e9daction Elbeuf\" rel=\"nofollow noopener\" target=\"_blank\">R\u00e9daction Elbeuf<\/a><br \/>\n        <\/strong><\/p>\n<p>        Publi\u00e9 le<\/p>\n<p>            26 oct. 2025 \u00e0 9h15        <\/p>\n<p>Plus de 70\u00a0spectateurs occupaient l<a href=\"https:\/\/actu.fr\/normandie\/tourville-la-riviere_76705\/pres-delbeuf-officiellement-inauguree-la-nouvelle-salle-de-spectacle-est-prete-a-vibrer_62453118.html\" rel=\"nofollow noopener\" target=\"_blank\">a salle Elsa-Triolet<\/a> de <a href=\"https:\/\/actu.fr\/normandie\/tourville-la-riviere_76705\" rel=\"nofollow noopener\" target=\"_blank\">Tourville-la-Rivi\u00e8re (Seine-Maritime)<\/a>, le vendredi 17 octobre 2025, pour assister au <b>premier concert<\/b> en public de <b>Camille Deleau<\/b>.<\/p>\n<p class=\" wall-content\">Aide-soignante \u00e0 l\u2019<b>Ehpad Fontenelle<\/b>, sur les hauteurs de Tourville, la jeune femme de 30 ans chante depuis une dizaine d\u2019ann\u00e9es, essentiellement pour les r\u00e9sidents de l\u2019\u00e9tablissement.<\/p>\n<p class=\" wall-content\">\u00ab J\u2019ai toujours chant\u00e9 par plaisir, jusqu\u2019\u00e0 ce que ma directrice me propose d\u2019animer des moments pour tous. Puis une dame m\u2019a aussi propos\u00e9 de chanter \u00e0 l\u2019occasion d\u2019Octobre rose, en 2024. Ce concert est la suite de tout cela \u00bb, confiait l\u2019artiste d\u00e9butante.<\/p>\n<p>Chansons \u00ab \u00e0 risque \u00bb<\/p>\n<p class=\" wall-content\">Le rideau rouge ouvert, Camille appara\u00eet, comme si elle \u00e9tait une habitu\u00e9e des spectacles. Sur ses deux premi\u00e8res <b>chansons<\/b>, on ressent son stress. Puis, rapidement, sa <b>voix<\/b> s\u00e9duit le public qui la d\u00e9couvre. Dans la salle, Camille a aussi des amies, ce qui lui permet de se sentir moins seule sur sc\u00e8ne.<\/p>\n<p class=\" wall-content\">Son r\u00e9cital remporte un vif succ\u00e8s avec des m\u00e9lodies inoubliables et pas toujours simples \u00e0 interpr\u00e9ter, comme Quand on n\u2019a que l\u2019amour, de Jacques Brel, ou L\u2019hymne \u00e0 l\u2019amour, d\u2019\u00c9dith Piaf. Des chansons difficiles qui lui permettent de d\u00e9montrer la <b>puissance de sa voix<\/b>. \u00ab Ce sont des chansons pour lesquelles il ne faut pas se rater, je trouve qu\u2019elle a assur\u00e9 pour le risque qu\u2019elle a pris \u00bb, commentera ensuite une spectatrice.<\/p>\n<p>Vid\u00e9os : en ce moment sur Actu<\/p>\n<p class=\" wall-content\">Apr\u00e8s le <b>spectacle<\/b>, Camille a re\u00e7u la visite de son fan-club et de nombreuses f\u00e9licitations. Une nouvelle carri\u00e8re qui d\u00e9bute ? L\u2019avenir le dira. Camille Deleau, elle, reste modeste sur son avenir : \u00ab Je me plais au milieu des r\u00e9sidents. \u00bb<\/p>\n<p class=\" wall-content\">Personnalisez votre actualit\u00e9 en ajoutant vos villes et m\u00e9dias en favori avec <a href=\"https:\/\/moncompte.actu.fr\" title=\"D\u00e9couvez Mon Actu\" rel=\"nofollow noopener\" data-trk=\"{&quot;cta&quot;:{&quot;action&quot;:&quot;https:\\\/\\\/moncompte.actu.fr&quot;,&quot;category&quot;:&quot;mon compte&quot;,&quot;from&quot;:&quot;article footer&quot;,&quot;name&quot;:&quot;Mon actu&quot;,&quot;type&quot;:&quot;cta&quot;}}\" target=\"_blank\">Mon Actu<\/a>.<\/p>\n","protected":false},"excerpt":{"rendered":"Par R\u00e9daction Elbeuf Publi\u00e9 le 26 oct. 2025 \u00e0 9h15 Plus de 70\u00a0spectateurs occupaient la salle Elsa-Triolet de&hellip;\n","protected":false},"author":2,"featured_media":490964,"comment_status":"","ping_status":"","sticky":false,"template":"","format":"standard","meta":{"footnotes":""},"categories":[9587],"tags":[1111,11,1697,1777,674,1011,27,12,5161,25,9590,104],"class_list":{"0":"post-490963","1":"post","2":"type-post","3":"status-publish","4":"format-standard","5":"has-post-thumbnail","7":"category-rouen","8":"tag-actu","9":"tag-actualites","10":"tag-concert","11":"tag-eu","12":"tag-europe","13":"tag-fr","14":"tag-france","15":"tag-news","16":"tag-normandie","17":"tag-republique-francaise","18":"tag-rouen","19":"tag-societe"},"share_on_mastodon":{"url":"https:\/\/pubeurope.com\/@fr\/115440015486410929","error":""},"_links":{"self":[{"href":"https:\/\/www.europesays.com\/fr\/wp-json\/wp\/v2\/posts\/490963","targetHints":{"allow":["GET"]}}],"collection":[{"href":"https:\/\/www.europesays.com\/fr\/wp-json\/wp\/v2\/posts"}],"about":[{"href":"https:\/\/www.europesays.com\/fr\/wp-json\/wp\/v2\/types\/post"}],"author":[{"embeddable":true,"href":"https:\/\/www.europesays.com\/fr\/wp-json\/wp\/v2\/users\/2"}],"replies":[{"embeddable":true,"href":"https:\/\/www.europesays.com\/fr\/wp-json\/wp\/v2\/comments?post=490963"}],"version-history":[{"count":0,"href":"https:\/\/www.europesays.com\/fr\/wp-json\/wp\/v2\/posts\/490963\/revisions"}],"wp:featuredmedia":[{"embeddable":true,"href":"https:\/\/www.europesays.com\/fr\/wp-json\/wp\/v2\/media\/490964"}],"wp:attachment":[{"href":"https:\/\/www.europesays.com\/fr\/wp-json\/wp\/v2\/media?parent=490963"}],"wp:term":[{"taxonomy":"category","embeddable":true,"href":"https:\/\/www.europesays.com\/fr\/wp-json\/wp\/v2\/categories?post=490963"},{"taxonomy":"post_tag","embeddable":true,"href":"https:\/\/www.europesays.com\/fr\/wp-json\/wp\/v2\/tags?post=490963"}],"curies":[{"name":"wp","href":"https:\/\/api.w.org\/{rel}","templated":true}]}}