{"id":490965,"date":"2025-10-26T10:33:12","date_gmt":"2025-10-26T10:33:12","guid":{"rendered":"https:\/\/www.europesays.com\/fr\/490965\/"},"modified":"2025-10-26T10:33:12","modified_gmt":"2025-10-26T10:33:12","slug":"pourquoi-un-helicoptere-a-survole-ce-quartier-de-rouen-un-dimanche-matin","status":"publish","type":"post","link":"https:\/\/www.europesays.com\/fr\/490965\/","title":{"rendered":"Pourquoi un h\u00e9licopt\u00e8re a survol\u00e9 ce quartier de Rouen un dimanche matin\u00a0?"},"content":{"rendered":"<p>            Par<br \/>\n        <strong><br \/>\n            <a href=\"https:\/\/actu.fr\/auteur\/yann-rivallan\" title=\"Consulter tous les articles de Yann Rivallan\" target=\"_blank\" rel=\"noopener\">Yann Rivallan<\/a><br \/>\n        <\/strong><\/p>\n<p>        Publi\u00e9 le<\/p>\n<p>            26 oct. 2025 \u00e0 11h28        <\/p>\n<p>Certains ont \u00e9t\u00e9 r\u00e9veill\u00e9s par le bruit des h\u00e9lices. Dans <strong>le quartier Luciline<\/strong> de <a href=\"https:\/\/actu.fr\/normandie\/rouen_76540\" target=\"_blank\" rel=\"noopener\">Rouen<\/a>, des habitants se sont \u00e9tonn\u00e9s de voir <strong>un h\u00e9licopt\u00e8re<\/strong> au-dessus de leurs t\u00eates dans la matin\u00e9e du dimanche 26 octobre 2025. Pourquoi \u00e9tait-il l\u00e0 ? On vous explique.<\/p>\n<p>Un h\u00e9licopt\u00e8re en pleine matin\u00e9e<\/p>\n<p class=\" wall-content\">D\u2019apr\u00e8s un lecteur, c\u2019est <strong>entre 9h30 et 9h45<\/strong> qu\u2019un h\u00e9licopt\u00e8re rouge et blanc a survol\u00e9 \u00e0 plusieurs reprises ce quartier situ\u00e9 \u00e0 l\u2019ouest de Rouen. D\u2019embl\u00e9e, on peut constater qu\u2019il ne s\u2019agit pas d\u2019un appareil de la s\u00e9curit\u00e9 civile.<\/p>\n<p class=\" wall-content\"><strong>Les sapeurs-pompiers<\/strong> de la Seine-Maritime ont d\u2019ailleurs confirm\u00e9 dans la matin\u00e9e qu\u2019ils n\u2019intervenaient pas dans ce secteur.<\/p>\n<p>Des \u00ab\u00a0travaux\u00a0\u00bb sur le toit des Docks 76<\/p>\n<p class=\" wall-content\">En s\u2019attardant un peu, les habitants surpris par ce vol matinal ont pu constater que l\u2019h\u00e9licopt\u00e8re s\u2019est pos\u00e9 sur <strong>le toit du centre commercial des Docks 76<\/strong>.<\/p>\n<p>    <img   decoding=\"async\" loading=\"lazy\" src=\"https:\/\/www.europesays.com\/fr\/wp-content\/uploads\/2025\/10\/camion-dalkia-helicoptere-rouen-960x640.jpg\" alt=\"Des camions de l'entreprise Dalkia ont \u00e9t\u00e9 aper\u00e7us pr\u00e8s du centre commercial dimanche matin.\" width=\"960\" height=\"640\"\/><br \/>\n    Des camions de l\u2019entreprise Dalkia ont \u00e9t\u00e9 aper\u00e7us pr\u00e8s du centre commercial dimanche matin. (\u00a9Jules Gaudry\/Photos transmises par un lecteur)<\/p>\n<p class=\" wall-content\">Des camions de l\u2019entreprise Dalkia, sp\u00e9cialis\u00e9e dans les \u00e9nergies, ont d\u2019ailleurs \u00e9t\u00e9 aper\u00e7us aux abords du centre commercial.<\/p>\n<p>Vid\u00e9os : en ce moment sur Actu<\/p>\n<p class=\" wall-content\">Sollicit\u00e9e, la directrice du centre commercial, Audrey Anne, indique qu\u2019il s\u2019agit en fait <strong>\u00ab\u00a0de travaux\u00a0\u00bb<\/strong>.<\/p>\n<blockquote class=\"ac-article-quote wall-content\">\n<p>Il y a des travaux qui n\u00e9cessitaient un h\u00e9licopt\u00e8re pour faire venir du mat\u00e9riel.<\/p>\n<p>    <strong>Audrey Anne<\/strong><br \/>\n        Directrice des Docks 76    <\/p><\/blockquote>\n<p>Votre r\u00e9gion, votre actu !<\/p>\n<p>Recevez chaque jour les infos qui comptent pour vous.<\/p>\n<p>\t<a href=\"https:\/\/actu.fr\/newsletter\" class=\"ac-btn ac-btn--corner ac-btn--medium ac-btn--blue800\" target=\"_blank\" rel=\"noopener\">S&rsquo;incrire<\/a><\/p>\n<p class=\" wall-content\">Selon elle, il fallait intervenir sur \u00ab\u00a0deux roof top\u00a0\u00bb du centre commercial pour remplacer des \u00ab\u00a0installations techniques\u00a0\u00bb.<\/p>\n<p class=\" wall-content\">Une dr\u00f4le de surprise qui aura peut-\u00eatre emp\u00each\u00e9 certains habitants du quartier de profiter pleinement de leur heure de sommeil suppl\u00e9mentaire\u2026 Pour rappel, nous sommes pass\u00e9s \u00e0 <strong>l\u2019heure d\u2019hiver<\/strong> cette nuit.<\/p>\n<p>Suivez l\u2019actualit\u00e9 de Rouen sur <a href=\"https:\/\/www.whatsapp.com\/channel\/0029VaKfnf99hXF2ddApFB1D\" target=\"_blank\" rel=\"noopener\">notre cha\u00eene WhatsApp<\/a> et sur <a href=\"https:\/\/www.tiktok.com\/@76actu.fr?lang=fr\" target=\"_blank\" rel=\"noopener\">notre compte TikTok<\/a><\/p>\n<p class=\" wall-content\">Personnalisez votre actualit\u00e9 en ajoutant vos villes et m\u00e9dias en favori avec <a href=\"https:\/\/moncompte.actu.fr\" title=\"D\u00e9couvez Mon Actu\" rel=\"nofollow noopener\" data-trk=\"{&quot;cta&quot;:{&quot;action&quot;:&quot;https:\\\/\\\/moncompte.actu.fr&quot;,&quot;category&quot;:&quot;mon compte&quot;,&quot;from&quot;:&quot;article footer&quot;,&quot;name&quot;:&quot;Mon actu&quot;,&quot;type&quot;:&quot;cta&quot;}}\" target=\"_blank\">Mon Actu<\/a>.<\/p>\n<p>                    <script async src=\"\/\/www.tiktok.com\/embed.js\"><\/script><\/p>\n","protected":false},"excerpt":{"rendered":"Par Yann Rivallan Publi\u00e9 le 26 oct. 2025 \u00e0 11h28 Certains ont \u00e9t\u00e9 r\u00e9veill\u00e9s par le bruit des&hellip;\n","protected":false},"author":2,"featured_media":490966,"comment_status":"","ping_status":"","sticky":false,"template":"","format":"standard","meta":{"footnotes":""},"categories":[9587],"tags":[1111,11,22131,1777,674,1011,27,12,5161,25,9590,104,2086],"class_list":{"0":"post-490965","1":"post","2":"type-post","3":"status-publish","4":"format-standard","5":"has-post-thumbnail","7":"category-rouen","8":"tag-actu","9":"tag-actualites","10":"tag-docks-76","11":"tag-eu","12":"tag-europe","13":"tag-fr","14":"tag-france","15":"tag-news","16":"tag-normandie","17":"tag-republique-francaise","18":"tag-rouen","19":"tag-societe","20":"tag-travaux"},"share_on_mastodon":{"url":"https:\/\/pubeurope.com\/@fr\/115440019877226887","error":""},"_links":{"self":[{"href":"https:\/\/www.europesays.com\/fr\/wp-json\/wp\/v2\/posts\/490965","targetHints":{"allow":["GET"]}}],"collection":[{"href":"https:\/\/www.europesays.com\/fr\/wp-json\/wp\/v2\/posts"}],"about":[{"href":"https:\/\/www.europesays.com\/fr\/wp-json\/wp\/v2\/types\/post"}],"author":[{"embeddable":true,"href":"https:\/\/www.europesays.com\/fr\/wp-json\/wp\/v2\/users\/2"}],"replies":[{"embeddable":true,"href":"https:\/\/www.europesays.com\/fr\/wp-json\/wp\/v2\/comments?post=490965"}],"version-history":[{"count":0,"href":"https:\/\/www.europesays.com\/fr\/wp-json\/wp\/v2\/posts\/490965\/revisions"}],"wp:featuredmedia":[{"embeddable":true,"href":"https:\/\/www.europesays.com\/fr\/wp-json\/wp\/v2\/media\/490966"}],"wp:attachment":[{"href":"https:\/\/www.europesays.com\/fr\/wp-json\/wp\/v2\/media?parent=490965"}],"wp:term":[{"taxonomy":"category","embeddable":true,"href":"https:\/\/www.europesays.com\/fr\/wp-json\/wp\/v2\/categories?post=490965"},{"taxonomy":"post_tag","embeddable":true,"href":"https:\/\/www.europesays.com\/fr\/wp-json\/wp\/v2\/tags?post=490965"}],"curies":[{"name":"wp","href":"https:\/\/api.w.org\/{rel}","templated":true}]}}