{"id":490969,"date":"2025-10-26T10:36:18","date_gmt":"2025-10-26T10:36:18","guid":{"rendered":"https:\/\/www.europesays.com\/fr\/490969\/"},"modified":"2025-10-26T10:36:18","modified_gmt":"2025-10-26T10:36:18","slug":"ce-commissaire-priseur-de-rennes-deniche-des-tresors-dans-vos-maisons","status":"publish","type":"post","link":"https:\/\/www.europesays.com\/fr\/490969\/","title":{"rendered":"ce commissaire-priseur de Rennes d\u00e9niche des tr\u00e9sors dans vos maisons"},"content":{"rendered":"<p>            Par<br \/>\n        <strong><br \/>\n            <a href=\"https:\/\/actu.fr\/auteur\/clemence-pays02-actu-fr\" title=\"Consulter tous les articles de Cl\u00e9mence Pays\" target=\"_blank\" rel=\"noopener\">Cl\u00e9mence Pays<\/a><br \/>\n        <\/strong><\/p>\n<p>        Publi\u00e9 le<\/p>\n<p>            26 oct. 2025 \u00e0 10h40        <\/p>\n<p>Quelques vases aux styles disparates, une sculpture et des tableaux tiennent compagnie aux livres pr\u00e9sents dans le bureau de <strong>Pierre-Guillaume Klein<\/strong>, \u00e0 <a href=\"https:\/\/actu.fr\/rennes\/\" target=\"_blank\" rel=\"noopener\">Rennes<\/a>. C\u2019est dans cette pi\u00e8ce que souvent le <strong>commissaire-priseur<\/strong> passe de longs moments \u00e0 analyser chaque d\u00e9tail des objets qu\u2019on lui confie, dans l\u2019espoir d\u2019y d\u00e9couvrir une valeur insoup\u00e7onn\u00e9e. \u00ab\u2009Vous voyez ce vase, il est en verre. Il y a une signature d\u2019\u00c9mile Gallet, mais \u00e0 c\u00f4t\u00e9, il y a une petite \u00e9toile. \u00c7a, \u00e7a veut dire que le vase a \u00e9t\u00e9 fait apr\u00e8s la mort du verrier\u2009\u00bb, explique avec <strong>enthousiasme<\/strong> Pierre-Guillaume Klein. Cet entrain face \u00e0 l\u2019art et \u00e0 ses moindres d\u00e9tails est apparu d\u00e8s l\u2019enfance chez l\u2019homme pass\u00e9 par l\u2019\u00e9cole du Louvre et bient\u00f4t coanimateur d\u2019une \u00e9mission de t\u00e9l\u00e9vision.<\/p>\n<p>Le d\u00e9clic face \u00e0 une \u0153uvre d\u2019art<\/p>\n<p class=\" wall-content\">C\u2019est <strong>\u00e0 12\u00a0ans<\/strong> que Pierre-Guillaume Klein a su qu\u2019il voulait devenir commissaire-priseur. D\u00e9j\u00e0, le jeune gar\u00e7on est passionn\u00e9 d\u2019histoire et d\u00e9couvre les salles des ventes gr\u00e2ce \u00e0 ses parents. Un jour, alors qu\u2019il visite la <strong>Galerie Borgh\u00e8se<\/strong> \u00e0 Rome, Pierre-Guillaume Klein est frapp\u00e9 par une \u0153uvre\u2009: L\u2019Enl\u00e8vement de Proserpine, de Le Bernin.<\/p>\n<p class=\" wall-content\">\u00ab\u2009J\u2019ai eu ce qu\u2019on appelle le syndrome de Stendhal (1). Et je me suis dit\u2009: <strong>c\u2019est merveilleux, mais je ne peux pas le toucher.<\/strong> J\u2019ai trouv\u00e9 \u00e7a triste\u2009\u00bb, se souvient le commissaire-priseur. Aujourd\u2019hui encore, lorsqu\u2019il revoit cette \u0153uvre en photo \u00ab\u2009m\u00eame si \u00e7a ne rend pas aussi bien\u2009\u00bb, il s\u2019\u00e9merveille devant le travail du marbre.<\/p>\n<blockquote class=\"ac-article-quote wall-content\">\n<p>J&rsquo;ai fait toutes mes \u00e9tudes en fonction de \u00e7a.<\/p>\n<p>    <strong>Pierre-Guillaume Klein<\/strong><br \/>\n        Commissaire-priseur \u00e0 Rennes    <\/p><\/blockquote>\n<p class=\" wall-content\">Apr\u00e8s son bac, Pierre-Guillaume Klein se dirige donc vers des<strong> \u00e9tudes de droit<\/strong> \u00e0 Cholet et Angers pour acqu\u00e9rir les notions juridiques n\u00e9cessaires \u00e0 la profession. Il int\u00e8gre ensuite <strong>l\u2019\u00c9cole du Louvre,<\/strong> \u00ab\u2009une formation compl\u00e8te et passionnante\u2009\u00bb.<\/p>\n<p>Une formation dense au Louvre<\/p>\n<p class=\" wall-content\">Apr\u00e8s trois ann\u00e9es au Louvre, le Rennais tente l\u2019<strong>examen d\u2019entr\u00e9e \u00e0 la formation\u00a0de commissaire-priseur.<\/strong> Celui-ci repose sur deux \u00e9preuves \u00e9crites, l\u2019une sur des sujets juridiques, l\u2019autre sur la connaissance des arts et techniques. \u00ab\u2009C\u2019est vaste comme sujet\u2009\u00bb, se rem\u00e9more Pierre-Guillaume Klein.<\/p>\n<p>Votre r\u00e9gion, votre actu !<\/p>\n<p>Recevez chaque jour les infos qui comptent pour vous.<\/p>\n<p>\t<a href=\"https:\/\/actu.fr\/newsletter\" class=\"ac-btn ac-btn--corner ac-btn--medium ac-btn--blue800\" target=\"_blank\" rel=\"noopener\">S&rsquo;incrire<\/a><\/p>\n<p class=\" wall-content\">Finalement, il acc\u00e8de \u00e0 la formation. \u00ab\u2009Pour l\u2019examen de premi\u00e8re ann\u00e9e, on doit faire un tour de salle \u00e0 l\u2019H\u00f4tel Drouot. On nous pr\u00e9sente 20 objets au hasard dans la r\u00e9serve et on doit faire des fiches dessus. \u00c0 l\u2019\u00e9poque, <strong>c\u2019\u00e9tait effrayant.\u2009\u00bb<\/strong><\/p>\n<p class=\" wall-content\">Au fil des exp\u00e9riences et de la formation, ce qui \u00e9tait source d\u2019appr\u00e9hension devient un plaisir.<\/p>\n<blockquote class=\"ac-article-quote wall-content\">\n<p>Plus on voit d&rsquo;objets et on d\u00e9couvre de choses, plus on prend conscience de sa parfaite ignorance. <\/p>\n<p>    <strong>Pierre-Guillaume Klein<\/strong><br \/>\n        Commissaire-priseur \u00e0 Rennes    <\/p><\/blockquote>\n<p class=\" wall-content\">Vient l\u2019examen final. \u00ab\u2009Puis le Graal, on a le droit de <strong>diriger sa premi\u00e8re vente.\u2009\u00bb<\/strong> Pour Pierre-Guillaume Klein, ce moment tant attendu est arriv\u00e9 un jour de<strong> janvier\u00a02019,<\/strong> \u00e0 l\u2019H\u00f4tel Drouot, alors qu\u2019il \u00e9tait en stage dans une \u00e9tude \u00e0 Saint-Cloud. Son tuteur lui a\u2009fait confiance \u00ab\u00a0parce que l\u00e2cher son marteau, c\u2019est quelque chose\u2009\u00bb. Malgr\u00e9 \u00ab\u2009le stress\u2009\u00bb, cette premi\u00e8re vente est <strong>un moment \u00ab\u2009plus qu\u2019\u00e9mouvant\u2009\u00bb<\/strong> et signe le d\u00e9but officiel de la carri\u00e8re de l\u2019homme d\u00e9sormais \u00e2g\u00e9 de 36\u00a0ans.<\/p>\n<p>Conna\u00eetre le maximum d\u2019objets<\/p>\n<p class=\" wall-content\">En mars\u00a02020, il rejoint <strong>Ouest Ench\u00e8res Publiques<\/strong> \u00e0 <a href=\"https:\/\/actu.fr\/nantes\/\" target=\"_blank\" rel=\"noopener\">Nantes<\/a>, en vue de s\u2019associer avec Juliette Jourdan et Alban Perdereau. En 2021, Pierre-Guillaume Klein quitte la cit\u00e9 des ducs de Bretagne <strong>direction la capitale bretonne<\/strong> pour ouvrir un nouvel h\u00f4tel des ventes \u00e0 Rennes.<\/p>\n<p>    <img   decoding=\"async\" loading=\"lazy\" src=\"https:\/\/www.europesays.com\/fr\/wp-content\/uploads\/2025\/10\/pierre-guillaume-klein-commissaire-priseur-rennes-ouest-encheres-publiques-960x640.jpg\" alt=\"Lors d'une vente \" width=\"960\" height=\"640\"\/><br \/>\n    Lors d\u2019une vente \u00ab\u2009on met un objet devant les gens pendant une minute. Il faut expliquer son histoire et pourquoi il est int\u00e9ressant\u2009\u00bb, raconte Pierre-Guillaume Klein. (\u00a9 Cl\u00e9mence Pays\/actu Rennes)<\/p>\n<p class=\" wall-content\">La vente aux ench\u00e8res, <strong>\u00ab\u2009c\u2019est la partie immerg\u00e9e de l\u2019iceberg\u2009\u00bb,<\/strong> recontextualise le commissaire-priseur. \u00ab\u2009Mon quotidien, c\u2019est aller <strong>faire des inventaires<\/strong> dans le cadre de successions, pour les assurances, ou simplement chez des gens qui ont des choses \u00e0 vendre.\u2009\u00bb<\/p>\n<blockquote class=\"ac-article-quote wall-content\">\n<p>Je suis toujours sur la route. Ma voiture, c&rsquo;est mon bureau.<\/p>\n<p>    <strong>Pierre-Guillaume Klein<\/strong><br \/>\n        Commissaire-priseur \u00e0 Rennes    <\/p><\/blockquote>\n<p class=\" wall-content\">Lors de ces inventaires, Pierre-Guillaume Klein l\u2019admet\u2009: il \u00ab\u2009ne tombe pas toujours sur des Caravage\u2009\u00bb. Si certains de ses cours au Louvre \u00e9taient dispens\u00e9s devant des \u0153uvres reconnues, il a aussi fait des stages, \u00ab\u2009pour se faire un r\u00e9seau, mais aussi <strong>conna\u00eetre les choses qui ne sont pas mus\u00e9ales,<\/strong> mais int\u00e9ressantes. Il faut appr\u00e9hender le maximum de choses\u2009\u00bb.<\/p>\n<p>La passion du \u00ab\u2009beau\u2009\u00bb<\/p>\n<p class=\" wall-content\">Quoi qu\u2019il en soit, ce m\u00e9tier doit<strong> se faire par passion \u00ab\u2009du beau et du sens de l\u2019esth\u00e9tisme, pas pour l\u2019argent\u2009\u00bb.<\/strong><\/p>\n<blockquote class=\"ac-article-quote wall-content\">\n<p>Les gens nous font confiance. On p\u00e9n\u00e8tre dans leur intimit\u00e9. On essaye de conna\u00eetre l&rsquo;histoire : est-ce que c&rsquo;est un objet de famille, est-ce qu&rsquo;il a \u00e9t\u00e9 chin\u00e9 ? <\/p>\n<p>    <strong>Pierre-Guillaume Klein<\/strong><br \/>\n        Commissaire-priseur \u00e0 Rennes    <\/p><\/blockquote>\n<p class=\" wall-content\">Parfois, le professionnel doit aussi faire <strong>des recherches de son c\u00f4t\u00e9<\/strong> pour comprendre l\u2019origine d\u2019un vase, d\u2019un meuble ou d\u2019une assiette. \u00ab\u2009Si on ne connait pas l\u2019Histoire, on ne peut pas comprendre. Par exemple, en <a href=\"https:\/\/actu.fr\/bretagne\/\" target=\"_blank\" rel=\"noopener\">Bretagne<\/a>, on trouve beaucoup d\u2019objets d\u2019Afrique et d\u2019Indochine. Cela peut s\u2019expliquer par le fait qu\u2019il y a beaucoup de marins et de militaires.\u2009\u00bb<\/p>\n<p>Des d\u00e9ceptions et des tr\u00e9sors<\/p>\n<p class=\" wall-content\">Le r\u00e9sultat des expertises n\u2019est <strong>pas toujours \u00e0 la hauteur des espoirs<\/strong> des propri\u00e9taires. \u00ab\u2009Les situations sont parfois difficiles, quand il y a une croyance autour de certains objets. On casse un peu un r\u00eave\u2009\u00bb, raconte avec \u00e9motion Pierre-Guillaume Klein.<\/p>\n<p class=\" wall-content\">Et parfois, <strong>\u00ab\u2009on d\u00e9couvre des tr\u00e9sors\u2009\u00bb.<\/strong> Comme une assiette achet\u00e9e deux euros en brocante par \u00ab\u2009une dame\u2009\u00bb et vendue \u00ab\u2009plus de 7\u2009000\u00a0euros aux ench\u00e8res\u2009\u00bb. \u00ab\u2009\u00c7a m\u2019a touch\u00e9 parce que cette dame \u00e9tait ravie de son achat et elle voulait juste savoir ce qu\u2019elle avait achet\u00e9 \u00e0 la brocante. C\u2019\u00e9tait un super moment.\u2009\u00bb<\/p>\n<blockquote class=\"ac-article-quote wall-content\">\n<p>Il faut rester humble. On peut \u00eatre surpris par un objet, comme face \u00e0 un moulin \u00e0 \u00e9pices adjug\u00e9 \u00e0 15 000 euros.<\/p>\n<p>    <strong>Pierre-Guillaume Klein<\/strong><br \/>\n        Commissaire-priseur \u00e0 Rennes    <\/p><\/blockquote>\n<p class=\" wall-content\">Il y a aussi des <strong>moments historiques,<\/strong> comme en avril\u00a02025, lorsqu\u2019un particulier d\u00e9pose une bo\u00eete en bois oubli\u00e9e dans un grenier, dans laquelle sont entass\u00e9s de nombreux manuscrits. Apr\u00e8s expertise, Pierre-Guillaume Klein est formel\u2009: <a href=\"https:\/\/actu.fr\/bretagne\/rennes_35238\/c-est-emouvant-des-manuscrits-inedits-de-jean-jaures-decouverts-et-presentes-lors-d-une-vente-a-rennes_63232588.html\" target=\"_blank\" rel=\"noopener\">ils sont sign\u00e9s de la main de Jean Jaur\u00e8s<\/a>. Lors de la vente, <a href=\"https:\/\/actu.fr\/bretagne\/rennes_35238\/video-jean-jaures-louis-ferdinand-celine-les-encheres-se-sont-envolees-a-rennes-pour-ces-textes-inedits_63262032.html\" target=\"_blank\" rel=\"noopener\">l\u2019un de ces documents a trouv\u00e9 preneur pour la coquette somme de 2\u2009900\u00a0euros<\/a>.<\/p>\n<p class=\" wall-content\"><a href=\"https:\/\/www.instagram.com\/p\/DPgHK3cjPA5\/embed\" title=\"Ouvrir le lien sur Instagram\" target=\"_blank\" rel=\"noopener\">Visualiser le contenu sur Instagram<\/a><\/p>\n<p class=\" wall-content\">\u00abCette d\u00e9couverte restera un bon souvenir, parce que pour moi, \u00e7a a \u00e9t\u00e9 <strong>un sauvetage in extremis\u2009\u00bb,<\/strong> confie le commissaire-priseur.<\/p>\n<p class=\" wall-content\">Et qui sait, des sauvetages et tr\u00e9sors, <strong>il y en aura peut-\u00eatre<\/strong> <strong>d\u2019autres.<\/strong> Certains seront peut-\u00eatre m\u00eame film\u00e9s puisque <a href=\"https:\/\/actu.fr\/bretagne\/rennes_35238\/vous-avez-des-tresors-chez-vous-des-personnes-recherchees-en-bretagne-pour-une-nouvelle-emission-tele_63330795.html\" target=\"_blank\" rel=\"noopener\">Pierre-Guillaume Klein a \u00e9t\u00e9 contact\u00e9 pour co-animer une \u00e9mission bient\u00f4t diffus\u00e9e \u00e0 la t\u00e9l\u00e9vision<\/a>.<\/p>\n<p class=\" wall-content\">(1) Trouble psychosomatique, forte \u00e9motion \u00e9prouv\u00e9e face \u00e0 une cr\u00e9ation artistique.<\/p>\n<p class=\" wall-content\">Personnalisez votre actualit\u00e9 en ajoutant vos villes et m\u00e9dias en favori avec <a href=\"https:\/\/moncompte.actu.fr\" title=\"D\u00e9couvez Mon Actu\" rel=\"nofollow noopener\" data-trk=\"{&quot;cta&quot;:{&quot;action&quot;:&quot;https:\\\/\\\/moncompte.actu.fr&quot;,&quot;category&quot;:&quot;mon compte&quot;,&quot;from&quot;:&quot;article footer&quot;,&quot;name&quot;:&quot;Mon actu&quot;,&quot;type&quot;:&quot;cta&quot;}}\" target=\"_blank\">Mon Actu<\/a>.<\/p>\n<p>                    <script async src=\"\/\/www.instagram.com\/embed.js\"><\/script><\/p>\n","protected":false},"excerpt":{"rendered":"Par Cl\u00e9mence Pays Publi\u00e9 le 26 oct. 2025 \u00e0 10h40 Quelques vases aux styles disparates, une sculpture et&hellip;\n","protected":false},"author":2,"featured_media":490970,"comment_status":"","ping_status":"","sticky":false,"template":"","format":"standard","meta":{"footnotes":""},"categories":[2821],"tags":[1111,11,829,1777,674,1011,27,12,2551,9026,584,25,104],"class_list":{"0":"post-490969","1":"post","2":"type-post","3":"status-publish","4":"format-standard","5":"has-post-thumbnail","7":"category-rennes","8":"tag-actu","9":"tag-actualites","10":"tag-bretagne","11":"tag-eu","12":"tag-europe","13":"tag-fr","14":"tag-france","15":"tag-news","16":"tag-patrimoine","17":"tag-portrait","18":"tag-rennes","19":"tag-republique-francaise","20":"tag-societe"},"share_on_mastodon":{"url":"https:\/\/pubeurope.com\/@fr\/115440031266834006","error":""},"_links":{"self":[{"href":"https:\/\/www.europesays.com\/fr\/wp-json\/wp\/v2\/posts\/490969","targetHints":{"allow":["GET"]}}],"collection":[{"href":"https:\/\/www.europesays.com\/fr\/wp-json\/wp\/v2\/posts"}],"about":[{"href":"https:\/\/www.europesays.com\/fr\/wp-json\/wp\/v2\/types\/post"}],"author":[{"embeddable":true,"href":"https:\/\/www.europesays.com\/fr\/wp-json\/wp\/v2\/users\/2"}],"replies":[{"embeddable":true,"href":"https:\/\/www.europesays.com\/fr\/wp-json\/wp\/v2\/comments?post=490969"}],"version-history":[{"count":0,"href":"https:\/\/www.europesays.com\/fr\/wp-json\/wp\/v2\/posts\/490969\/revisions"}],"wp:featuredmedia":[{"embeddable":true,"href":"https:\/\/www.europesays.com\/fr\/wp-json\/wp\/v2\/media\/490970"}],"wp:attachment":[{"href":"https:\/\/www.europesays.com\/fr\/wp-json\/wp\/v2\/media?parent=490969"}],"wp:term":[{"taxonomy":"category","embeddable":true,"href":"https:\/\/www.europesays.com\/fr\/wp-json\/wp\/v2\/categories?post=490969"},{"taxonomy":"post_tag","embeddable":true,"href":"https:\/\/www.europesays.com\/fr\/wp-json\/wp\/v2\/tags?post=490969"}],"curies":[{"name":"wp","href":"https:\/\/api.w.org\/{rel}","templated":true}]}}