{"id":490981,"date":"2025-10-26T10:42:21","date_gmt":"2025-10-26T10:42:21","guid":{"rendered":"https:\/\/www.europesays.com\/fr\/490981\/"},"modified":"2025-10-26T10:42:21","modified_gmt":"2025-10-26T10:42:21","slug":"une-nouvelle-epicerie-sociale-dans-ce-quartier-nantais","status":"publish","type":"post","link":"https:\/\/www.europesays.com\/fr\/490981\/","title":{"rendered":"Une nouvelle \u00e9picerie sociale dans ce quartier nantais"},"content":{"rendered":"<p>Dans le quartier prioritaire du Breil, <a href=\"https:\/\/nantes.maville.com\/actu\/actudet_-les-1-000-fleurs-du-colibri-premiere-epicerie-sociale-et-solidaire-a-bottiere-pin-sec-_52716-5690714_actu.Htm\" target=\"_self\" rel=\"nofollow noopener\">une \u00e9picerie sociale <\/a>a \u00e9t\u00e9 inaugur\u00e9e ce jeudi 23\u00a0octobre dans les locaux du 5, rue Jules-No\u00ebl, g\u00e9r\u00e9e par l\u2019Accoord, avec le soutien de la Ville de Nantes qui est propri\u00e9taire du b\u00e2timent. Plusieurs associations se mobilisent avec l\u2019Accoord pour organiser et faire vivre ce lieu\u00a0: Arbre de libert\u00e9, Panier du Breil et La Bo\u00eete \u00e0 r\u00e9cup.<\/p>\n<p>\u00ab\u00a0Au 5, fruits et l\u00e9gumes\u00a0\u00bb propose un acc\u00e8s \u00e0 des denr\u00e9es alimentaires et d\u2019hygi\u00e8ne en libre-service et \u00e0 prix tr\u00e8s r\u00e9duits (10 \u00e0 30\u00a0% en dessous de la valeur marchande), contre une participation financi\u00e8re et sur \u00e9valuation sociale.\u00a0En plus de l\u2019espace de vente, les locaux permettront de tenir des permanences, qui seront men\u00e9es par l\u2019Accoord et des professionnels mobilis\u00e9s sur le territoire, pour accueillir les habitantes et habitants, v\u00e9rifier que leurs attentes co\u00efncident bien avec le projet de l\u2019\u00e9picerie, les orienter et les guider dans leur acc\u00e8s aux droits, lutter contre le non-recours et leur proposer un accompagnement budg\u00e9taire. Une pr\u00e9vention sur les questions de sant\u00e9 et de nutrition leur sera aussi propos\u00e9e.<\/p>\n<p>\t<img decoding=\"async\" src=\"https:\/\/www.europesays.com\/fr\/wp-content\/uploads\/2025\/10\/P35545047D7037323G_px_640_.jpg\" alt=\"photo l\u2019acc\u00e8s \u00e0 l\u2019\u00e9picerie est sous conditions de ressources.  \u00a9  photo garance wester \u2013 nantes m\u00e9tropole\" width=\"640\" title=\" L\u2019acc\u00e8s \u00e0 l\u2019\u00e9picerie est sous conditions de ressources.   Photo Garance Wester \u2013 Nantes M\u00e9tropole \"\/><\/p>\n<p class=\"elmt-legende\"> L\u2019acc\u00e8s \u00e0 l\u2019\u00e9picerie est sous conditions de ressources.   Photo Garance Wester \u2013 Nantes M\u00e9tropole <\/p>\n<p>Qui peut b\u00e9n\u00e9ficier de l\u2019\u00e9picerie\u00a0?<\/p>\n<p>L\u2019\u00e9picerie est accessible \u00e0 tous les habitants majeurs du quartier du Breil rencontrant des difficult\u00e9s budg\u00e9taires et sociales (par exemple attente du versement d\u2019une allocation ou d\u2019une indemnit\u00e9, facture d\u2019\u00e9nergie importante \u00e0 payer en plusieurs fois, r\u00e9sorption d\u2019une dette ou d\u2019un cr\u00e9dit sur du court terme,\u00a0etc). L\u2019acc\u00e8s \u00e0 l\u2019\u00e9picerie est donc sous conditions de ressources (avoir un quotient familial Caf inf\u00e9rieur ou \u00e9gal \u00e0 650\u00a0\u20ac, soit les m\u00eames b\u00e9n\u00e9ficiaires de la carte blanche), en \u00e9change d\u2019une participation financi\u00e8re, via une adh\u00e9sion annuelle \u00e0 l\u2019Accoord (8\u00a0\u20ac par an, valable pour l\u2019ensemble du foyer). On peut venir sur orientation d\u2019un travailleur social ou se pr\u00e9senter spontan\u00e9ment\u00a0: un rendez-vous est alors pris pour une \u00e9valuation sociale des difficult\u00e9s rencontr\u00e9es et des besoins.<\/p>\n<p>Tous les jeudis<\/p>\n<p>L\u2019\u00e9picerie sera ouverte une fois par semaine (une demi-journ\u00e9e par semaine, le\u00a0jeudi de 14\u00a0h \u00e0 17\u00a0h) \u00e0 une quinzaine de foyers, avec une mont\u00e9e en puissance progressive qui\u00a0permettra de toucher une trentaine de foyers d\u2019ici la fin de l\u2019ann\u00e9e.\u00a0Les b\u00e9n\u00e9ficiaires peuvent acheter \u00e0 l\u2019\u00e9picerie sur une p\u00e9riode de six\u00a0mois, renouvelable deux\u00a0fois, en fonction des situations personnelles.<\/p>\n<p>Certains habitants sont d\u00e9j\u00e0 identifi\u00e9s parce qu\u2019ils b\u00e9n\u00e9ficient de paniers solidaires et quelques-uns ont d\u00e9j\u00e0 b\u00e9n\u00e9fici\u00e9 d\u2019entretiens pour v\u00e9rifier s\u2019ils peuvent avoir acc\u00e8s au projet de l\u2019\u00e9picerie.<\/p>\n<p>\u00a0<\/p>\n","protected":false},"excerpt":{"rendered":"Dans le quartier prioritaire du Breil, une \u00e9picerie sociale a \u00e9t\u00e9 inaugur\u00e9e ce jeudi 23\u00a0octobre dans les locaux&hellip;\n","protected":false},"author":2,"featured_media":490982,"comment_status":"","ping_status":"","sticky":false,"template":"","format":"standard","meta":{"footnotes":""},"categories":[2818],"tags":[1111,11,12821,1777,674,1011,27,4715,766,12,2043,2636,5775,25,2812],"class_list":{"0":"post-490981","1":"post","2":"type-post","3":"status-publish","4":"format-standard","5":"has-post-thumbnail","7":"category-nantes","8":"tag-actu","9":"tag-actualites","10":"tag-epicerie","11":"tag-eu","12":"tag-europe","13":"tag-fr","14":"tag-france","15":"tag-nantais","16":"tag-nantes","17":"tag-news","18":"tag-nouvelle","19":"tag-pays-de-la-loire","20":"tag-quartier","21":"tag-republique-francaise","22":"tag-sociale"},"share_on_mastodon":{"url":"https:\/\/pubeurope.com\/@fr\/115440055430334823","error":""},"_links":{"self":[{"href":"https:\/\/www.europesays.com\/fr\/wp-json\/wp\/v2\/posts\/490981","targetHints":{"allow":["GET"]}}],"collection":[{"href":"https:\/\/www.europesays.com\/fr\/wp-json\/wp\/v2\/posts"}],"about":[{"href":"https:\/\/www.europesays.com\/fr\/wp-json\/wp\/v2\/types\/post"}],"author":[{"embeddable":true,"href":"https:\/\/www.europesays.com\/fr\/wp-json\/wp\/v2\/users\/2"}],"replies":[{"embeddable":true,"href":"https:\/\/www.europesays.com\/fr\/wp-json\/wp\/v2\/comments?post=490981"}],"version-history":[{"count":0,"href":"https:\/\/www.europesays.com\/fr\/wp-json\/wp\/v2\/posts\/490981\/revisions"}],"wp:featuredmedia":[{"embeddable":true,"href":"https:\/\/www.europesays.com\/fr\/wp-json\/wp\/v2\/media\/490982"}],"wp:attachment":[{"href":"https:\/\/www.europesays.com\/fr\/wp-json\/wp\/v2\/media?parent=490981"}],"wp:term":[{"taxonomy":"category","embeddable":true,"href":"https:\/\/www.europesays.com\/fr\/wp-json\/wp\/v2\/categories?post=490981"},{"taxonomy":"post_tag","embeddable":true,"href":"https:\/\/www.europesays.com\/fr\/wp-json\/wp\/v2\/tags?post=490981"}],"curies":[{"name":"wp","href":"https:\/\/api.w.org\/{rel}","templated":true}]}}