{"id":490999,"date":"2025-10-26T10:52:11","date_gmt":"2025-10-26T10:52:11","guid":{"rendered":"https:\/\/www.europesays.com\/fr\/490999\/"},"modified":"2025-10-26T10:52:11","modified_gmt":"2025-10-26T10:52:11","slug":"un-blesse-leger-dans-laccident","status":"publish","type":"post","link":"https:\/\/www.europesays.com\/fr\/490999\/","title":{"rendered":"un bless\u00e9 l\u00e9ger dans l\u2019accident"},"content":{"rendered":"<p>Un accident spectaculaire s\u2019est produit ce dimanche matin, avenue Berthelot \u00e0 Lyon (7e), o\u00f9 une voiture s\u2019est retourn\u00e9e, interloquant plusieurs passants qui s\u2019interrogeaient sur la violence du choc et l\u2019origine de cette embard\u00e9e. Pour une raison encore inconnue, un automobiliste a perdu le contr\u00f4le de sa Renault, \u00e0 la hauteur du num\u00e9ro\u00a0184, non loin du croisement avec la route de Vienne.<\/p>\n<p>Apr\u00e8s une embard\u00e9e, la voiture a percut\u00e9 un v\u00e9hicule en stationnement et s\u2019est retourn\u00e9e avant de s\u2019immobiliser sur le toit. Par chance, il y avait peu de circulation \u00e0 cette heure, ce qui a limit\u00e9 les cons\u00e9quences de l\u2019accident. L\u2019automobiliste, l\u00e9g\u00e8rement bless\u00e9, a \u00e9t\u00e9 pris en charge par les pompiers et transport\u00e9 \u00e0 l\u2019h\u00f4pital. Ses jours ne sont pas en danger, selon les informations que nous avons pu recueillir.<\/p>\n<p>Ce contenu est bloqu\u00e9 car vous n&rsquo;avez pas accept\u00e9 les cookies et autres traceurs.<\/p>\n<p>En cliquant sur \u00ab J\u2019accepte \u00bb, les cookies et autres traceurs seront d\u00e9pos\u00e9s et vous pourrez visualiser les contenus  (<a href=\"\" class=\"consentModule_policy\" target=\"_blank\" title=\"Consulter la politique de protection des donn\u00e9es du fournisseur\">plus d&rsquo;informations<\/a>).<\/p>\n<p>En cliquant sur \u00ab J\u2019accepte tous les cookies \u00bb, vous autorisez des d\u00e9p\u00f4ts de cookies et autres traceurs pour le stockage de vos donn\u00e9es sur nos sites et applications \u00e0 des fins de personnalisation et de ciblage publicitaire.<\/p>\n<p class=\"consentModule_secondaryText\">Vous gardez la possibilit\u00e9 de retirer votre consentement \u00e0 tout moment en consultant notre <a href=\"https:\/\/www.leprogres.fr\/protection-des-donnees\" target=\"_blank\" title=\"Consulter notre politique de protection des donn\u00e9es\" rel=\"noopener\">politique de protection des donn\u00e9es<\/a>. <br \/>&#13;<br \/>\n            <a href=\"https:\/\/www.leprogres.fr\/faits-divers-justice\/2025\/10\/26\/javascript:Didomi.notice.show()\" class=\"consentModule_cmp\" target=\"_blank\" rel=\"noopener\">G\u00e9rer mes choix<\/a>&#13;\n        <\/p>\n<p>&#13;<br \/>\n                        J&rsquo;accepte&#13;<br \/>\n            J&rsquo;accepte tous les cookies&#13;\n        <\/p>\n<p>L\u2019avenue Berthelot a d\u00fb \u00eatre coup\u00e9e pour permettre l\u2019intervention des secours puis du d\u00e9panneur, et la circulation a \u00e9t\u00e9 d\u00e9vi\u00e9e par la rue du Repos. Des investigations sont en cours pour d\u00e9terminer\u00a0les causes exactes de l\u2019accident.<\/p>\n","protected":false},"excerpt":{"rendered":"Un accident spectaculaire s\u2019est produit ce dimanche matin, avenue Berthelot \u00e0 Lyon (7e), o\u00f9 une voiture s\u2019est retourn\u00e9e,&hellip;\n","protected":false},"author":2,"featured_media":491000,"comment_status":"","ping_status":"","sticky":false,"template":"","format":"standard","meta":{"footnotes":""},"categories":[1889],"tags":[119,1111,11,2430,2757,1777,674,274,107,1011,27,2428,5947,5946,12,25,2429],"class_list":{"0":"post-490999","1":"post","2":"type-post","3":"status-publish","4":"format-standard","5":"has-post-thumbnail","7":"category-lyon","8":"tag-accident","9":"tag-actu","10":"tag-actualites","11":"tag-auvergne-rhone-alpes","12":"tag-edition-lyon-villeurbanne","13":"tag-eu","14":"tag-europe","15":"tag-faits-divers-justice","16":"tag-fil-info","17":"tag-fr","18":"tag-france","19":"tag-lyon","20":"tag-lyon-7e","21":"tag-lyon-7e-arrondissement","22":"tag-news","23":"tag-republique-francaise","24":"tag-rhone"},"share_on_mastodon":{"url":"https:\/\/pubeurope.com\/@fr\/115440094062280213","error":""},"_links":{"self":[{"href":"https:\/\/www.europesays.com\/fr\/wp-json\/wp\/v2\/posts\/490999","targetHints":{"allow":["GET"]}}],"collection":[{"href":"https:\/\/www.europesays.com\/fr\/wp-json\/wp\/v2\/posts"}],"about":[{"href":"https:\/\/www.europesays.com\/fr\/wp-json\/wp\/v2\/types\/post"}],"author":[{"embeddable":true,"href":"https:\/\/www.europesays.com\/fr\/wp-json\/wp\/v2\/users\/2"}],"replies":[{"embeddable":true,"href":"https:\/\/www.europesays.com\/fr\/wp-json\/wp\/v2\/comments?post=490999"}],"version-history":[{"count":0,"href":"https:\/\/www.europesays.com\/fr\/wp-json\/wp\/v2\/posts\/490999\/revisions"}],"wp:featuredmedia":[{"embeddable":true,"href":"https:\/\/www.europesays.com\/fr\/wp-json\/wp\/v2\/media\/491000"}],"wp:attachment":[{"href":"https:\/\/www.europesays.com\/fr\/wp-json\/wp\/v2\/media?parent=490999"}],"wp:term":[{"taxonomy":"category","embeddable":true,"href":"https:\/\/www.europesays.com\/fr\/wp-json\/wp\/v2\/categories?post=490999"},{"taxonomy":"post_tag","embeddable":true,"href":"https:\/\/www.europesays.com\/fr\/wp-json\/wp\/v2\/tags?post=490999"}],"curies":[{"name":"wp","href":"https:\/\/api.w.org\/{rel}","templated":true}]}}