{"id":491017,"date":"2025-10-26T11:02:11","date_gmt":"2025-10-26T11:02:11","guid":{"rendered":"https:\/\/www.europesays.com\/fr\/491017\/"},"modified":"2025-10-26T11:02:11","modified_gmt":"2025-10-26T11:02:11","slug":"la-chine-dit-etre-parvenue-a-un-consensus-preliminaire-avec-les-etats-unis","status":"publish","type":"post","link":"https:\/\/www.europesays.com\/fr\/491017\/","title":{"rendered":"la Chine dit \u00eatre parvenue \u00e0 un \u00ab\u00a0consensus pr\u00e9liminaire\u00a0\u00bb avec les \u00c9tats-Unis"},"content":{"rendered":"<p>Les \u00c9tats-Unis et la Chine sont parvenus en Malaisie \u00e0 un \u00ab\u00a0consensus pr\u00e9liminaire\u00a0\u00bb pour r\u00e9gler leurs diff\u00e9rends commerciaux, a indiqu\u00e9 ce dimanche 26\u00a0octobre 2025, \u00e0 Kuala Lumpur, l\u2019un des principaux n\u00e9gociateurs chinois, quelques jours avant un entretien entre les dirigeants des deux pays.<\/p>\n<p>\u00ab\u00a0La Chine et les \u00c9tats-Unis ont examin\u00e9 de mani\u00e8re constructive des solutions appropri\u00e9es aux questions qui pr\u00e9occupent les deux parties, parvenant \u00e0 un consensus pr\u00e9liminaire\u00a0\u00bb, a indiqu\u00e9 \u00e0 la presse Li Chenggang, repr\u00e9sentant chinois pour le commerce international et vice-ministre du Commerce, apr\u00e8s deux jours de discussions bilat\u00e9rales dans la capitale malaisienne.<\/p>\n<p>Plus d\u2019informations \u00e0 venir\u2026<\/p>\n","protected":false},"excerpt":{"rendered":"Les \u00c9tats-Unis et la Chine sont parvenus en Malaisie \u00e0 un \u00ab\u00a0consensus pr\u00e9liminaire\u00a0\u00bb pour r\u00e9gler leurs diff\u00e9rends commerciaux,&hellip;\n","protected":false},"author":2,"featured_media":491018,"comment_status":"","ping_status":"","sticky":false,"template":"","format":"standard","meta":{"footnotes":""},"categories":[1589],"tags":[328,11,309,215,75,33,73,1866,329,74,12,316,1864,1865,1863,308],"class_list":{"0":"post-491017","1":"post","2":"type-post","3":"status-publish","4":"format-standard","5":"has-post-thumbnail","7":"category-etats-unis","8":"tag-a-la-une","9":"tag-actualites","10":"tag-chine","11":"tag-commerce","12":"tag-donald-trump","13":"tag-economie","14":"tag-etats-unis","15":"tag-etats-unis-damerique","16":"tag-france-monde","17":"tag-monde","18":"tag-news","19":"tag-politique","20":"tag-united-states","21":"tag-united-states-of-america","22":"tag-us","23":"tag-usa"},"share_on_mastodon":{"url":"https:\/\/pubeurope.com\/@fr\/115440133436466455","error":""},"_links":{"self":[{"href":"https:\/\/www.europesays.com\/fr\/wp-json\/wp\/v2\/posts\/491017","targetHints":{"allow":["GET"]}}],"collection":[{"href":"https:\/\/www.europesays.com\/fr\/wp-json\/wp\/v2\/posts"}],"about":[{"href":"https:\/\/www.europesays.com\/fr\/wp-json\/wp\/v2\/types\/post"}],"author":[{"embeddable":true,"href":"https:\/\/www.europesays.com\/fr\/wp-json\/wp\/v2\/users\/2"}],"replies":[{"embeddable":true,"href":"https:\/\/www.europesays.com\/fr\/wp-json\/wp\/v2\/comments?post=491017"}],"version-history":[{"count":0,"href":"https:\/\/www.europesays.com\/fr\/wp-json\/wp\/v2\/posts\/491017\/revisions"}],"wp:featuredmedia":[{"embeddable":true,"href":"https:\/\/www.europesays.com\/fr\/wp-json\/wp\/v2\/media\/491018"}],"wp:attachment":[{"href":"https:\/\/www.europesays.com\/fr\/wp-json\/wp\/v2\/media?parent=491017"}],"wp:term":[{"taxonomy":"category","embeddable":true,"href":"https:\/\/www.europesays.com\/fr\/wp-json\/wp\/v2\/categories?post=491017"},{"taxonomy":"post_tag","embeddable":true,"href":"https:\/\/www.europesays.com\/fr\/wp-json\/wp\/v2\/tags?post=491017"}],"curies":[{"name":"wp","href":"https:\/\/api.w.org\/{rel}","templated":true}]}}