{"id":491021,"date":"2025-10-26T11:04:18","date_gmt":"2025-10-26T11:04:18","guid":{"rendered":"https:\/\/www.europesays.com\/fr\/491021\/"},"modified":"2025-10-26T11:04:18","modified_gmt":"2025-10-26T11:04:18","slug":"longuenee-en-anjou-des-liens-solides-avec-lallemagne","status":"publish","type":"post","link":"https:\/\/www.europesays.com\/fr\/491021\/","title":{"rendered":"Longuen\u00e9e-en-Anjou. \u00ab\u00a0Des liens solides avec l\u2019Allemagne\u00a0\u00bb"},"content":{"rendered":"<p>entretien<\/p>\n<p>La Maison familiale rurale (MFR) Les Sources, de La Meignanne, a pos\u00e9 une place Erasmus +\u00a0dans ses locaux, vendredi 17\u00a0octobre. Plusieurs personnalit\u00e9s ont assist\u00e9 \u00e0 la c\u00e9r\u00e9monie\u00a0: Jean-Pierre H\u00e9b\u00e9, maire de Longuen\u00e9e-en-Anjou, Ad\u00e9la\u00efde Rouger Ducos, repr\u00e9sentante de la F\u00e9d\u00e9ration des MFR 49, Th\u00e9r\u00e9sia Brickwedde, coordinatrice et pr\u00e9sidente du jumelage Alfhausen \u2013 Longuen\u00e9e et d\u2019un membre du comit\u00e9 de jumelage de Longuen\u00e9e-en-Anjou. Lo\u00efc Letourneux, directeur de la MFR, raconte l\u2019\u00e9v\u00e9nement.<\/p>\n<p><strong>Comment avez-vous obtenu cette distinction\u00a0?<\/strong><\/p>\n<p><strong>Lo\u00efc Letourneux\u00a0:<\/strong> \u00ab\u00a0Depuis plusieurs ann\u00e9es, La MFR de La Meignanne favorise la mobilit\u00e9 europ\u00e9enne des jeunes notamment de nos terminales bac pro Sapat, qui participent au projet Erasmus +. Pendant 14\u00a0jours, les jeunes vont en stage aupr\u00e8s de jeunes enfants ou de personnes d\u00e9pendantes et r\u00e9alisent des visites culturelles en Allemagne, \u00e0 proximit\u00e9 d\u2019Alfausen. Ces s\u00e9jours sont de v\u00e9ritables sources de d\u00e9couvertes professionnelles et culturelles, le jeune apportant autant qu\u2019il apprend. Erasmus +,\u00a0en lien avec notre f\u00e9d\u00e9ration d\u00e9partementale, nous a sollicit\u00e9s afin de valoriser nos actions.\u00a0\u00bb<\/p>\n<p><strong>Qu\u2019est-ce que cela repr\u00e9sente pour vous \u00e0 la MFR\u00a0?<\/strong><\/p>\n<p>\u00ab\u00a0Cette distinction est l\u2019aboutissement d\u2019un travail collaboratif et territorial de longue date. C\u2019est une vraie fiert\u00e9 pour la MFR de La Meignanne, notamment au regard de l\u2019\u00e9norme travail r\u00e9alis\u00e9 par notre \u00e9quipe p\u00e9dagogique et administrative. Derri\u00e8re cette distinction et l\u2019appui d\u2019Erasmus +, il y a une \u00e9quipe. Sans quoi, ces s\u00e9jours n\u2019auraient pas lieu depuis plusieurs ann\u00e9es. Je tiens tout particuli\u00e8rement \u00e0 remercier l\u2019ensemble de la MFR de La Meignanne et plus particuli\u00e8rement Audrey Bonjour (secr\u00e9taire), Anne Bellier-Pottier (formatrice), Ad\u00e9la\u00efde Rouger Ducos (animatrice de la f\u00e9d\u00e9ration d\u00e9partementale des MFR 49) pour sa coordination et son appui. La plaque tournante de ces projets de mobilit\u00e9 Erasmus +\u00a0en Allemagne est Th\u00e9r\u00e9sia Brickwedde, coordinatrice et pr\u00e9sidente du jumelage d\u2019Alfhausen \u2013 Longuen\u00e9e). Sans elle, les liens, l\u2019organisation et les \u00e9changes avec les diff\u00e9rents interlocuteurs allemands et notamment les ma\u00eetres de stage seraient difficiles voire impossibles. Je la remercie donc tr\u00e8s chaleureusement.\u00a0\u00bb<\/p>\n<p><strong>Depuis quand ont lieu les \u00e9changes avec Alfhausen\u00a0?<\/strong><\/p>\n<p>\u00ab\u00a0Depuis pr\u00e8s de 10\u00a0ans. Gr\u00e2ce au comit\u00e9 de jumelage de La Meignanne, nous avons pu \u00e0 la fois tisser des liens fid\u00e8les et solides avec Th\u00e9r\u00e9sia mais aussi b\u00e9n\u00e9ficier et renforcer les liens franco-allemands et plus particuli\u00e8rement le lien La Meignanne \u2013 Alfhausen. Cette dynamique va dans le sens des valeurs d\u00e9fendues par la MFR de La Meignanne, \u00e0 savoir l\u2019ancrage territorial et l\u2019ouverture au monde et aux autres.\u00a0\u00bb<\/p>\n<p>\u00a0<\/p>\n","protected":false},"excerpt":{"rendered":"entretien La Maison familiale rurale (MFR) Les Sources, de La Meignanne, a pos\u00e9 une place Erasmus +\u00a0dans ses&hellip;\n","protected":false},"author":2,"featured_media":491022,"comment_status":"","ping_status":"","sticky":false,"template":"","format":"standard","meta":{"footnotes":""},"categories":[1587],"tags":[11,672,1438,1804,1805,1803,1777,674,1801,32595,61368,12,1802,61369],"class_list":{"0":"post-491021","1":"post","2":"type-post","3":"status-publish","4":"format-standard","5":"has-post-thumbnail","7":"category-allemagne","8":"tag-actualites","9":"tag-allemagne","10":"tag-angers","11":"tag-bundesrepublik-deutschland","12":"tag-de","13":"tag-deutschland","14":"tag-eu","15":"tag-europe","16":"tag-germany","17":"tag-liens","18":"tag-longuenee-en-anjou","19":"tag-news","20":"tag-republique-federale-dallemagne","21":"tag-solides"},"share_on_mastodon":{"url":"https:\/\/pubeurope.com\/@fr\/115440141414403120","error":""},"_links":{"self":[{"href":"https:\/\/www.europesays.com\/fr\/wp-json\/wp\/v2\/posts\/491021","targetHints":{"allow":["GET"]}}],"collection":[{"href":"https:\/\/www.europesays.com\/fr\/wp-json\/wp\/v2\/posts"}],"about":[{"href":"https:\/\/www.europesays.com\/fr\/wp-json\/wp\/v2\/types\/post"}],"author":[{"embeddable":true,"href":"https:\/\/www.europesays.com\/fr\/wp-json\/wp\/v2\/users\/2"}],"replies":[{"embeddable":true,"href":"https:\/\/www.europesays.com\/fr\/wp-json\/wp\/v2\/comments?post=491021"}],"version-history":[{"count":0,"href":"https:\/\/www.europesays.com\/fr\/wp-json\/wp\/v2\/posts\/491021\/revisions"}],"wp:featuredmedia":[{"embeddable":true,"href":"https:\/\/www.europesays.com\/fr\/wp-json\/wp\/v2\/media\/491022"}],"wp:attachment":[{"href":"https:\/\/www.europesays.com\/fr\/wp-json\/wp\/v2\/media?parent=491021"}],"wp:term":[{"taxonomy":"category","embeddable":true,"href":"https:\/\/www.europesays.com\/fr\/wp-json\/wp\/v2\/categories?post=491021"},{"taxonomy":"post_tag","embeddable":true,"href":"https:\/\/www.europesays.com\/fr\/wp-json\/wp\/v2\/tags?post=491021"}],"curies":[{"name":"wp","href":"https:\/\/api.w.org\/{rel}","templated":true}]}}