{"id":491035,"date":"2025-10-26T11:13:10","date_gmt":"2025-10-26T11:13:10","guid":{"rendered":"https:\/\/www.europesays.com\/fr\/491035\/"},"modified":"2025-10-26T11:13:10","modified_gmt":"2025-10-26T11:13:10","slug":"atp-sinner-menage-le-suspens-sur-son-avenir-en-2026-cest-une-question-a-laquelle-je-ne-peux-pas-encore-repondre-cest-un-sujet-que-nous-navons-pas-encore-aborde-en-detail","status":"publish","type":"post","link":"https:\/\/www.europesays.com\/fr\/491035\/","title":{"rendered":"ATP > Sinner m\u00e9nage le suspens sur son avenir en 2026 : \u00ab\u00a0C&rsquo;est une question \u00e0 laquelle je ne peux pas encore r\u00e9pondre. C&rsquo;est un sujet que nous n&rsquo;avons pas encore abord\u00e9 en d\u00e9tail\u00a0\u00bb"},"content":{"rendered":"<p>La ques\u00adtion de savoir si Daren Cahill va stopper sa colla\u00adbo\u00adra\u00adtion avec Jannik \u00e0 la fin de l\u2019ann\u00e9e n\u2019est pas encore prise. Il \u00e9tait m\u00eame ques\u00adtion \u00e0 un moment que l\u2019Australien prolonge jusqu\u2019\u00e0 fin 2026. Interrog\u00e9 sur son futur choix, l\u2019Italien a un peu bott\u00e9 en touche.<\/p>\n<p>\u00ab\u202f<strong>C\u2019est une ques\u00adtion \u00e0 laquelle je ne peux pas encore r\u00e9pondre. C\u2019est un sujet que nous n\u2019avons pas encore abord\u00e9 en d\u00e9tail. Darren m\u2019a beau\u00adcoup apport\u00e9, et je lui en suis recon\u00adnais\u00adsant. Nous verrons ce que nous ferons ensemble\u202f; il n\u2019\u00e9tait pas seule\u00adment un entra\u00ee\u00adneur pour moi, il \u00e9tait bien plus que cela. Cependant, il faut comprendre qu\u2019il a d\u00e9j\u00e0 60\u00a0ans et qu\u2019il occupe ce poste depuis long\u00adtemps, alors nous verrons ce que nous pouvons faire. Vagnozzi et moi n\u2019avons pas encore discut\u00e9 du choix de l\u2019en\u00adtra\u00ee\u00adneur adjoint, m\u00eame si c\u2019est certai\u00adne\u00adment n\u00e9ces\u00adsaire car il est impor\u00adtant pour Simone d\u2019avoir du temps libre. Nous en discu\u00adte\u00adrons et d\u00e9ci\u00adde\u00adrons ensuite serei\u00adne\u00adment<\/strong>\u202f\u00bb<\/p>\n<p class=\"post-published-date\" style=\"color: silver; font-size: 75%; text-align: left;\">Publi\u00e9 le dimanche 26 octobre 2025 \u00e0 10:56<\/p>\n","protected":false},"excerpt":{"rendered":"La ques\u00adtion de savoir si Daren Cahill va stopper sa colla\u00adbo\u00adra\u00adtion avec Jannik \u00e0 la fin de l\u2019ann\u00e9e&hellip;\n","protected":false},"author":2,"featured_media":236471,"comment_status":"","ping_status":"","sticky":false,"template":"","format":"standard","meta":{"footnotes":""},"categories":[1415],"tags":[1011,27,2127,60,1467],"class_list":{"0":"post-491035","1":"post","2":"type-post","3":"status-publish","4":"format-standard","5":"has-post-thumbnail","7":"category-tennis","8":"tag-fr","9":"tag-france","10":"tag-sinner","11":"tag-sports","12":"tag-tennis"},"share_on_mastodon":{"url":"https:\/\/pubeurope.com\/@fr\/115440176558583989","error":""},"_links":{"self":[{"href":"https:\/\/www.europesays.com\/fr\/wp-json\/wp\/v2\/posts\/491035","targetHints":{"allow":["GET"]}}],"collection":[{"href":"https:\/\/www.europesays.com\/fr\/wp-json\/wp\/v2\/posts"}],"about":[{"href":"https:\/\/www.europesays.com\/fr\/wp-json\/wp\/v2\/types\/post"}],"author":[{"embeddable":true,"href":"https:\/\/www.europesays.com\/fr\/wp-json\/wp\/v2\/users\/2"}],"replies":[{"embeddable":true,"href":"https:\/\/www.europesays.com\/fr\/wp-json\/wp\/v2\/comments?post=491035"}],"version-history":[{"count":0,"href":"https:\/\/www.europesays.com\/fr\/wp-json\/wp\/v2\/posts\/491035\/revisions"}],"wp:featuredmedia":[{"embeddable":true,"href":"https:\/\/www.europesays.com\/fr\/wp-json\/wp\/v2\/media\/236471"}],"wp:attachment":[{"href":"https:\/\/www.europesays.com\/fr\/wp-json\/wp\/v2\/media?parent=491035"}],"wp:term":[{"taxonomy":"category","embeddable":true,"href":"https:\/\/www.europesays.com\/fr\/wp-json\/wp\/v2\/categories?post=491035"},{"taxonomy":"post_tag","embeddable":true,"href":"https:\/\/www.europesays.com\/fr\/wp-json\/wp\/v2\/tags?post=491035"}],"curies":[{"name":"wp","href":"https:\/\/api.w.org\/{rel}","templated":true}]}}