{"id":491036,"date":"2025-10-26T11:17:13","date_gmt":"2025-10-26T11:17:13","guid":{"rendered":"https:\/\/www.europesays.com\/fr\/491036\/"},"modified":"2025-10-26T11:17:13","modified_gmt":"2025-10-26T11:17:13","slug":"cyclisme-transfert-sonny-colbrelli-et-bahrain-victorious-cest-termine","status":"publish","type":"post","link":"https:\/\/www.europesays.com\/fr\/491036\/","title":{"rendered":"Cyclisme. Transfert &#8211; Sonny Colbrelli et Bahrain Victorious, c&rsquo;est termin\u00e9"},"content":{"rendered":"<p>L\u2019Italien <strong>Sonny Colbrelli<\/strong> met fin \u00e0 son r\u00f4le de directeur sportif chez <strong><a href=\"https:\/\/www.cyclismactu.net\/..\/news-transfert-route-bahrain-victorious-fait-passer-pro-vainqueur-du-giro-next-gen-2025-90293.html\" target=\"_blank\" rel=\"noopener\">Bahrain Victorious<\/a><\/strong> apr\u00e8s plus de trois saisons pass\u00e9es \u00e0 encadrer l\u2019\u00e9quipe. Ancien vainqueur de <strong><a href=\"https:\/\/www.cyclismactu.net\/..\/\" target=\"_blank\" rel=\"noopener\">Paris-Roubaix<\/a><\/strong>\u00a0et <strong>Champion d\u2019Europe <\/strong>en 2021, l&rsquo;Italien avait rejoint le staff en 2022 apr\u00e8s sa retraite forc\u00e9e suite \u00e0 des probl\u00e8mes cardiaques. Il sera remplac\u00e9 par <strong>Enrico Gasparotto<\/strong>, double vainqueur de l\u2019<strong>Amstel Gold Race<\/strong>, qui rejoint l\u2019\u00e9quipe bahre\u00efnie apr\u00e8s quatre saisons chez <strong><strong><a href=\"https:\/\/www.cyclismactu.net\/..\/news-transfert-route-la-red-bull-bora-hansgrohe-rookies-avec-une-equipe-ultra-solide-en-2026-90648.html\" target=\"_blank\" rel=\"noopener\">Red Bull-BORA-hansgrohe<\/a><\/strong><\/strong>.<\/p>\n<p>Vid\u00e9o &#8211; Lenny a lev\u00e9 8 fois les bras sous la tutelle de Colbrelli Lire la suite de l&rsquo;article&#13;<\/p>\n<p>\u00a0<\/p>\n<p>&#13;<br \/>\nLa Bahrain Victorious veut se relancer&#13;<\/p>\n<p>Sous la direction de <strong>Colbrelli<\/strong>, <strong>Bahrain Victorious<\/strong> a connu une saison 2025 marqu\u00e9e par des performances solides, avec notamment une 5e place au <strong>Giro d\u2019Italia<\/strong> pour <strong>Damiano Caruso<\/strong> et une 2e place au classement par \u00e9quipes derri\u00e8re <strong>UAE Team Emirates-XRG<\/strong>. Cependant, l\u2019\u00e9quipe a termin\u00e9 l\u2019ann\u00e9e \u00e0 la 10e place du classement UCI par \u00e9quipes, avec seulement huit victoires, dont la moiti\u00e9 obtenues par le jeune Fran\u00e7ais <strong>Lenny Martinez<\/strong>.<\/p>\n<p>&#13;<\/p>\n<p>L\u2019arriv\u00e9e de <strong>Gasparotto<\/strong>, ancien coureur professionnel et double vainqueur de l\u2019<strong>Amstel Gold Race<\/strong>, est per\u00e7ue comme un renouveau strat\u00e9gique pour l\u2019\u00e9quipe. <strong>Gasparotto<\/strong>, qui a quitt\u00e9 <strong><strong><strong>Red Bull-BORA-hansgrohe<\/strong><\/strong><\/strong> apr\u00e8s quatre saisons, apportera son expertise acquise aux c\u00f4t\u00e9s de leaders tels que <strong>Primo\u017e Rogli\u010d<\/strong> et <strong>Jai Hindley<\/strong>. Son exp\u00e9rience sera cruciale pour encadrer les talents \u00e9mergents de l\u2019\u00e9quipe, notamment <strong>Lenny Martinez<\/strong>, <strong>Damiano Caruso<\/strong>, <strong>Antonio Tiberi<\/strong> et <strong>Santiago Buitrago<\/strong>, qui devraient constituer le noyau dur de la\u00a0<strong>Bahrain Victorious<\/strong> pour la saison 2026.<\/p>\n","protected":false},"excerpt":{"rendered":"L\u2019Italien Sonny Colbrelli met fin \u00e0 son r\u00f4le de directeur sportif chez Bahrain Victorious apr\u00e8s plus de trois&hellip;\n","protected":false},"author":2,"featured_media":491037,"comment_status":"","ping_status":"","sticky":false,"template":"","format":"standard","meta":{"footnotes":""},"categories":[1411],"tags":[1154,207,211,1011,27,209,60,210,969,212,208,213],"class_list":{"0":"post-491036","1":"post","2":"type-post","3":"status-publish","4":"format-standard","5":"has-post-thumbnail","7":"category-cyclisme","8":"tag-cycling","9":"tag-cyclisme","10":"tag-ffc","11":"tag-fr","12":"tag-france","13":"tag-route","14":"tag-sports","15":"tag-tour-de-france","16":"tag-transfert","17":"tag-uci","18":"tag-velo","19":"tag-world-tour"},"share_on_mastodon":{"url":"https:\/\/pubeurope.com\/@fr\/115440192315188227","error":""},"_links":{"self":[{"href":"https:\/\/www.europesays.com\/fr\/wp-json\/wp\/v2\/posts\/491036","targetHints":{"allow":["GET"]}}],"collection":[{"href":"https:\/\/www.europesays.com\/fr\/wp-json\/wp\/v2\/posts"}],"about":[{"href":"https:\/\/www.europesays.com\/fr\/wp-json\/wp\/v2\/types\/post"}],"author":[{"embeddable":true,"href":"https:\/\/www.europesays.com\/fr\/wp-json\/wp\/v2\/users\/2"}],"replies":[{"embeddable":true,"href":"https:\/\/www.europesays.com\/fr\/wp-json\/wp\/v2\/comments?post=491036"}],"version-history":[{"count":0,"href":"https:\/\/www.europesays.com\/fr\/wp-json\/wp\/v2\/posts\/491036\/revisions"}],"wp:featuredmedia":[{"embeddable":true,"href":"https:\/\/www.europesays.com\/fr\/wp-json\/wp\/v2\/media\/491037"}],"wp:attachment":[{"href":"https:\/\/www.europesays.com\/fr\/wp-json\/wp\/v2\/media?parent=491036"}],"wp:term":[{"taxonomy":"category","embeddable":true,"href":"https:\/\/www.europesays.com\/fr\/wp-json\/wp\/v2\/categories?post=491036"},{"taxonomy":"post_tag","embeddable":true,"href":"https:\/\/www.europesays.com\/fr\/wp-json\/wp\/v2\/tags?post=491036"}],"curies":[{"name":"wp","href":"https:\/\/api.w.org\/{rel}","templated":true}]}}