{"id":491044,"date":"2025-10-26T11:22:12","date_gmt":"2025-10-26T11:22:12","guid":{"rendered":"https:\/\/www.europesays.com\/fr\/491044\/"},"modified":"2025-10-26T11:22:12","modified_gmt":"2025-10-26T11:22:12","slug":"qui-sont-les-invites-de-frederic-lopez-ce-dimanche-26-octobre-2025","status":"publish","type":"post","link":"https:\/\/www.europesays.com\/fr\/491044\/","title":{"rendered":"qui sont les invit\u00e9s de Fr\u00e9d\u00e9ric Lopez ce dimanche 26 octobre 2025 ?"},"content":{"rendered":"<p>    Fr\u00e9d\u00e9ric \u00e0 la t\u00eate d\u2019\u00abUn dimanche \u00e0 la campagne\u00bb sur France 2<br \/>\n                Ingrid MARESKI &#8211; France T\u00e9l\u00e9visions<\/p>\n<p>\n    Ce dimanche, l\u2019animateur re\u00e7oit trois nouvelles personnalit\u00e9s qui reviendront sur leur parcours mais surtout sur leur histoire personnelle forte.<\/p>\n<p class=\"fig-paragraph\">C\u2019est le rendez-vous dominical devenu incontournable. \u00ab<a href=\"http:\/\/tvmag.lefigaro.fr\/programme-tv\/people\/je-suis-une-amoureuse-un-peu-compliquee-shy-m-se-confie-sur-sa-vie-privee-dans-un-dimanche-a-la-campagne-20251005\" target=\"_blank\" data-fig-type=\"Article\" rel=\"noopener nofollow\" data-gtm-custom-categorie=\"navigation\" data-gtm-custom-action=\"crossclick\" data-gtm-custom-label=\"Contextuel\" data-gtm-event=\"customEventSPE\" data-fig-domain=\"TVMAG\">Une dimanche \u00e0 la campagne<\/a>\u00bb, programme t\u00e9l\u00e9vis\u00e9 dans lequel\u00a0<a href=\"http:\/\/tvmag.lefigaro.fr\/programme-tv\/actu-tele\/je-suis-tres-emu-revelations-de-frederic-lopez-sur-instagram-20250824\" target=\"_blank\" data-fig-type=\"Article\" rel=\"noopener nofollow\" data-gtm-custom-categorie=\"navigation\" data-gtm-custom-action=\"crossclick\" data-gtm-custom-label=\"Contextuel\" data-gtm-event=\"customEventSPE\" data-fig-domain=\"TVMAG\">Fr\u00e9d\u00e9ric Lopez<\/a>\u00a0invite trois personnalit\u00e9s \u00e0 passer le week-end en sa compagnie. Des rencontres souvent propices aux confidences, que ce soit sur la barque menant \u00e0 la propri\u00e9t\u00e9, dans le grenier de la maison ou la cuisine lors de la pr\u00e9paration du d\u00eener ou au petit-d\u00e9jeuner.<\/p>\n<p class=\"fig-paragraph\">Ce samedi 25 octobre, l\u2019ancien animateur de \u00abRendez-vous en terre inconnue\u00bb re\u00e7oit la chanteuse\u00a0<a href=\"http:\/\/tvmag.lefigaro.fr\/programme-tv\/actu-tele\/soupcon-de-triche-retrouvailles-de-nouvelle-star-d-amel-bent-fou-rire-incontrole-ce-qu-il-faut-retenir-des-auditions-a-l-aveugle-de-the-voice-20230312\" target=\"_blank\" data-fig-type=\"Article\" rel=\"noopener nofollow\" data-gtm-custom-categorie=\"navigation\" data-gtm-custom-action=\"crossclick\" data-gtm-custom-label=\"Contextuel\" data-gtm-event=\"customEventSPE\" data-fig-domain=\"TVMAG\"><strong>Amel Bent<\/strong><\/a>, le com\u00e9dien\u00a0<a href=\"http:\/\/tvmag.lefigaro.fr\/programme-tv\/actu-tele\/j-ai-gache-les-vacances-de-ma-femme-florent-peyre-raconte-son-premier-voyage-en-guadeloupe-20241120\" target=\"_blank\" data-fig-type=\"Article\" rel=\"noopener nofollow\" data-gtm-custom-categorie=\"navigation\" data-gtm-custom-action=\"crossclick\" data-gtm-custom-label=\"Contextuel\" data-gtm-event=\"customEventSPE\" data-fig-domain=\"TVMAG\"><strong>Florent Peyre<\/strong><\/a> \u00a0et l\u2019entrepreneuse\u00a0<a href=\"http:\/\/tvmag.lefigaro.fr\/programme-tv\/actu-tele\/il-faut-s-inspirer-du-modele-trump-musk-en-france-estiment-eric-larcheveque-et-kelly-massol-20250312\" target=\"_blank\" data-fig-type=\"Article\" rel=\"noopener nofollow\" data-gtm-custom-categorie=\"navigation\" data-gtm-custom-action=\"crossclick\" data-gtm-custom-label=\"Contextuel\" data-gtm-event=\"customEventSPE\" data-fig-domain=\"TVMAG\">Kelly Massol<\/a>. La premi\u00e8re, qui \u00e9tait sur le plateau de la \u00abStar Academy\u00bb samedi soir sur TF1, est en promotion pour la tourn\u00e9e qui c\u00e9l\u00e8bre ses 20 ans de carri\u00e8re. Elle se produira d\u2019ailleurs \u00e0 l\u2019Accor Arena (Bercy) le 29 avril 2026. Aux c\u00f4t\u00e9s de\u00a0<a href=\"http:\/\/tvmag.lefigaro.fr\/programme-tv\/people\/une-histoire-dont-j-ignorais-l-issue-nikos-aliagas-24-ans-jour-pour-jour-a-l-animation-de-star-academy-20251021\" target=\"_blank\" data-fig-type=\"Article\" rel=\"noopener nofollow\" data-gtm-custom-categorie=\"navigation\" data-gtm-custom-action=\"crossclick\" data-gtm-custom-label=\"Contextuel\" data-gtm-event=\"customEventSPE\" data-fig-domain=\"TVMAG\">Nikos Aliagas<\/a>, hier soir, elle a \u00e9galement laiss\u00e9 sous-entendre qu\u2019elle ferait son grand retour dans le jury de \u00abThe Voice\u00bb l\u2019ann\u00e9e prochaine. L\u2019interpr\u00e8te de Ma philosophie r\u00e9v\u00e9l\u00e9e dans \u00abNouvelle Star\u00bb avait particip\u00e9 \u00e0 quatre saisons du t\u00e9l\u00e9-crochet, de la neuvi\u00e8me \u00e0 la douzi\u00e8me \u00e9dition, entre 2020 et 2023.<\/p>\n<p class=\"fig-body-link\">\n            \u00c0 lire aussi<br \/>\n        <a class=\"fig-body-link__link\" href=\"http:\/\/tvmag.lefigaro.fr\/programme-tv\/actu-tele\/l-erreur-du-prof-ce-theatre-des-fausses-notes-mehdi-elimine-ce-qu-il-faut-retenir-du-2e-prime-de-star-academy-20251026\" target=\"_blank\" data-fig-type=\"Article\" rel=\"noopener nofollow\" data-gtm-custom-categorie=\"navigation\" data-gtm-custom-action=\"crossclick\" data-gtm-custom-label=\"Contextuel\" data-gtm-event=\"customEventSPE\" data-fig-domain=\"TVMAG\"><\/p>\n<p>        L\u2019erreur du prof de th\u00e9\u00e2tre, des fausses notes, Mehdi \u00e9limin\u00e9&#8230; Ce qu\u2019il faut retenir du 2e prime de \u00abStar Academy\u00bb<br \/>\n    <\/a>\n<\/p>\n<p>                                    <a class=\"fig-a11y-skip a11y-hidden\" href=\"#fig-a11y-skip-main-inarticle\"><br \/>\n        Passer la publicit\u00e9<br \/>\n    <\/a><\/p>\n<p class=\"fig-paragraph\">R\u00e9v\u00e9l\u00e9 dans \u00ab<a href=\"http:\/\/tvmag.lefigaro.fr\/programme-tv\/ce-soir-tele\/ca-pouvait-etre-tres-violent-nicole-ferroni-se-confie-sur-ses-debuts-dans-on-n-demande-qu-a-en-rire-20250613\" target=\"_blank\" data-fig-type=\"Article\" rel=\"noopener nofollow\" data-gtm-custom-categorie=\"navigation\" data-gtm-custom-action=\"crossclick\" data-gtm-custom-label=\"Contextuel\" data-gtm-event=\"customEventSPE\" data-fig-domain=\"TVMAG\">On n\u2019demande qu\u2019\u00e0 en rire<\/a>\u00bb et vu ensuite dans \u00ab<a href=\"http:\/\/tvmag.lefigaro.fr\/programme-tv\/people\/c-est-ecoeurant-victime-de-grossophobie-dans-danse-avec-les-stars-lola-dubini-s-en-prend-a-tf1-20251022\" target=\"_blank\" data-fig-type=\"Article\" rel=\"noopener nofollow\" data-gtm-custom-categorie=\"navigation\" data-gtm-custom-action=\"crossclick\" data-gtm-custom-label=\"Contextuel\" data-gtm-event=\"customEventSPE\" data-fig-domain=\"TVMAG\">Danse avec les stars<\/a>\u00bb, Florent Peyre est lui \u00e0 l\u2019affiche de la com\u00e9die musicale Les Producteurs au th\u00e9\u00e2tre de Paris. Une pi\u00e8ce produite par le multir\u00e9compens\u00e9\u00a0<a href=\"http:\/\/tvmag.lefigaro.fr\/programme-tv\/ce-soir-tele\/l-appel-du-large-de-fabrice-amedeo-a-alexis-michalik-20241026\" target=\"_blank\" data-fig-type=\"Article\" rel=\"noopener nofollow\" data-gtm-custom-categorie=\"navigation\" data-gtm-custom-action=\"crossclick\" data-gtm-custom-label=\"Contextuel\" data-gtm-event=\"customEventSPE\" data-fig-domain=\"TVMAG\">Alexis Michalik<\/a>\u00a0(Edmond, Une histoire d\u2019amour).<\/p>\n<p class=\"fig-paragraph\">Enfin Kelly Massol, r\u00e9v\u00e9l\u00e9e dans l\u2019\u00e9mission \u00ab<a href=\"http:\/\/www.lefigaro.fr\/societes\/qui-veut-etre-mon-associe-ces-entreprises-qui-ont-connu-un-succes-retentissant-apres-leur-passage-dans-l-emission-20250215\" target=\"_blank\" data-fig-type=\"Article\" rel=\"noopener nofollow\" data-gtm-custom-categorie=\"navigation\" data-gtm-custom-action=\"crossclick\" data-gtm-custom-label=\"Contextuel\" data-gtm-event=\"customEventSPE\" data-fig-domain=\"LEFIGARO\">Qui veut \u00eatre mon associ\u00e9\u00a0?<\/a>\u00bb sur M6, \u00e9voquera sa success story. Elle a fond\u00e9 la marque de produits cosm\u00e9tiques et capillaires Les Secrets de Lolly. Nul doute que Fr\u00e9d\u00e9ric Lopez abordera son histoire familiale particuli\u00e8rement forte. Un p\u00e8re dealer, une m\u00e8re qui l\u2019abandonne \u00e0 l\u2019\u00e2ge de 6 mois, Kelly Massol a \u00e9t\u00e9 \u00e9lev\u00e9e par sa grand-m\u00e8re jusqu\u2019\u00e0 ses 11 ans dans un 15 m\u00e8tres carr\u00e9s \u00e0 Pigalle, avec toilettes et douche sur le palier.<\/p>\n<p class=\"fig-paragraph\">L\u2019id\u00e9e de sa marque lui est venue pendant ses \u00e9tudes, alors qu\u2019elle bataille pour dompter ses cheveux boucl\u00e9s. \u00c0 l\u2019\u00e9poque, impossible de trouver des produits ad\u00e9quats qui n\u2019ab\u00eement pas la texture de sa chevelure. Elle va donc en imaginer et en fabriquer dans sa cuisine\u00a0! Quinze ans apr\u00e8s, son entreprise sera valoris\u00e9e \u00e0 70 millions d\u2019euros.<\/p>\n","protected":false},"excerpt":{"rendered":"Fr\u00e9d\u00e9ric \u00e0 la t\u00eate d\u2019\u00abUn dimanche \u00e0 la campagne\u00bb sur France 2 Ingrid MARESKI &#8211; France T\u00e9l\u00e9visions Ce&hellip;\n","protected":false},"author":2,"featured_media":491045,"comment_status":"","ping_status":"","sticky":false,"template":"","format":"standard","meta":{"footnotes":""},"categories":[1356],"tags":[20546,58,59,59627,1011,27,9481,252,1364],"class_list":{"0":"post-491044","1":"post","2":"type-post","3":"status-publish","4":"format-standard","5":"has-post-thumbnail","7":"category-television","8":"tag-amel-bent","9":"tag-divertissement","10":"tag-entertainment","11":"tag-florent-peyre","12":"tag-fr","13":"tag-france","14":"tag-frederic-lopez","15":"tag-television","16":"tag-tv"},"share_on_mastodon":{"url":"https:\/\/pubeurope.com\/@fr\/115440212228138554","error":""},"_links":{"self":[{"href":"https:\/\/www.europesays.com\/fr\/wp-json\/wp\/v2\/posts\/491044","targetHints":{"allow":["GET"]}}],"collection":[{"href":"https:\/\/www.europesays.com\/fr\/wp-json\/wp\/v2\/posts"}],"about":[{"href":"https:\/\/www.europesays.com\/fr\/wp-json\/wp\/v2\/types\/post"}],"author":[{"embeddable":true,"href":"https:\/\/www.europesays.com\/fr\/wp-json\/wp\/v2\/users\/2"}],"replies":[{"embeddable":true,"href":"https:\/\/www.europesays.com\/fr\/wp-json\/wp\/v2\/comments?post=491044"}],"version-history":[{"count":0,"href":"https:\/\/www.europesays.com\/fr\/wp-json\/wp\/v2\/posts\/491044\/revisions"}],"wp:featuredmedia":[{"embeddable":true,"href":"https:\/\/www.europesays.com\/fr\/wp-json\/wp\/v2\/media\/491045"}],"wp:attachment":[{"href":"https:\/\/www.europesays.com\/fr\/wp-json\/wp\/v2\/media?parent=491044"}],"wp:term":[{"taxonomy":"category","embeddable":true,"href":"https:\/\/www.europesays.com\/fr\/wp-json\/wp\/v2\/categories?post=491044"},{"taxonomy":"post_tag","embeddable":true,"href":"https:\/\/www.europesays.com\/fr\/wp-json\/wp\/v2\/tags?post=491044"}],"curies":[{"name":"wp","href":"https:\/\/api.w.org\/{rel}","templated":true}]}}