{"id":491046,"date":"2025-10-26T11:23:11","date_gmt":"2025-10-26T11:23:11","guid":{"rendered":"https:\/\/www.europesays.com\/fr\/491046\/"},"modified":"2025-10-26T11:23:11","modified_gmt":"2025-10-26T11:23:11","slug":"ne-pas-me-reveiller-sans-langue-de-bois-veronique-sanson-evoque-le-sujet-douloureux-de-la-mort","status":"publish","type":"post","link":"https:\/\/www.europesays.com\/fr\/491046\/","title":{"rendered":"\u00ab\u00a0Ne pas me r\u00e9veiller\u00a0\u00bb : sans langue de bois, V\u00e9ronique Sanson \u00e9voque le sujet douloureux de la mort"},"content":{"rendered":"<p>Ce samedi 25 octobre, la <a href=\"https:\/\/www.closermag.fr\/people\/veronique-sanson-pneumonie-inflammation-de-lintestinla-chanteuse-confrontee-a-de-gros-problemes-de-sante-3583097\" target=\"_blank\" rel=\"noopener\"><br \/>\nchanteuse V\u00e9ronique Sanson<\/a> \u00e9tait l\u2019invit\u00e9e de RTL pour un<br \/>\nentretien \u00e0 c\u0153ur ouvert avec <a href=\"https:\/\/www.closermag.fr\/people\/augustin-trapenard-est-il-en-couple-3583602\" target=\"_blank\" rel=\"noopener\"><br \/>\nAugustin Trapenard<\/a>. <a href=\"https:\/\/www.closermag.fr\/people\/veronique-sanson-qui-est-christian-meilhan-son-ancien-parrain-aux-alcooliques-anonymes-et-son-dernier-compagnon-en-date-3583101\" target=\"_blank\" rel=\"noopener\"><br \/>\nL\u2019artiste de 76 ans<\/a>, vive et spontan\u00e9e, a accept\u00e9 de se pr\u00eater<br \/>\nau jeu des <strong>questions-r\u00e9ponses<\/strong> rapides et<br \/>\nal\u00e9atoires. Confidences <strong>l\u00e9g\u00e8res<\/strong> et r\u00e9flexions plus<br \/>\n<strong>profondes<\/strong>, la chanteuse s\u2019est livr\u00e9e sur de<br \/>\nnombreux sujets. Son <strong>animal<\/strong> totem, le<br \/>\n<strong>d\u00e9faut<\/strong> qu\u2019elle d\u00e9teste le plus chez les gens ou<br \/>\nencore son <strong>manque de confiance<\/strong> en elle malgr\u00e9 une<br \/>\ncarri\u00e8re de <strong>succ\u00e8s.<\/strong><\/p>\n<p>Mais au d\u00e9tour d\u2019une question, le ton change. Interrog\u00e9e sur la<br \/>\nfa\u00e7on dont elle aimerait <strong>mourir<\/strong>, V\u00e9ronique Sanson<br \/>\nr\u00e9pond sans d\u00e9tour : \u2018\u2018En <strong>dormant<\/strong>.\u2019\u2019<br \/>\nAvant d\u2019ajouter, avec une sinc\u00e9rit\u00e9 d\u00e9sarmante : \u2018\u2018<strong>J\u2019ai<br \/>\nenvie de ne pas me r\u00e9veiller<\/strong>.\u2019\u2019 Une phrase simple,<br \/>\ndouce, mais lourde de sens, qui r\u00e9sume \u00e0 elle seule <strong>son<br \/>\nrapport apais\u00e9 et lucide \u00e0 la mort.<\/strong><\/p>\n<p>\u201cJ\u2019ai envie de ne pas me r\u00e9veiller\u201d : V\u00e9ronique Sanson<br \/>\nparle de la mort avec s\u00e9r\u00e9nit\u00e9<\/p>\n<p>Loin d\u2019en faire un sujet tabou, <a href=\"https:\/\/www.closermag.fr\/people\/jaurais-du-mourir-mille-fois-veronique-sanson-au-bord-des-larmes-face-a-anne-elisabeth-lemoine-3446305\" target=\"_blank\" rel=\"noopener\"><br \/>\nV\u00e9ronique Sanson aborde la mort<\/a> avec une franchise rare. \u00c0 76<br \/>\nans, elle explique ne <strong>pas craindre<\/strong> ce passage,<br \/>\nmais esp\u00e9rer qu\u2019il soit <strong>paisible<\/strong>. \u2018\u2018J\u2019ai tout<br \/>\nsimplement <strong>envie de ne pas me r\u00e9veiller.<\/strong>\u2019\u2019<br \/>\nconfie-t-elle. Une r\u00e9ponse qui rejoint celle de nombreuses<br \/>\npersonnes souhaitant simplement <strong>partir sans souffrance,<br \/>\nsans brutalit\u00e9.<\/strong><\/p>\n<p>Ce n\u2019est pas la premi\u00e8re fois que la chanteuse \u00e9voque le sujet.<br \/>\nEn juin 2024, sur le plateau de C \u00e0 vous, elle en avait<br \/>\nd\u00e9j\u00e0 parl\u00e9. \u2018\u2018Moi, j\u2019aurais <strong>d\u00fb mourir mille<br \/>\nfois,<\/strong> vous savez.\u2019\u2019 Une allusion directe \u00e0<br \/>\n<strong>ses addictions pass\u00e9es et \u00e0 ses \u00e9preuves de sant\u00e9<\/strong><br \/>\nqu\u2019elle a surmont\u00e9es avec force. \u2018\u2018Je fais partie des gens qui<br \/>\nsont <strong>plus g\u00e2t\u00e9s par la nature<\/strong> que<br \/>\nd\u2019autres.\u2019\u2019<\/p>\n<p>\u201cJ\u2019ai mal partout\u201d : entre<br \/>\ndouleurs et passion intacte pour la sc\u00e8ne<\/p>\n<p>Malgr\u00e9 ses <a href=\"https:\/\/www.closermag.fr\/people\/jai-mal-partout-veronique-sanson-cash-sur-son-etat-de-sante-tres-delicat-3583169\" target=\"_blank\" rel=\"noopener\"><br \/>\nsoucis de sant\u00e9, V\u00e9ronique Sanson<\/a> continue de <strong>monter<br \/>\nsur sc\u00e8ne<\/strong>, habit\u00e9e par le m\u00eame <strong>amour de la<br \/>\nmusique.<\/strong> Dans Sept \u00e0 huit, le 28 septembre<br \/>\ndernier sur TF1, elle se confiait sans d\u00e9tour. \u2018\u2018J\u2019ai de<br \/>\n<strong>l\u2019arthrose<\/strong> dans les mains, de<br \/>\n<strong>l\u2019arthrite.<\/strong> Et \u00e7a me fait <strong>mal<\/strong><br \/>\nquand je joue du piano.\u2019\u2019 Un constat lucide mais qui<br \/>\n<strong>ne la freine pas<\/strong>. \u2018\u2018Ce n\u2019est <strong>pas fait<br \/>\npour s\u2019arranger<\/strong>.\u2019\u2019 admet-elle avec son franc-parler<br \/>\nhabituel. Mais pour elle, la <strong>sc\u00e8ne reste sa plus grande<br \/>\nsource de joie.<\/strong><\/p>\n<p>Toujours en <strong>tourn\u00e9e<\/strong> avec son spectacle J\u2019ai<br \/>\neu envie de vous revoir, l\u2019interpr\u00e8te d\u2019Amoureuse<br \/>\nprouve que, malgr\u00e9 les ann\u00e9es et la <strong>douleur<\/strong>, sa<br \/>\n<strong>passion l\u2019emporte sur la peur.<\/strong><\/p>\n","protected":false},"excerpt":{"rendered":"Ce samedi 25 octobre, la chanteuse V\u00e9ronique Sanson \u00e9tait l\u2019invit\u00e9e de RTL pour un entretien \u00e0 c\u0153ur ouvert&hellip;\n","protected":false},"author":2,"featured_media":491047,"comment_status":"","ping_status":"","sticky":false,"template":"","format":"standard","meta":{"footnotes":""},"categories":[1355],"tags":[58,59,1011,27,1361,873,15151],"class_list":{"0":"post-491046","1":"post","2":"type-post","3":"status-publish","4":"format-standard","5":"has-post-thumbnail","7":"category-musique","8":"tag-divertissement","9":"tag-entertainment","10":"tag-fr","11":"tag-france","12":"tag-music","13":"tag-musique","14":"tag-veronique-sanson"},"share_on_mastodon":{"url":"https:\/\/pubeurope.com\/@fr\/115440216038721075","error":""},"_links":{"self":[{"href":"https:\/\/www.europesays.com\/fr\/wp-json\/wp\/v2\/posts\/491046","targetHints":{"allow":["GET"]}}],"collection":[{"href":"https:\/\/www.europesays.com\/fr\/wp-json\/wp\/v2\/posts"}],"about":[{"href":"https:\/\/www.europesays.com\/fr\/wp-json\/wp\/v2\/types\/post"}],"author":[{"embeddable":true,"href":"https:\/\/www.europesays.com\/fr\/wp-json\/wp\/v2\/users\/2"}],"replies":[{"embeddable":true,"href":"https:\/\/www.europesays.com\/fr\/wp-json\/wp\/v2\/comments?post=491046"}],"version-history":[{"count":0,"href":"https:\/\/www.europesays.com\/fr\/wp-json\/wp\/v2\/posts\/491046\/revisions"}],"wp:featuredmedia":[{"embeddable":true,"href":"https:\/\/www.europesays.com\/fr\/wp-json\/wp\/v2\/media\/491047"}],"wp:attachment":[{"href":"https:\/\/www.europesays.com\/fr\/wp-json\/wp\/v2\/media?parent=491046"}],"wp:term":[{"taxonomy":"category","embeddable":true,"href":"https:\/\/www.europesays.com\/fr\/wp-json\/wp\/v2\/categories?post=491046"},{"taxonomy":"post_tag","embeddable":true,"href":"https:\/\/www.europesays.com\/fr\/wp-json\/wp\/v2\/tags?post=491046"}],"curies":[{"name":"wp","href":"https:\/\/api.w.org\/{rel}","templated":true}]}}