{"id":491054,"date":"2025-10-26T11:27:11","date_gmt":"2025-10-26T11:27:11","guid":{"rendered":"https:\/\/www.europesays.com\/fr\/491054\/"},"modified":"2025-10-26T11:27:11","modified_gmt":"2025-10-26T11:27:11","slug":"albert-dupontel-est-il-en-couple","status":"publish","type":"post","link":"https:\/\/www.europesays.com\/fr\/491054\/","title":{"rendered":"Albert Dupontel est-il en couple ?"},"content":{"rendered":"<p>Sorti au cin\u00e9ma en 2020. Le film intitul\u00e9 <a href=\"https:\/\/www.telestar.fr\/culture\/adieu-les-cons-quel-exploit-ce-film-a-t-il-realise-lors-de-sa-sortie-en-salles-769709\" target=\"_blank\" rel=\"noopener\"><br \/>\nAdieu les cons<\/a>, <strong>r\u00e9alis\u00e9 par Albert<br \/>\nDupontel<\/strong>, sera diffus\u00e9 le dimanche 26 octobre 2025 sur<br \/>\nFrance 2. \u00c0 partir de 21h05. Port\u00e9 par\u00a0<a href=\"https:\/\/www.closermag.fr\/people\/ca-va-se-faire-niels-schneider-et-virginie-efira-jeunes-parents-nont-pas-dit-leur-dernier-mot-ensemble-3585531\" target=\"_blank\" rel=\"noopener\">Virginie<br \/>\nEfira<\/a>, <a href=\"https:\/\/www.closermag.fr\/people\/albert-dupontel-ce-constat-effrayant-qui-l-a-pousse-a-abandonner-ses-etudes-de-medecine-1313931\" target=\"_blank\" rel=\"noopener\"><br \/>\nAlbert Dupontel<\/a> et <a href=\"https:\/\/www.closermag.fr\/people\/cest-de-leuthanasie-populaire-nicolas-marie-choque-dans-c-a-vous-avec-des-propos-anti-foot-3283226\" target=\"_blank\" rel=\"noopener\"><br \/>\nNicolas Mari\u00e9<\/a>. Ce long-m\u00e9trage raconte l&rsquo;histoire d&rsquo;une femme<br \/>\ncondamn\u00e9e par une maladie incurable. Cette femme d\u00e9cide de<br \/>\nretrouver le fils qu&rsquo;elle a \u00e9t\u00e9 forc\u00e9e d&rsquo;abandonner \u00e0 la naissance<br \/>\nalors qu&rsquo;elle \u00e9tait encore mineure.<\/p>\n<p>Suze Trappet est\u00a0coiffeuse. Les produits cosm\u00e9tiques<br \/>\nqu&rsquo;elle a utilis\u00e9s durant des ann\u00e9es lui ont donn\u00e9 une\u00a0maladie<br \/>\nauto-immune, d\u00e9g\u00e9n\u00e9rative et incurable. Elle vient donc d&rsquo;apprendre<br \/>\n\u00e0 43 ans qu&rsquo;il ne lui reste que peu de temps \u00e0 vivre.<br \/>\nUn\u00a0souvenir la submerge alors qu&rsquo;elle vide son salon.<br \/>\n<strong>Durant l&rsquo;adolescence, elle devint\u00a0enceinte\u00a0\u00e0<br \/>\nquinze ans<\/strong>.<\/p>\n<p>Albert Dupontel a remport\u00e9 de tr\u00e8s nombreuses r\u00e9compenses gr\u00e2ce<br \/>\n\u00e0 ses films<\/p>\n<p>Son amant sortit de sa vie de suite, ne voulant pas s&rsquo;encombrer<br \/>\nd&rsquo;un enfant. Les parents de Suze impos\u00e8rent \u00e0 leur fille un<br \/>\naccouchement sous X. <strong>Donc accompagn\u00e9 d&rsquo;un acte d&rsquo;abandon<br \/>\ncomplet de l&rsquo;enfant \u00e0 na\u00eetre.<\/strong> Cette action tr\u00e8s brutale ne<br \/>\nfut permise par la loi que parce que leur fille \u00e9tait alors mineure<br \/>\net sous leur responsabilit\u00e9 p\u00e9nale et juridique. Suze eut \u00e0 peine<br \/>\nle temps de voir son enfant quelques instants avant qu&rsquo;il ne lui<br \/>\nf\u00fbt arrach\u00e9.<\/p>\n<p>Elle n&rsquo;a jamais pu r\u00e9ussir \u00e0 le revoir depuis ni \u00e0 avoir de ses<br \/>\nnouvelles. Elle veut se mettre \u00e0 la recherche de son fils,<br \/>\napprendre ce qu&rsquo;il a pu devenir. Pouvoir lui parler avant de<br \/>\nmourir. Elle se rend au service d&rsquo;administration de son d\u00e9partement<br \/>\net apprend que son dossier, qui a presque trente ans, n&rsquo;a toujours<br \/>\npas \u00e9t\u00e9 num\u00e9ris\u00e9. Elle ne peut pas obtenir le moindre d\u00e9tail et,<br \/>\navec la vitesse classique administrative, retrouver les documents<br \/>\nprendra certainement plusieurs mois. <strong>Une \u00e9ch\u00e9ance qu&rsquo;elle<br \/>\nn&rsquo;a pas<\/strong>.<\/p>\n<p>Le cin\u00e9aste vit loin de Paris avec sa<br \/>\ncompagne et ses enfants<\/p>\n<p>Visage embl\u00e9matique du cin\u00e9ma fran\u00e7ais depuis d\u00e9j\u00e0 de tr\u00e8s<br \/>\nnombreuses ann\u00e9es. <strong>Albert Dupontel a remport\u00e9 de nombreux<br \/>\nC\u00e9sar<\/strong> dans les cat\u00e9gories Meilleur sc\u00e9nario original,<br \/>\nMeilleure adaptation, Meilleur r\u00e9alisateur et Meilleur film gr\u00e2ce \u00e0<br \/>\ndes long-m\u00e9trages comme 9 Mois ferme,\u00a0Au revoir<br \/>\nl\u00e0-haut\u00a0et\u00a0Adieu les cons.<\/p>\n<p>Contrairement \u00e0 de nombreux acteurs et r\u00e9alisateurs. Albert<br \/>\nDupontel ne poss\u00e8de pas d&rsquo;<a href=\"https:\/\/www.closermag.fr\/people\/mallaury-nataf-ancienne-sdf-appartement-en-plein-coeur-de-paris-nouvelle-vie-elle-dit-tout-3458907\" target=\"_blank\" rel=\"noopener\">appartement<br \/>\nau coeur de Paris<\/a>. En fait, le cin\u00e9aste <strong>r\u00e9side \u00e0 50 km<br \/>\nde Paris, avec sa compagne et ses enfants<\/strong>. Extr\u00eamement<br \/>\ndiscret au sujet de sa vie priv\u00e9e. L&rsquo;acteur n&rsquo;a d\u00e9voil\u00e9 que tr\u00e8s<br \/>\npeu d&rsquo;informations dans la presse concernant sa famille.<\/p>\n","protected":false},"excerpt":{"rendered":"Sorti au cin\u00e9ma en 2020. Le film intitul\u00e9 Adieu les cons, r\u00e9alis\u00e9 par Albert Dupontel, sera diffus\u00e9 le&hellip;\n","protected":false},"author":2,"featured_media":491055,"comment_status":"","ping_status":"","sticky":false,"template":"","format":"standard","meta":{"footnotes":""},"categories":[8],"tags":[1193,58,59,1011,27],"class_list":{"0":"post-491054","1":"post","2":"type-post","3":"status-publish","4":"format-standard","5":"has-post-thumbnail","7":"category-divertissement","8":"tag-couple","9":"tag-divertissement","10":"tag-entertainment","11":"tag-fr","12":"tag-france"},"share_on_mastodon":{"url":"https:\/\/pubeurope.com\/@fr\/115440231694183679","error":""},"_links":{"self":[{"href":"https:\/\/www.europesays.com\/fr\/wp-json\/wp\/v2\/posts\/491054","targetHints":{"allow":["GET"]}}],"collection":[{"href":"https:\/\/www.europesays.com\/fr\/wp-json\/wp\/v2\/posts"}],"about":[{"href":"https:\/\/www.europesays.com\/fr\/wp-json\/wp\/v2\/types\/post"}],"author":[{"embeddable":true,"href":"https:\/\/www.europesays.com\/fr\/wp-json\/wp\/v2\/users\/2"}],"replies":[{"embeddable":true,"href":"https:\/\/www.europesays.com\/fr\/wp-json\/wp\/v2\/comments?post=491054"}],"version-history":[{"count":0,"href":"https:\/\/www.europesays.com\/fr\/wp-json\/wp\/v2\/posts\/491054\/revisions"}],"wp:featuredmedia":[{"embeddable":true,"href":"https:\/\/www.europesays.com\/fr\/wp-json\/wp\/v2\/media\/491055"}],"wp:attachment":[{"href":"https:\/\/www.europesays.com\/fr\/wp-json\/wp\/v2\/media?parent=491054"}],"wp:term":[{"taxonomy":"category","embeddable":true,"href":"https:\/\/www.europesays.com\/fr\/wp-json\/wp\/v2\/categories?post=491054"},{"taxonomy":"post_tag","embeddable":true,"href":"https:\/\/www.europesays.com\/fr\/wp-json\/wp\/v2\/tags?post=491054"}],"curies":[{"name":"wp","href":"https:\/\/api.w.org\/{rel}","templated":true}]}}