{"id":491064,"date":"2025-10-26T11:33:13","date_gmt":"2025-10-26T11:33:13","guid":{"rendered":"https:\/\/www.europesays.com\/fr\/491064\/"},"modified":"2025-10-26T11:33:13","modified_gmt":"2025-10-26T11:33:13","slug":"de-nombreux-travaux-vont-perturber-la-circulation-sur-la-rn88-cette-semaine","status":"publish","type":"post","link":"https:\/\/www.europesays.com\/fr\/491064\/","title":{"rendered":"de nombreux travaux vont perturber la circulation sur la RN88 cette semaine"},"content":{"rendered":"<p>Sur la RN88<\/p>\n<p>\u00c0 La Ricamarie<\/p>\n<p>En raison d&rsquo;un am\u00e9nagement acoustique, dans le sens Saint-\u00c9tienne\/Le Puy, la voie de droite est neutralis\u00e9e de mani\u00e8re permanente jusqu&rsquo;au vendredi 7 novembre, avec une vitesse limit\u00e9e \u00e0 70 km\/h.<\/p>\n<p>\u00c0 Saint-Chamond<\/p>\n<ul>\n<li>Des travaux de reprise d&rsquo;assainissement doivent \u00eatre r\u00e9alis\u00e9s. En cons\u00e9quence, dans le sens Lyon\/Saint-\u00c9tienne, la voie de droite sera neutralis\u00e9e les journ\u00e9es du lundi 27, du mardi 28, du mercredi 29 et du jeudi 30 octobre de 9 heures \u00e0 16 heures.<\/li>\n<li>D&rsquo;autre part, <a href=\"https:\/\/www.leprogres.fr\/economie\/2025\/10\/07\/echangeur-de-la-varizelle-ou-en-est-ce-chantier-d-envergure\" target=\"_blank\" rel=\"nofollow noopener\">\u00e0 la Varizelle, des travaux d\u2019am\u00e9nagement<\/a> impactent toujours la circulation. Ils se font dans le sens Saint-\u00c9tienne\/Lyon. La voie de droite y est neutralis\u00e9e de mani\u00e8re permanente.<\/li>\n<\/ul>\n<p>\u00c0 Firminy<\/p>\n<p>En raison de travaux d&rsquo;\u00e9clairage dans le sens Le Puy\/Saint-\u00c9tienne, la voie de droite sera neutralis\u00e9e la journ\u00e9e du mardi 28 octobre de 9 heures \u00e0 16 heures.<\/p>\n<p>\u00c0 Saint-Etienne<\/p>\n<ul>\n<li>En raison de travaux de signalisation du tunnel du Rond-Point, dans le sens Lyon\/Saint-\u00c9tienne, la voie de droite sera neutralis\u00e9e les journ\u00e9es du lundi 27 et du mardi 28 octobre de 9 heures \u00e0 16 heures.<\/li>\n<li>Toujours au niveau de Saint-Etienne, dans le sens Lyon\/Saint-\u00c9tienne, la voie de droite sera neutralis\u00e9e les nuits du mardi 28, du mercredi 29 et du jeudi 30 octobre de 21 heures \u00e0 6 heures, en raison d&rsquo;un sondage.<\/li>\n<li>\u00c0 Solaure, dans le sens Le Puy\/Saint-\u00c9tienne, la bretelle de sortie \u00ab Solaure \u00bb est ferm\u00e9e \u00e0 la circulation jusqu\u2019au vendredi 31 octobre.<\/li>\n<li>Sur la rocade RN488, \u00e0 cause d&rsquo;un affaissement dans le sens Saint-Chamond\/Saint-\u00c9tienne, la voie de droite est neutralis\u00e9e de mani\u00e8re permanente. La vitesse est r\u00e9duite \u00e0 50 km\/h.<\/li>\n<\/ul>\n<p>Sur l&rsquo;A47<\/p>\n<p>\u00c0 Rive-de-Gier<\/p>\n<p>En raison de travaux sur ouvrage dans le sens Saint-Etienne\/Lyon, la voie de droite sera neutralis\u00e9e les nuits du mardi 28, du mercredi 29 et du jeudi 30 octobre de 21 heures \u00e0 6 heures.<\/p>\n<p>Route de Saint-Etienne \u00e0 Montbrison<\/p>\n<p>Enedis va proc\u00e9der \u00e0 la suppression de 25 poteaux \u00e9lectriques sur cette route. Du 27 au 31 octobre, la circulation y sera altern\u00e9e par zones de 200 m\u00e8tres.<\/p>\n<p class=\"note\">Pour plus d\u2019informations sur les conditions de circulation sur le r\u00e9seau de la DIR Centre-Est\u00a0: <a href=\"http:\/\/www.dir-centre-est.fr\" rel=\"nofollow noopener\" target=\"_blank\">www.dir-centre-est.fr<\/a>.<\/p>\n","protected":false},"excerpt":{"rendered":"Sur la RN88 \u00c0 La Ricamarie En raison d&rsquo;un am\u00e9nagement acoustique, dans le sens Saint-\u00c9tienne\/Le Puy, la voie&hellip;\n","protected":false},"author":2,"featured_media":434964,"comment_status":"","ping_status":"","sticky":false,"template":"","format":"standard","meta":{"footnotes":""},"categories":[9653],"tags":[1111,11,2430,3542,7539,1777,674,1011,27,3367,12,25,4001],"class_list":{"0":"post-491064","1":"post","2":"type-post","3":"status-publish","4":"format-standard","5":"has-post-thumbnail","7":"category-saint-etienne","8":"tag-actu","9":"tag-actualites","10":"tag-auvergne-rhone-alpes","11":"tag-circulation","12":"tag-edition-loire-sud","13":"tag-eu","14":"tag-europe","15":"tag-fr","16":"tag-france","17":"tag-loire","18":"tag-news","19":"tag-republique-francaise","20":"tag-saint-etienne"},"share_on_mastodon":{"url":"","error":""},"_links":{"self":[{"href":"https:\/\/www.europesays.com\/fr\/wp-json\/wp\/v2\/posts\/491064","targetHints":{"allow":["GET"]}}],"collection":[{"href":"https:\/\/www.europesays.com\/fr\/wp-json\/wp\/v2\/posts"}],"about":[{"href":"https:\/\/www.europesays.com\/fr\/wp-json\/wp\/v2\/types\/post"}],"author":[{"embeddable":true,"href":"https:\/\/www.europesays.com\/fr\/wp-json\/wp\/v2\/users\/2"}],"replies":[{"embeddable":true,"href":"https:\/\/www.europesays.com\/fr\/wp-json\/wp\/v2\/comments?post=491064"}],"version-history":[{"count":0,"href":"https:\/\/www.europesays.com\/fr\/wp-json\/wp\/v2\/posts\/491064\/revisions"}],"wp:featuredmedia":[{"embeddable":true,"href":"https:\/\/www.europesays.com\/fr\/wp-json\/wp\/v2\/media\/434964"}],"wp:attachment":[{"href":"https:\/\/www.europesays.com\/fr\/wp-json\/wp\/v2\/media?parent=491064"}],"wp:term":[{"taxonomy":"category","embeddable":true,"href":"https:\/\/www.europesays.com\/fr\/wp-json\/wp\/v2\/categories?post=491064"},{"taxonomy":"post_tag","embeddable":true,"href":"https:\/\/www.europesays.com\/fr\/wp-json\/wp\/v2\/tags?post=491064"}],"curies":[{"name":"wp","href":"https:\/\/api.w.org\/{rel}","templated":true}]}}