{"id":491066,"date":"2025-10-26T11:35:13","date_gmt":"2025-10-26T11:35:13","guid":{"rendered":"https:\/\/www.europesays.com\/fr\/491066\/"},"modified":"2025-10-26T11:35:13","modified_gmt":"2025-10-26T11:35:13","slug":"photos-retour-sur-la-premiere-journee-de-jure-crache-la-3e-edition-du-salon-du-vin-a-nancy","status":"publish","type":"post","link":"https:\/\/www.europesays.com\/fr\/491066\/","title":{"rendered":"Photos. Retour sur la premi\u00e8re journ\u00e9e de Jur\u00e9\/Crach\u00e9, la 3e \u00e9dition du salon du vin\u00a0\u00e0 Nancy"},"content":{"rendered":"<p>\u00c0 l\u2019Octroi de Nancy, le salon Jur\u00e9\/Crach\u00e9 c\u00e9l\u00e8bre les vins vivants, jusqu&rsquo;\u00e0 19 h ce dimanche 26 octobre : des cuv\u00e9es sans artifices, ferment\u00e9es naturellement, qui racontent leur terroir avec sinc\u00e9rit\u00e9. L\u2019\u00e9v\u00e9nement offre aux curieux comme aux passionn\u00e9s l\u2019occasion de go\u00fbter librement, \u00e9changer avec les producteurs et faire de belles d\u00e9couvertes dans une ambiance conviviale et engag\u00e9e. On a visit\u00e9, on gout\u00e9, et jur\u00e9 crach\u00e9, on a ador\u00e9, ce samedi.<\/p>\n","protected":false},"excerpt":{"rendered":"\u00c0 l\u2019Octroi de Nancy, le salon Jur\u00e9\/Crach\u00e9 c\u00e9l\u00e8bre les vins vivants, jusqu&rsquo;\u00e0 19 h ce dimanche 26 octobre&hellip;\n","protected":false},"author":2,"featured_media":491067,"comment_status":"","ping_status":"","sticky":false,"template":"","format":"standard","meta":{"footnotes":""},"categories":[9635],"tags":[1111,11,33,1704,1777,674,1685,28012,1011,27,2798,775,1702,12,25,6182],"class_list":{"0":"post-491066","1":"post","2":"type-post","3":"status-publish","4":"format-standard","5":"has-post-thumbnail","7":"category-nancy","8":"tag-actu","9":"tag-actualites","10":"tag-economie","11":"tag-edition-nancy-et-agglomeration","12":"tag-eu","13":"tag-europe","14":"tag-foire-et-salon","15":"tag-foire-exposition-de-nancy","16":"tag-fr","17":"tag-france","18":"tag-galerie-photo","19":"tag-grand-est","20":"tag-nancy","21":"tag-news","22":"tag-republique-francaise","23":"tag-vins-et-viticulture"},"share_on_mastodon":{"url":"https:\/\/pubeurope.com\/@fr\/115440263101557239","error":""},"_links":{"self":[{"href":"https:\/\/www.europesays.com\/fr\/wp-json\/wp\/v2\/posts\/491066","targetHints":{"allow":["GET"]}}],"collection":[{"href":"https:\/\/www.europesays.com\/fr\/wp-json\/wp\/v2\/posts"}],"about":[{"href":"https:\/\/www.europesays.com\/fr\/wp-json\/wp\/v2\/types\/post"}],"author":[{"embeddable":true,"href":"https:\/\/www.europesays.com\/fr\/wp-json\/wp\/v2\/users\/2"}],"replies":[{"embeddable":true,"href":"https:\/\/www.europesays.com\/fr\/wp-json\/wp\/v2\/comments?post=491066"}],"version-history":[{"count":0,"href":"https:\/\/www.europesays.com\/fr\/wp-json\/wp\/v2\/posts\/491066\/revisions"}],"wp:featuredmedia":[{"embeddable":true,"href":"https:\/\/www.europesays.com\/fr\/wp-json\/wp\/v2\/media\/491067"}],"wp:attachment":[{"href":"https:\/\/www.europesays.com\/fr\/wp-json\/wp\/v2\/media?parent=491066"}],"wp:term":[{"taxonomy":"category","embeddable":true,"href":"https:\/\/www.europesays.com\/fr\/wp-json\/wp\/v2\/categories?post=491066"},{"taxonomy":"post_tag","embeddable":true,"href":"https:\/\/www.europesays.com\/fr\/wp-json\/wp\/v2\/tags?post=491066"}],"curies":[{"name":"wp","href":"https:\/\/api.w.org\/{rel}","templated":true}]}}