{"id":49107,"date":"2025-04-24T12:01:08","date_gmt":"2025-04-24T12:01:08","guid":{"rendered":"https:\/\/www.europesays.com\/fr\/49107\/"},"modified":"2025-04-24T12:01:08","modified_gmt":"2025-04-24T12:01:08","slug":"243-produits-en-competition-au-concours-herault-gourmand","status":"publish","type":"post","link":"https:\/\/www.europesays.com\/fr\/49107\/","title":{"rendered":"243 produits en comp\u00e9tition au concours H\u00e9rault Gourmand"},"content":{"rendered":"<p>            Par<br \/>\n        <strong><br \/>\n            <a href=\"https:\/\/actu.fr\/auteur\/metropoop\" title=\"Consulter tous les articles de R\u00e9daction M\u00e9tropolitain\" rel=\"nofollow noopener\" target=\"_blank\">R\u00e9daction M\u00e9tropolitain<\/a><br \/>\n        <\/strong><\/p>\n<p>        Publi\u00e9 le<\/p>\n<p>            24 avr. 2025 \u00e0 13h32        <\/p>\n<p>Le concours <strong>H\u00e9rault Gourmand<\/strong> n\u2019a pas failli \u00e0 sa r\u00e9putation. Pour sa 25e \u00e9dition, il a r\u00e9uni <strong>243 produits artisanaux<\/strong> venus de tout le d\u00e9partement. Fromages, charcuteries, confitures, p\u00e2tisseries ou encore vins ont d\u00e9fil\u00e9 sous les yeux, et sur les papilles, d\u2019un jury exigeant. L\u2019\u00e9v\u00e9nement s\u2019est tenu <strong>\u00e0 P\u00e9rols<\/strong>, au sein du restaurant Mon Cuisinier. Pendant toute une journ\u00e9e, les jur\u00e9s se sont succ\u00e9d\u00e9 autour des stands pour tester, noter et classer les cr\u00e9ations propos\u00e9es.<\/p>\n<p>    <a href=\"https:\/\/www.google.com\/maps\/embed?pb=!1m18!1m12!1m3!1d2890.643081966519!2d3.94550027645814!3d43.57231977110606!2m3!1f0!2f0!3f0!3m2!1i1024!2i768!4f13.1!3m3!1m2!1s0x12b6a50865f2de8b%3A0x8b8ba847fdc4fdb9!2sMon%20Cuisinier%20-%20P%C3%A9rols!5e0!3m2!1sen!2sfr!4v1745394209674!5m2!1sen!2sfr\" title=\"Ouvrie le lien\" rel=\"nofollow noopener\" target=\"_blank\">Cliquez ici pour visualiser le contenu<\/a><\/p>\n<p class=\" wall-content\"><strong> Quatre-vingt<\/strong> d\u00e9gustateurs ont r\u00e9pondu pr\u00e9sent. Des professionnels des m\u00e9tiers de bouche, des journalistes gastronomiques, mais aussi des amateurs \u00e9clair\u00e9s, tous anim\u00e9s par la m\u00eame envie : d\u00e9nicher l\u2019excellence locale. Christian Poujol, pr\u00e9sident de la Chambre des m\u00e9tiers et de l\u2019artisanat de l\u2019H\u00e9rault, a rappel\u00e9 l\u2019ambition du concours : mettre en lumi\u00e8re le \u00ab\u00a0meilleur de l\u2019artisanat local\u00a0\u00bb.<\/p>\n<p>Un chef \u00e9toil\u00e9 \u00e0 la baguette<\/p>\n<p class=\" wall-content\">Cette ann\u00e9e, le jury \u00e9tait pr\u00e9sid\u00e9 par le chef \u00e9toil\u00e9 <strong>Matthieu de Lauzun<\/strong>. \u00c0 la t\u00eate du restaurant du Prieur\u00e9 Saint-Jean-de-B\u00e9bian \u00e0 P\u00e9zenas, il incarne depuis des ann\u00e9es une cuisine enracin\u00e9e dans son territoire. Dans son discours d\u2019ouverture, il a soulign\u00e9 l\u2019enjeu humain derri\u00e8re chaque produit pr\u00e9sent\u00e9 : \u00ab\u00a0C\u2019est avec empathie, mais s\u00e9rieux et objectivit\u00e9, c\u2019est-\u00e0-dire sans complaisance, que je vais d\u00e9guster cet \u00e9ventail impressionnant de savoir-faire des m\u00e9tiers de bouche dans notre d\u00e9partement. Je ressens une grande <strong>responsabilit\u00e9<\/strong> car derri\u00e8re les produits, il y a des entreprises artisanales et surtout des artisans qui mettent beaucoup d\u2019eux-m\u00eames.\u00a0\u00bb<\/p>\n<p class=\" wall-content\">Les notations sont d\u00e9sormais entre les mains de l\u2019organisation. Le verdict final sera d\u00e9voil\u00e9 <strong>le 17 juin prochain<\/strong> lors de la c\u00e9r\u00e9monie de remise des prix.<\/p>\n<p>Vid\u00e9os : en ce moment sur Actu<\/p>\n<p class=\" wall-content\">Suivez toute l\u2019actualit\u00e9 de vos villes et m\u00e9dias favoris en vous inscrivant \u00e0 <a href=\"https:\/\/moncompte.actu.fr\" title=\"D\u00e9couvez Mon Actu\" rel=\"nofollow noopener\" data-trk=\"{&quot;cta&quot;:{&quot;action&quot;:&quot;https:\\\/\\\/moncompte.actu.fr&quot;,&quot;category&quot;:&quot;mon compte&quot;,&quot;from&quot;:&quot;article footer&quot;,&quot;name&quot;:&quot;Mon actu&quot;,&quot;type&quot;:&quot;cta&quot;}}\" target=\"_blank\">Mon Actu<\/a>.<\/p>\n","protected":false},"excerpt":{"rendered":"Par R\u00e9daction M\u00e9tropolitain Publi\u00e9 le 24 avr. 2025 \u00e0 13h32 Le concours H\u00e9rault Gourmand n\u2019a pas failli \u00e0&hellip;\n","protected":false},"author":2,"featured_media":49108,"comment_status":"","ping_status":"","sticky":false,"template":"","format":"standard","meta":{"footnotes":""},"categories":[9599],"tags":[1111,11,258,902,1777,674,1011,27,1661,1305,2208,12,2680,25],"class_list":{"0":"post-49107","1":"post","2":"type-post","3":"status-publish","4":"format-standard","5":"has-post-thumbnail","7":"category-montpellier","8":"tag-actu","9":"tag-actualites","10":"tag-alimentation","11":"tag-cuisine","12":"tag-eu","13":"tag-europe","14":"tag-fr","15":"tag-france","16":"tag-gastronomie","17":"tag-lifestyle","18":"tag-montpellier","19":"tag-news","20":"tag-occitanie","21":"tag-republique-francaise"},"share_on_mastodon":{"url":"https:\/\/pubeurope.com\/@fr\/114392837877374302","error":""},"_links":{"self":[{"href":"https:\/\/www.europesays.com\/fr\/wp-json\/wp\/v2\/posts\/49107","targetHints":{"allow":["GET"]}}],"collection":[{"href":"https:\/\/www.europesays.com\/fr\/wp-json\/wp\/v2\/posts"}],"about":[{"href":"https:\/\/www.europesays.com\/fr\/wp-json\/wp\/v2\/types\/post"}],"author":[{"embeddable":true,"href":"https:\/\/www.europesays.com\/fr\/wp-json\/wp\/v2\/users\/2"}],"replies":[{"embeddable":true,"href":"https:\/\/www.europesays.com\/fr\/wp-json\/wp\/v2\/comments?post=49107"}],"version-history":[{"count":0,"href":"https:\/\/www.europesays.com\/fr\/wp-json\/wp\/v2\/posts\/49107\/revisions"}],"wp:featuredmedia":[{"embeddable":true,"href":"https:\/\/www.europesays.com\/fr\/wp-json\/wp\/v2\/media\/49108"}],"wp:attachment":[{"href":"https:\/\/www.europesays.com\/fr\/wp-json\/wp\/v2\/media?parent=49107"}],"wp:term":[{"taxonomy":"category","embeddable":true,"href":"https:\/\/www.europesays.com\/fr\/wp-json\/wp\/v2\/categories?post=49107"},{"taxonomy":"post_tag","embeddable":true,"href":"https:\/\/www.europesays.com\/fr\/wp-json\/wp\/v2\/tags?post=49107"}],"curies":[{"name":"wp","href":"https:\/\/api.w.org\/{rel}","templated":true}]}}