{"id":491070,"date":"2025-10-26T11:37:10","date_gmt":"2025-10-26T11:37:10","guid":{"rendered":"https:\/\/www.europesays.com\/fr\/491070\/"},"modified":"2025-10-26T11:37:10","modified_gmt":"2025-10-26T11:37:10","slug":"le-brusc-lame-de-six-fours","status":"publish","type":"post","link":"https:\/\/www.europesays.com\/fr\/491070\/","title":{"rendered":"le Brusc, l&rsquo;\u00e2me de Six-Fours"},"content":{"rendered":"<p>Une mer agit\u00e9e qui se d\u00e9cha\u00eene au souffle du vent, des surfeurs qui glissent sur l&rsquo;eau, quelques planches \u00e0 voile&#8230; Nous ne sommes pas sur la c\u00f4te atlantique, le bleu du ciel, la beaut\u00e9 des pins et les terrains de p\u00e9tanque nous le rappellent, mais bien du c\u00f4t\u00e9 de la M\u00e9diterran\u00e9e. Au Brusc. Et bien que ses habitants revendiquent (gentiment) leur ind\u00e9pendance, ce quartier criant d&rsquo;authenticit\u00e9 se situe sur la commune de Six-Fours-les-Plages, \u00e0 son extr\u00e9mit\u00e9.<\/p>\n<p>Soyons pr\u00e9cis, il commence \u00e0 partir du Rayolet et s&rsquo;\u00e9tend <a href=\"https:\/\/www.laprovence.com\/article\/balades\/5276333\/dans-lintimite-des-embiez-et-du-gaou.html\" target=\"_blank\" rel=\"nofollow noopener\">jusqu&rsquo;aux \u00eeles du Gaou, face aux Embiez<\/a>. \u00ab\u00a0Avant-guerre, Le Brusc avait cr\u00e9\u00e9 ses propres fronti\u00e8res pour \u00eatre s\u00e9par\u00e9 de Six-Fours\u00a0\u00bb, insiste Vincent Bellingard, pr\u00e9sident de l&rsquo;association\u00a0Lei Bruscadou. \u00ab\u00a0Les murs sont tomb\u00e9s mais l&rsquo;esprit ind\u00e9pendant des Bruscains est rest\u00e9 intact\u00a0\u00bb, assure cet amoureux de son village qui nous emm\u00e8ne \u00e0 la d\u00e9couverte de ses tr\u00e9sors.<\/p>\n<p>Berceau de la biodiversit\u00e9<\/p>\n<p>Il y a, bien s\u00fbr, le port, qui est \u00e0 la fois un port de p\u00eache et un port de plaisance. <a href=\"https:\/\/www.laprovence.com\/article\/sortie-loisirs\/51945976973131\/balade-dans-les-iles-les-embiez-un-paradis-si-proche\" target=\"_blank\" rel=\"nofollow noopener\">L&rsquo;\u00eele des Embiez<\/a>, \u00e0 laquelle vous pouvez acc\u00e9der directement via la navette, en une dizaine de minutes, tout au long de l&rsquo;ann\u00e9e. L\u00e0-bas, c&rsquo;est un petit paradis et une bouff\u00e9e d&rsquo;air pur qui vous attendent.<\/p>\n<p>Si vous pr\u00e9f\u00e9rez les activit\u00e9s nautiques \u00e0 sensations, direction la corniche de la plage du Cros et des Charmettes. Elle fera le bonheur des amateurs de glisse. C\u00f4t\u00e9 terre, la for\u00eat domaniale offre aux marcheurs de belles balades. Enfilez une paire de baskets et traversez le massif du cap Sici\u00e9 pour atteindre la chapelle de Notre-Dame du Mai (14 km, 773 m de d\u00e9nivel\u00e9s, difficult\u00e9 mod\u00e9r\u00e9e). En haut, une vue panoramique \u00e0 360\u00b0, r\u00e9put\u00e9e pour \u00eatre l&rsquo;une des plus belles du littoral.<\/p>\n<p>Petit et grand Gaou<\/p>\n<p>Mais les joyaux ne s&rsquo;arr\u00eatent pas l\u00e0. En s&rsquo;avan\u00e7ant vers la corniche, la lagune du Brusc appara\u00eet et embellit encore un petit peu plus le paysage. Sous l&rsquo;eau, un r\u00e9cif-barri\u00e8re de posidonie. Un berceau de la biodiversit\u00e9 prot\u00e9g\u00e9 en 2004 par une zone Natura 2000. Pas de baignade, ni d&rsquo;activit\u00e9 nautique, tout est fait pour que la vie sous-marine soit pr\u00e9serv\u00e9e.<\/p>\n<p>Tout au bout, le petit Gaou nous offre son lot de d\u00e9paysement. Avec ses petites falaises d\u00e9coup\u00e9es qui baignent dans l&rsquo;eau turquoise, \u00ab\u00a0l&rsquo;endroit pourrait presque nous faire penser \u00e0 la Bretagne\u00a0\u00bb, s&rsquo;amusent \u00e0 penser quelques visiteurs, en ce jour de mistral. Mais quand on passe sur l&rsquo;\u00eele du grand Gaou, via la passerelle r\u00e9cemment r\u00e9nov\u00e9e, qu&rsquo;on l\u00e8ve les yeux au ciel, et que l&rsquo;on s&rsquo;enivre de l&rsquo;odeur, les pins deviennent le rep\u00e8re de cet archipel paradisiaque en toute saison.<\/p>\n","protected":false},"excerpt":{"rendered":"Une mer agit\u00e9e qui se d\u00e9cha\u00eene au souffle du vent, des surfeurs qui glissent sur l&rsquo;eau, quelques planches&hellip;\n","protected":false},"author":2,"featured_media":491071,"comment_status":"","ping_status":"","sticky":false,"template":"","format":"standard","meta":{"footnotes":""},"categories":[9619],"tags":[17,1111,11,7552,61371,1777,674,1011,27,12168,2831,12,1186,882,25,15636,2310],"class_list":{"0":"post-491070","1":"post","2":"type-post","3":"status-publish","4":"format-standard","5":"has-post-thumbnail","7":"category-toulon","8":"tag-17","9":"tag-actu","10":"tag-actualites","11":"tag-balade","12":"tag-brusc","13":"tag-eu","14":"tag-europe","15":"tag-fr","16":"tag-france","17":"tag-lame","18":"tag-loisirs-traditions","19":"tag-news","20":"tag-provence","21":"tag-provence-alpes-cote-dazur","22":"tag-republique-francaise","23":"tag-six-fours","24":"tag-toulon"},"share_on_mastodon":{"url":"https:\/\/pubeurope.com\/@fr\/115440270981771496","error":""},"_links":{"self":[{"href":"https:\/\/www.europesays.com\/fr\/wp-json\/wp\/v2\/posts\/491070","targetHints":{"allow":["GET"]}}],"collection":[{"href":"https:\/\/www.europesays.com\/fr\/wp-json\/wp\/v2\/posts"}],"about":[{"href":"https:\/\/www.europesays.com\/fr\/wp-json\/wp\/v2\/types\/post"}],"author":[{"embeddable":true,"href":"https:\/\/www.europesays.com\/fr\/wp-json\/wp\/v2\/users\/2"}],"replies":[{"embeddable":true,"href":"https:\/\/www.europesays.com\/fr\/wp-json\/wp\/v2\/comments?post=491070"}],"version-history":[{"count":0,"href":"https:\/\/www.europesays.com\/fr\/wp-json\/wp\/v2\/posts\/491070\/revisions"}],"wp:featuredmedia":[{"embeddable":true,"href":"https:\/\/www.europesays.com\/fr\/wp-json\/wp\/v2\/media\/491071"}],"wp:attachment":[{"href":"https:\/\/www.europesays.com\/fr\/wp-json\/wp\/v2\/media?parent=491070"}],"wp:term":[{"taxonomy":"category","embeddable":true,"href":"https:\/\/www.europesays.com\/fr\/wp-json\/wp\/v2\/categories?post=491070"},{"taxonomy":"post_tag","embeddable":true,"href":"https:\/\/www.europesays.com\/fr\/wp-json\/wp\/v2\/tags?post=491070"}],"curies":[{"name":"wp","href":"https:\/\/api.w.org\/{rel}","templated":true}]}}