{"id":491078,"date":"2025-10-26T11:41:09","date_gmt":"2025-10-26T11:41:09","guid":{"rendered":"https:\/\/www.europesays.com\/fr\/491078\/"},"modified":"2025-10-26T11:41:09","modified_gmt":"2025-10-26T11:41:09","slug":"majo-boutique-de-vetements-pour-hommes-tous-styles-et-toutes-gammes","status":"publish","type":"post","link":"https:\/\/www.europesays.com\/fr\/491078\/","title":{"rendered":"Majo, boutique de v\u00eatements pour hommes, tous styles et toutes gammes"},"content":{"rendered":"<p>            Par<br \/>\n        <strong><br \/>\n            <a href=\"https:\/\/actu.fr\/auteur\/fmass\" title=\"Consulter tous les articles de Fabien Massin\" target=\"_blank\" rel=\"noopener\">Fabien Massin<\/a><br \/>\n        <\/strong><\/p>\n<p>        Publi\u00e9 le<\/p>\n<p>            26 oct. 2025 \u00e0 12h02        <\/p>\n<p>Une nouvelle boutique de v\u00eatements pour hommes s\u2019appr\u00eate \u00e0 ouvrir ses portes en plein centre-ville de <a href=\"https:\/\/actu.fr\/normandie\/rouen_76540\" target=\"_blank\" rel=\"noopener\">Rouen (Seine-Maritime)<\/a> :<strong> Majo, situ\u00e9e rue Thouret<\/strong>, en face du Palais de justice c\u00f4t\u00e9 rue aux Juifs.\u00a0<\/p>\n<p>\u00ab\u00a0Peu importe ton budget et ton style\u00a0\u00bb<\/p>\n<p class=\" wall-content\">\u00c0 la t\u00eate du projet, il y a un jeune entrepreneur, <strong>Simon Passeman (24 ans)<\/strong>. \u00ab\u00a0J\u2019ai commenc\u00e9 en achetant et en vendant des v\u00eatements depuis chez moi\u00a0\u00bb, raconte-t-il. Il y a deux ans il ouvre son premier magasin de sneakers rue du Petit-Salut. Puis il puis d\u00e9m\u00e9nage <a href=\"https:\/\/actu.fr\/normandie\/rouen_76540\/commerces-a-rouen-la-rue-saint-nicolas-du-quasi-neant-a-rue-parmi-les-plus-cotees-de-la-ville_62581928.html\" target=\"_blank\" rel=\"noopener\">rue Saint-Nicolas<\/a>, et au passage \u00e9largit son offre en ouvrant un barber shop\/concept store.\u00a0<\/p>\n<p class=\" wall-content\">Avec Majo, il ouvre sa deuxi\u00e8me boutique, d\u2019une surface commerciale de 55 m\u00b2, consacr\u00e9e cette fois-ci au pr\u00eat-\u00e0-porter masculin \u2014 termin\u00e9 les sneakers \u2014<strong> avec des marques comme Gertrude, Jacquemus ou Daily Paper<\/strong>.<\/p>\n<p class=\" wall-content\">\u00ab\u00a0Il y en a pour les styles et toutes les gammes, souligne Simon, qui travaillera avec deux alternants. Cela va du t-shirt au manteau en daim en passant par les chemises, doudounes, jeans, joggings\u2026 <strong>Nous avons 200 r\u00e9f\u00e9rences au total<\/strong>. L\u2019id\u00e9e c\u2019est que peu importe ton budget et ton style, ici tu trouveras quelque chose qui te plait. Cela, que tu sois un jeune ou un p\u00e8re de famille.\u00a0\u00bb<\/p>\n<p>Travail sur l\u2019image de marque<\/p>\n<p class=\" wall-content\">Simon Passeman travaille \u00e9galement son image de marque.<strong> Majo renvoie au bleu Majorelle<\/strong>, couleur dominante dans le magasin de la rue Thouret comme dans le barber\/concept store de la rue Saint-Nicolas. Majorelle, c\u2019est aussi une grand-m\u00e8re fictive qui est un peu la mascotte de la boutique, mise en sc\u00e8ne sur les r\u00e9seaux sociaux. \u00ab\u00a0Nous jouons sur le c\u00f4t\u00e9 d\u00e9cal\u00e9\u00a0\u00bb, souligne Simon.\u00a0<\/p>\n<p>Vid\u00e9os : en ce moment sur Actu<\/p>\n<p class=\" wall-content\"><a href=\"https:\/\/www.instagram.com\/p\/DQHkesniF1b\/embed\" title=\"Ouvrir le lien sur Instagram\" target=\"_blank\" rel=\"noopener\">Visualiser le contenu sur Instagram<\/a><\/p>\n<p>Majo, 25, rue Thouret \u00e0 Rouen, ouvert du lundi au samedi de 11h \u00e0 19h.\u00a0<\/p>\n<p>Suivez l\u2019actualit\u00e9 de Rouen sur notre <a href=\"https:\/\/www.whatsapp.com\/channel\/0029VaKfnf99hXF2ddApFB1D\" target=\"_blank\" rel=\"noopener\">cha\u00eene WhatsApp<\/a> et sur notre <a href=\"https:\/\/www.tiktok.com\/@76actu.fr?lang=fr\" target=\"_blank\" rel=\"noopener\">compte TikTok<\/a><\/p>\n<p class=\" wall-content\">Personnalisez votre actualit\u00e9 en ajoutant vos villes et m\u00e9dias en favori avec <a href=\"https:\/\/moncompte.actu.fr\" title=\"D\u00e9couvez Mon Actu\" rel=\"nofollow noopener\" data-trk=\"{&quot;cta&quot;:{&quot;action&quot;:&quot;https:\\\/\\\/moncompte.actu.fr&quot;,&quot;category&quot;:&quot;mon compte&quot;,&quot;from&quot;:&quot;article footer&quot;,&quot;name&quot;:&quot;Mon actu&quot;,&quot;type&quot;:&quot;cta&quot;}}\" target=\"_blank\">Mon Actu<\/a>.<\/p>\n<p>                    <script async src=\"\/\/www.instagram.com\/embed.js\"><\/script><script async src=\"\/\/www.tiktok.com\/embed.js\"><\/script><\/p>\n","protected":false},"excerpt":{"rendered":"Par Fabien Massin Publi\u00e9 le 26 oct. 2025 \u00e0 12h02 Une nouvelle boutique de v\u00eatements pour hommes s\u2019appr\u00eate&hellip;\n","protected":false},"author":2,"featured_media":491079,"comment_status":"","ping_status":"","sticky":false,"template":"","format":"standard","meta":{"footnotes":""},"categories":[9587],"tags":[1111,11,9086,215,1777,674,1011,27,1652,12,5161,3147,25,9590],"class_list":{"0":"post-491078","1":"post","2":"type-post","3":"status-publish","4":"format-standard","5":"has-post-thumbnail","7":"category-rouen","8":"tag-actu","9":"tag-actualites","10":"tag-bon-plan-a-rouen","11":"tag-commerce","12":"tag-eu","13":"tag-europe","14":"tag-fr","15":"tag-france","16":"tag-loisirs-culture","17":"tag-news","18":"tag-normandie","19":"tag-nouveaux-commerces","20":"tag-republique-francaise","21":"tag-rouen"},"share_on_mastodon":{"url":"https:\/\/pubeurope.com\/@fr\/115440286751635274","error":""},"_links":{"self":[{"href":"https:\/\/www.europesays.com\/fr\/wp-json\/wp\/v2\/posts\/491078","targetHints":{"allow":["GET"]}}],"collection":[{"href":"https:\/\/www.europesays.com\/fr\/wp-json\/wp\/v2\/posts"}],"about":[{"href":"https:\/\/www.europesays.com\/fr\/wp-json\/wp\/v2\/types\/post"}],"author":[{"embeddable":true,"href":"https:\/\/www.europesays.com\/fr\/wp-json\/wp\/v2\/users\/2"}],"replies":[{"embeddable":true,"href":"https:\/\/www.europesays.com\/fr\/wp-json\/wp\/v2\/comments?post=491078"}],"version-history":[{"count":0,"href":"https:\/\/www.europesays.com\/fr\/wp-json\/wp\/v2\/posts\/491078\/revisions"}],"wp:featuredmedia":[{"embeddable":true,"href":"https:\/\/www.europesays.com\/fr\/wp-json\/wp\/v2\/media\/491079"}],"wp:attachment":[{"href":"https:\/\/www.europesays.com\/fr\/wp-json\/wp\/v2\/media?parent=491078"}],"wp:term":[{"taxonomy":"category","embeddable":true,"href":"https:\/\/www.europesays.com\/fr\/wp-json\/wp\/v2\/categories?post=491078"},{"taxonomy":"post_tag","embeddable":true,"href":"https:\/\/www.europesays.com\/fr\/wp-json\/wp\/v2\/tags?post=491078"}],"curies":[{"name":"wp","href":"https:\/\/api.w.org\/{rel}","templated":true}]}}