{"id":491080,"date":"2025-10-26T11:42:37","date_gmt":"2025-10-26T11:42:37","guid":{"rendered":"https:\/\/www.europesays.com\/fr\/491080\/"},"modified":"2025-10-26T11:42:37","modified_gmt":"2025-10-26T11:42:37","slug":"la-belle-aventure-des-jeunes-footballeurs-de-valognes","status":"publish","type":"post","link":"https:\/\/www.europesays.com\/fr\/491080\/","title":{"rendered":"la belle aventure des jeunes footballeurs de Valognes"},"content":{"rendered":"<p>            Par<br \/>\n        <strong><br \/>\n            <a href=\"https:\/\/actu.fr\/auteur\/redaction-pressemanche\" title=\"Consulter tous les articles de R\u00e9daction La Presse de la Manche\" rel=\"nofollow noopener\" target=\"_blank\">R\u00e9daction La Presse de la Manche<\/a><br \/>\n        <\/strong><\/p>\n<p>        Publi\u00e9 le<\/p>\n<p>            25 oct. 2025 \u00e0 10h27        <\/p>\n<p data-end=\"701\">Apr\u00e8s avoir successivement \u00e9limin\u00e9 Agon-Coutainville (4-0), Saint-Vigor-le-Grand (4-1) puis Ifs (3-2), l\u2019<b>AS Valognes<\/b> (Manche) s\u2019est offert le droit de disputer un <b>magnifique 5e tour<\/b> de<b> Coupe Gambardella<\/b>. Une <b>r\u00e9compense m\u00e9rit\u00e9e<\/b> pour les jeunes joueurs de Nolan Delaunay et Benoist Henry, qui s\u2019appr\u00eatent d\u00e9sormais \u00e0 affronter un <b>cador normand<\/b>\u2009: le <b>FC Rouen<\/b>.<\/p>\n<blockquote class=\"ac-article-quote wall-content\">\n<p>C\u2019est un club pro, avec certaines ambitions. On a eu quelques infos du bassin caennais, apparemment, c\u2019est tr\u00e8s costaud. Il n\u2019y a pas beaucoup de points faibles.<\/p>\n<p>Benoist Henry<\/p><\/blockquote>\n<p>Une belle f\u00eate du football<\/p>\n<p data-end=\"701\" class=\" wall-content\">Et pour cause, les Rouennais caracolent<b> en t\u00eate de leur championnat de R\u00e9gional 1<\/b> avec cinq victoires en autant de journ\u00e9es, 23\u00a0buts marqu\u00e9s pour seulement cinq encaiss\u00e9s.<\/p>\n<p data-end=\"701\" class=\" wall-content\">Face \u00e0 un tel adversaire, <a href=\"https:\/\/actu.fr\/normandie\/valognes_50615\" rel=\"nofollow noopener\" target=\"_blank\">Valognes<\/a> avance sans complexe. \u00ab\u2009On va jouer avec nos forces, s\u2019adapter \u00e0 eux, sans renier nos principes de jeu. Il faudra que \u00e7a reste coh\u00e9rent. On ne va pas tout chambouler en une semaine, au risque de se tromper\u2009\u00bb, souligne le coach.<\/p>\n<p data-end=\"2517\" class=\" wall-content\">Le bin\u00f4me de Nolan Delaunay le sait pertinemment,<b> la mission s\u2019annonce immense<\/b>, mais la magie de la Gambardella r\u00e9side aussi quand les petits d\u00e9fient les grands. \u00ab\u2009C\u2019est une <b>belle mise en vitrine<\/b> pour le club. On sait qu\u2019on ne va pas la gagner, mais si on peut cr\u00e9er un <b>miracle<\/b>, on fera tout pour. On ne ma\u00eetrise pas les sc\u00e9narios, mais on esp\u00e8re que \u00e7a tournera dans notre sens\u2009\u00bb, glisse Benoist Henry.<\/p>\n<p>    <a href=\"https:\/\/www.facebook.com\/plugins\/post.php?href=https%3A%2F%2Fwww.facebook.com%2FASValognes%2Fposts%2Fpfbid02SucvPAF5fhpdqH1SCbaZJjnikv38rfGFiKSvSDhaXvhFAQcHpzGM3im4nXUWjfMil&amp;show_text=true&amp;width=350\" title=\"Ouvrie le lien\" rel=\"nofollow noopener\" target=\"_blank\">Cliquez ici pour visualiser le contenu<\/a><\/p>\n<p data-end=\"2517\" class=\" wall-content\">Au-del\u00e0 de la performance sportive, la rencontre aura \u00e9galement une <b>dimension symbolique<\/b> pour cette g\u00e9n\u00e9ration. \u00ab\u2009Les trois quarts de ce groupe vont monter en seniors, c\u2019est une<b> belle histoire \u00e0 vivre<\/b>. Pour les gamins, ce sont de beaux souvenirs, leurs derni\u00e8res ann\u00e9es ensemble avant de passer dans le monde adulte\u2009\u00bb, souligne le technicien.<\/p>\n<p data-end=\"2517\" class=\" wall-content\">Lors du tour pr\u00e9c\u00e9dent, remport\u00e9 \u00e0 Ifs, la rencontre avait d\u00e9j\u00e0 suscit\u00e9 une<b> belle effervescence<\/b> autour du club et de ses supporters. Face \u00e0 Rouen, l\u2019ASV esp\u00e8re revivre ces instants et cr\u00e9er une <b>belle f\u00eate du football<\/b>. Pour l\u2019occasion, les enfants du club accompagneront les U18 lors du protocole d\u2019entr\u00e9e des joueurs et les b\u00e9n\u00e9voles proposeront plusieurs animations.<\/p>\n<p>Votre r\u00e9gion, votre actu !<\/p>\n<p>Recevez chaque jour les infos qui comptent pour vous.<\/p>\n<p>\t<a href=\"https:\/\/actu.fr\/newsletter\" class=\"ac-btn ac-btn--corner ac-btn--medium ac-btn--blue800\" rel=\"nofollow noopener\" target=\"_blank\">S&rsquo;incrire<\/a><br \/>\nCoupe Gambardella (5e tour) ce samedi \u00e0 15 h<\/p>\n<p>Valognes (D1) &#8211; FC Rouen (R1)<br \/>&#13;<br \/>\nFlers (R1) &#8211; Granville (R2)<br \/>&#13;<br \/>\nSaint-Hilaire VL (D1) &#8211; Dieppe (R2)<\/p>\n<p data-end=\"2517\" class=\" wall-content\"><b>De notre correspondant Florian BILLARD<\/b><\/p>\n<p class=\" wall-content\">Personnalisez votre actualit\u00e9 en ajoutant vos villes et m\u00e9dias en favori avec <a href=\"https:\/\/moncompte.actu.fr\" title=\"D\u00e9couvez Mon Actu\" rel=\"nofollow noopener\" data-trk=\"{&quot;cta&quot;:{&quot;action&quot;:&quot;https:\\\/\\\/moncompte.actu.fr&quot;,&quot;category&quot;:&quot;mon compte&quot;,&quot;from&quot;:&quot;article footer&quot;,&quot;name&quot;:&quot;Mon actu&quot;,&quot;type&quot;:&quot;cta&quot;}}\" target=\"_blank\">Mon Actu<\/a>.<\/p>\n","protected":false},"excerpt":{"rendered":"Par R\u00e9daction La Presse de la Manche Publi\u00e9 le 25 oct. 2025 \u00e0 10h27 Apr\u00e8s avoir successivement \u00e9limin\u00e9&hellip;\n","protected":false},"author":2,"featured_media":491081,"comment_status":"","ping_status":"","sticky":false,"template":"","format":"standard","meta":{"footnotes":""},"categories":[9587],"tags":[1111,11,3168,1777,674,25068,63,1011,27,12,5161,25,9590,60],"class_list":{"0":"post-491080","1":"post","2":"type-post","3":"status-publish","4":"format-standard","5":"has-post-thumbnail","7":"category-rouen","8":"tag-actu","9":"tag-actualites","10":"tag-cotentin","11":"tag-eu","12":"tag-europe","13":"tag-foot-normandie","14":"tag-football","15":"tag-fr","16":"tag-france","17":"tag-news","18":"tag-normandie","19":"tag-republique-francaise","20":"tag-rouen","21":"tag-sports"},"share_on_mastodon":{"url":"https:\/\/pubeurope.com\/@fr\/115440290524198453","error":""},"_links":{"self":[{"href":"https:\/\/www.europesays.com\/fr\/wp-json\/wp\/v2\/posts\/491080","targetHints":{"allow":["GET"]}}],"collection":[{"href":"https:\/\/www.europesays.com\/fr\/wp-json\/wp\/v2\/posts"}],"about":[{"href":"https:\/\/www.europesays.com\/fr\/wp-json\/wp\/v2\/types\/post"}],"author":[{"embeddable":true,"href":"https:\/\/www.europesays.com\/fr\/wp-json\/wp\/v2\/users\/2"}],"replies":[{"embeddable":true,"href":"https:\/\/www.europesays.com\/fr\/wp-json\/wp\/v2\/comments?post=491080"}],"version-history":[{"count":0,"href":"https:\/\/www.europesays.com\/fr\/wp-json\/wp\/v2\/posts\/491080\/revisions"}],"wp:featuredmedia":[{"embeddable":true,"href":"https:\/\/www.europesays.com\/fr\/wp-json\/wp\/v2\/media\/491081"}],"wp:attachment":[{"href":"https:\/\/www.europesays.com\/fr\/wp-json\/wp\/v2\/media?parent=491080"}],"wp:term":[{"taxonomy":"category","embeddable":true,"href":"https:\/\/www.europesays.com\/fr\/wp-json\/wp\/v2\/categories?post=491080"},{"taxonomy":"post_tag","embeddable":true,"href":"https:\/\/www.europesays.com\/fr\/wp-json\/wp\/v2\/tags?post=491080"}],"curies":[{"name":"wp","href":"https:\/\/api.w.org\/{rel}","templated":true}]}}